{"id":30467,"date":"2022-05-11T11:21:57","date_gmt":"2022-05-11T09:21:57","guid":{"rendered":"https:\/\/www.barcelonesa.com\/blog\/el-equipo-de-barcelonesa-portugal\/"},"modified":"2022-10-06T17:30:53","modified_gmt":"2022-10-06T15:30:53","slug":"equip-barcelonesa-portugal","status":"publish","type":"post","link":"https:\/\/www.barcelonesa.com\/ca\/blog\/equip-barcelonesa-portugal\/","title":{"rendered":"L&#8217;equip de Barcelonesa Portugal"},"content":{"rendered":"<p>La ind\u00fastria qu\u00edmica portuguesa ha prosperat en els darrers anys.<\/p>\n<p>Alhora que l&#8217;economia s&#8217;ha recuperat, ha mostrat una gran tend\u00e8ncia exportadora de productes qu\u00edmics.<\/p>\n<p>Gr\u00e0cies a aquesta din\u00e0mica a l&#8217;al\u00e7a, Barcelona <strong>ha apostat estrat\u00e8gicament per l&#8217;\u00e0rea de Portugal<\/strong> i compta amb un equip que opera principalment en aquesta zona. .<\/p>\n<p>Vols con\u00e8ixer millor la nostra estrat\u00e8gia a terres lusites?<\/p>\n<p>Doncs segueix llegint, perqu\u00e8 t&#8217;expliquem m\u00e9s sobre el nostre equip Barcelonesa Portugal en aquest post.<\/p>\n<h2><strong><span lang=\"es\">Et posem en context: l&#8217;inici de Barcelonesa a Portugal<\/span><\/strong><\/h2>\n<p>Grup Barcelonesa <strong>va comen\u00e7ar la seva activitat a Portugal l&#8217;any 2011<\/strong>.<\/p>\n<p>Durant la seva etapa de creixement i consolidaci\u00f3, la decisi\u00f3 comercial va ser unir Portugal amb la comunitat aut\u00f2noma de Gal\u00edcia, anomenant aquesta zona PTGAL.<\/p>\n<p>El perqu\u00e8 es va dur a terme aquesta uni\u00f3 va ser una q\u00fcesti\u00f3 estrat\u00e8gica:<\/p>\n<ul>\n<li><span style=\"font-size: 16px;\">Les ind\u00fastries d&#8217;aquestes dues regions han estat unides durant anys.<\/span><\/li>\n<li><span style=\"font-size: 16px;\">Comparteixen, a m\u00e9s, gran part de la legislaci\u00f3, ja que les dues zones pertanyen a la Uni\u00f3 Europea.<\/span><\/li>\n<li><span style=\"font-size: 16px;\">Aquesta uni\u00f3 ens permet operar de manera m\u00e9s uniforme i oferir un servei log\u00edstic i comercial adequat.<\/span><\/li>\n<li><span style=\"font-size: 16px;\">Disposem d&#8217;un magatzem propi situat estrat\u00e8gicament a Porto &#8211; Santo Tirso, a mig cam\u00ed entre La Corunya i Set\u00fabal (a Portugal). Gr\u00e0cies a aix\u00f2, podem oferir un millor servei als nostres clients aprofitant tota la xarxa de carreteres i el Port de Leixoes. <\/span><\/li>\n<\/ul>\n<p>Aquesta zona conjunta est\u00e0 composta per un mercat de 13 milions de persones en una \u00e0rea de 120.000 km\u00b2 que correspon ni m\u00e9s ni menys que al 20% de la Pen\u00ednsula Ib\u00e8rica.<\/p>\n<p>Per tot aix\u00f2 comptem amb un pla d&#8217;acci\u00f3 orientat al creixement de la nostra filial a Portugal, amb grans perspectives de futur.<\/p>\n<p>Tot seguit et parlarem m\u00e9s del nostre equip hum\u00e0 despr\u00e9s de Barcelonesa PTGAL.<\/p>\n<h2><strong><span lang=\"es\">La filial portuguesa de Barcelonesa<\/span><\/strong><\/h2>\n<p>A Barcelonesa oferim un gran suport al nostre equip a Portugal.<\/p>\n<p>I per garantir el bon funcionament de la filial portuguesa, aquestes s\u00f3n les actuacions que hem dut a terme:<\/p>\n<ul>\n<li><span style=\"font-size: 16px;\"><strong>Proximitat gr\u00e0cies a un equip ubicat in-situ<\/strong>: tenim una gran part del nostre equip tant a Portugal com a Gal\u00edcia. Aix\u00f2 ens permet oferir un millor servei i tenir capacitat de resposta a qualsevol problema que sorgeixi en el lloc i al moment. A m\u00e9s, aquest equip entendr\u00e0 millor la zona i totes les seves particularitats, ja que treballen sobre el terreny.<\/span><\/li>\n<li><span style=\"font-size: 16px;\"><strong>Suport de l&#8217;equip extern<\/strong>: comptem amb altres integrants de l&#8217;equip de Barcelonesa que, encara que no s\u00f3n al lloc, es desplacen fins all\u00e0 sempre que sigui important o necessari.<\/span><\/li>\n<li><span style=\"font-size: 16px;\"><strong>Un equip amb especialistes<\/strong>: dins del nostre equip comptem amb especialistes de cada sector concret.<\/span><\/li>\n<li><span style=\"font-size: 16px;\"><strong>Apliquem el nostre propi know how<\/strong>: en posseir especialistes que abasten diferents sectors, comptem amb coneixements que aplicats de forma pr\u00e0ctica ens porten a l&#8217;\u00e8xit dins de l&#8217;empresa.<\/span><\/li>\n<li><span style=\"font-size: 16px;\"><strong>Un equip de m\u00e9s de 300 persones<\/strong>: on hi ha experts de producte (o product managers), un equip de QSHE (Quality, Safety, Health &amp; Environment) i un equip comercial, entre molts d&#8217;altres.<\/span><\/li>\n<\/ul>\n<p><span style=\"font-size: 16px;\">En definitiva, <\/span><strong style=\"font-size: 16px;\">a Barcelonesa ens hem fet amb un equip dedicat i eficient, que est\u00e0 disposat a aprofitar totes les oportunitats que puguin sorgir a Portugal.<\/strong><\/p>\n<h2><strong><span lang=\"es\">La part m\u00e9s humana de la nostra filial<\/span><\/strong><\/h2>\n<p>Entrem una mica m\u00e9s detalladament.<\/p>\n<p>Perqu\u00e8 darrere del nostre equip hi ha noms i cares. I volem que els coneguis juntament amb els seus rols a Barcelonesa PTGAL i les seves respectives especialitats.<\/p>\n<p><img fetchpriority=\"high\" decoding=\"async\" class=\"alignnone wp-image-32068 size-full\" src=\"https:\/\/www.barcelonesa.com\/wp-content\/uploads\/2022\/05\/equipo-pt-gal.png\" alt=\"\" width=\"1024\" height=\"576\" srcset=\"https:\/\/www.barcelonesa.com\/wp-content\/uploads\/2022\/05\/equipo-pt-gal.png 1024w, https:\/\/www.barcelonesa.com\/wp-content\/uploads\/2022\/05\/equipo-pt-gal-300x169.png 300w, https:\/\/www.barcelonesa.com\/wp-content\/uploads\/2022\/05\/equipo-pt-gal-768x432.png 768w\" sizes=\"(max-width: 1024px) 100vw, 1024px\" \/><\/p>\n<ul>\n<li><strong><em>Country Manager <\/em><\/strong><strong>Portugal: <\/strong>Pedro Alves.<\/li>\n<li><strong><em>Back Office<\/em> de Portugal i Gal\u00edcia: <\/strong>Nicole Mogendorff.<\/li>\n<li><strong><em>Sales Development Specialist <\/em>Portugal i Gal\u00edcia:<\/strong> Ricardo Fonseca.<\/li>\n<li><strong><em>Sales Development Specialist <\/em>Portugal i Gal\u00edcia: <\/strong>Manuela Martins.<\/li>\n<li><strong>Gestor de clients de Gal\u00edcia (BUM <em>surface Treatment<\/em>):<\/strong> Albert Garc\u00eda.<\/li>\n<li><strong>Gestora de clients de Gal\u00edcia (Food Specialist): <\/strong>Laia Muns.<\/li>\n<li><strong>Gestor de clients Portugal i Gal\u00edcia:<\/strong> Javier Ontoso.<\/li>\n<li><strong>Gestor de clients Portugal i Gal\u00edcia (<em>Water treatment<\/em>):<\/strong> Jordi Vaquero.<\/li>\n<li><strong>Gestora de clients Portugal i Gal\u00edcia (BDM <\/strong><strong><em>Polyurethanes<\/em><\/strong><strong>):<\/strong> M\u00f3nica Fabra.<\/li>\n<li><strong>Gestor de clients Portugal i Gal\u00edcia (<em>Feed Specialist<\/em>):<\/strong> Joan Plana.<\/li>\n<\/ul>\n<p>Com veus, comptem amb un assortit equip, disposat a portar Barcelonesa a un lloc ressenyable dins del mercat qu\u00edmic portugu\u00e8s.<\/p>\n<h2><strong><span lang=\"es\">Barcelonesa a Portugal: una de les nostres grans apostes<\/span><\/strong><\/h2>\n<p>\u00c9s clar que operar a la zona PTGAL \u00e9s una de les grans apostes del nostre grup.<\/p>\n<p>Pensem que aquesta \u00e0rea ofereix grans possibilitats de creixement, partint d&#8217;una economia estable i moltes opcions d&#8217;exportaci\u00f3 de productes. A m\u00e9s, PTGAL <strong>conforma al voltant del 7% del volum de negoci de Barcelonesa<\/strong>.<\/p>\n<p>I el nostre objectiu \u00e9s que arribi al 10% d&#8217;aqu\u00ed a tres anys.<\/p>\n<p>Es tracta, doncs, d&#8217;una estrat\u00e8gia que tenim en compte per potenciar tant els mercats tradicionals com aquells emergents (energies, bioqu\u00edmica, medi ambient, etc.). I per aix\u00f2 comptem amb plans d&#8217;acci\u00f3 espec\u00edfics.<\/p>\n<p>Si vols saber m\u00e9s sobre Barcelonesa o sobre els nostres productes i serveis a PTGAL, t&#8217;animem a que contactis amb nosaltres emplenant el formulari de contacte.<\/p>\n<p>Estarem encantats de respondre els teus dubtes.<\/p>\n","protected":false},"excerpt":{"rendered":"<p>La ind\u00fastria qu\u00edmica portuguesa ha prosperat en els darrers anys. Alhora que l&#8217;economia s&#8217;ha recuperat, ha mostrat una gran tend\u00e8ncia exportadora de productes qu\u00edmics. Gr\u00e0cies a aquesta din\u00e0mica a l&#8217;al\u00e7a, Barcelona ha apostat estrat\u00e8gicament per l&#8217;\u00e0rea de Portugal i compta amb un equip que opera principalment en aquesta zona. . Vols con\u00e8ixer millor la nostra [&hellip;]<\/p>\n","protected":false},"author":16,"featured_media":30339,"comment_status":"closed","ping_status":"open","sticky":false,"template":"","format":"standard","meta":{"_acf_changed":false,"site-sidebar-layout":"default","site-content-layout":"default","ast-site-content-layout":"","site-content-style":"default","site-sidebar-style":"default","ast-global-header-display":"","ast-banner-title-visibility":"","ast-main-header-display":"","ast-hfb-above-header-display":"","ast-hfb-below-header-display":"","ast-hfb-mobile-header-display":"","site-post-title":"","ast-breadcrumbs-content":"","ast-featured-img":"","footer-sml-layout":"","theme-transparent-header-meta":"default","adv-header-id-meta":"","stick-header-meta":"","header-above-stick-meta":"","header-main-stick-meta":"","header-below-stick-meta":"","astra-migrate-meta-layouts":"default","ast-page-background-enabled":"default","ast-page-background-meta":{"desktop":{"background-color":"var(--ast-global-color-4)","background-image":"","background-repeat":"repeat","background-position":"center center","background-size":"auto","background-attachment":"scroll","background-type":"","background-media":"","overlay-type":"","overlay-color":"","overlay-opacity":"","overlay-gradient":""},"tablet":{"background-color":"","background-image":"","background-repeat":"repeat","background-position":"center center","background-size":"auto","background-attachment":"scroll","background-type":"","background-media":"","overlay-type":"","overlay-color":"","overlay-opacity":"","overlay-gradient":""},"mobile":{"background-color":"","background-image":"","background-repeat":"repeat","background-position":"center center","background-size":"auto","background-attachment":"scroll","background-type":"","background-media":"","overlay-type":"","overlay-color":"","overlay-opacity":"","overlay-gradient":""}},"ast-content-background-meta":{"desktop":{"background-color":"var(--ast-global-color-5)","background-image":"","background-repeat":"repeat","background-position":"center center","background-size":"auto","background-attachment":"scroll","background-type":"","background-media":"","overlay-type":"","overlay-color":"","overlay-opacity":"","overlay-gradient":""},"tablet":{"background-color":"var(--ast-global-color-5)","background-image":"","background-repeat":"repeat","background-position":"center center","background-size":"auto","background-attachment":"scroll","background-type":"","background-media":"","overlay-type":"","overlay-color":"","overlay-opacity":"","overlay-gradient":""},"mobile":{"background-color":"var(--ast-global-color-5)","background-image":"","background-repeat":"repeat","background-position":"center center","background-size":"auto","background-attachment":"scroll","background-type":"","background-media":"","overlay-type":"","overlay-color":"","overlay-opacity":"","overlay-gradient":""}},"footnotes":""},"categories":[1200],"tags":[],"class_list":["post-30467","post","type-post","status-publish","format-standard","has-post-thumbnail","hentry","category-grup-barcelonesa-ca"],"acf":[],"yoast_head":"<!-- This site is optimized with the Yoast SEO plugin v27.2 - https:\/\/yoast.com\/product\/yoast-seo-wordpress\/ -->\n<title>L&#039;equip de Barcelonesa Portugal - Barcelonesa<\/title>\n<meta name=\"robots\" content=\"index, follow, max-snippet:-1, max-image-preview:large, max-video-preview:-1\" \/>\n<link rel=\"canonical\" href=\"https:\/\/www.barcelonesa.com\/ca\/blog\/equip-barcelonesa-portugal\/\" \/>\n<meta property=\"og:locale\" content=\"ca_ES\" \/>\n<meta property=\"og:type\" content=\"article\" \/>\n<meta property=\"og:title\" content=\"L&#039;equip de Barcelonesa Portugal - Barcelonesa\" \/>\n<meta property=\"og:description\" content=\"La ind\u00fastria qu\u00edmica portuguesa ha prosperat en els darrers anys. Alhora que l&#8217;economia s&#8217;ha recuperat, ha mostrat una gran tend\u00e8ncia exportadora de productes qu\u00edmics. Gr\u00e0cies a aquesta din\u00e0mica a l&#8217;al\u00e7a, Barcelona ha apostat estrat\u00e8gicament per l&#8217;\u00e0rea de Portugal i compta amb un equip que opera principalment en aquesta zona. . Vols con\u00e8ixer millor la nostra [&hellip;]\" \/>\n<meta property=\"og:url\" content=\"https:\/\/www.barcelonesa.com\/ca\/blog\/equip-barcelonesa-portugal\/\" \/>\n<meta property=\"og:site_name\" content=\"Barcelonesa\" \/>\n<meta property=\"article:published_time\" content=\"2022-05-11T09:21:57+00:00\" \/>\n<meta property=\"article:modified_time\" content=\"2022-10-06T15:30:53+00:00\" \/>\n<meta property=\"og:image\" content=\"https:\/\/www.barcelonesa.com\/wp-content\/uploads\/2022\/05\/2-2.png\" \/>\n\t<meta property=\"og:image:width\" content=\"1200\" \/>\n\t<meta property=\"og:image:height\" content=\"600\" \/>\n\t<meta property=\"og:image:type\" content=\"image\/png\" \/>\n<meta name=\"author\" content=\"Barcelonesa\" \/>\n<meta name=\"twitter:card\" content=\"summary_large_image\" \/>\n<meta name=\"twitter:label1\" content=\"Escrit per\" \/>\n\t<meta name=\"twitter:data1\" content=\"Barcelonesa\" \/>\n\t<meta name=\"twitter:label2\" content=\"Temps estimat de lectura\" \/>\n\t<meta name=\"twitter:data2\" content=\"4 minuts\" \/>\n<script type=\"application\/ld+json\" class=\"yoast-schema-graph\">{\"@context\":\"https:\/\/schema.org\",\"@graph\":[{\"@type\":\"Article\",\"@id\":\"https:\/\/www.barcelonesa.com\/ca\/blog\/equip-barcelonesa-portugal\/#article\",\"isPartOf\":{\"@id\":\"https:\/\/www.barcelonesa.com\/ca\/blog\/equip-barcelonesa-portugal\/\"},\"author\":{\"name\":\"Barcelonesa\",\"@id\":\"https:\/\/www.barcelonesa.com\/ca\/#\/schema\/person\/82f9fae0b3816b103d36cce5a5b81f8e\"},\"headline\":\"L&#8217;equip de Barcelonesa Portugal\",\"datePublished\":\"2022-05-11T09:21:57+00:00\",\"dateModified\":\"2022-10-06T15:30:53+00:00\",\"mainEntityOfPage\":{\"@id\":\"https:\/\/www.barcelonesa.com\/ca\/blog\/equip-barcelonesa-portugal\/\"},\"wordCount\":871,\"publisher\":{\"@id\":\"https:\/\/www.barcelonesa.com\/ca\/#organization\"},\"image\":{\"@id\":\"https:\/\/www.barcelonesa.com\/ca\/blog\/equip-barcelonesa-portugal\/#primaryimage\"},\"thumbnailUrl\":\"https:\/\/www.barcelonesa.com\/wp-content\/uploads\/2022\/05\/2-2.png\",\"articleSection\":[\"Barcelonesa Group\"],\"inLanguage\":\"ca\"},{\"@type\":\"WebPage\",\"@id\":\"https:\/\/www.barcelonesa.com\/ca\/blog\/equip-barcelonesa-portugal\/\",\"url\":\"https:\/\/www.barcelonesa.com\/ca\/blog\/equip-barcelonesa-portugal\/\",\"name\":\"L'equip de Barcelonesa Portugal - Barcelonesa\",\"isPartOf\":{\"@id\":\"https:\/\/www.barcelonesa.com\/ca\/#website\"},\"primaryImageOfPage\":{\"@id\":\"https:\/\/www.barcelonesa.com\/ca\/blog\/equip-barcelonesa-portugal\/#primaryimage\"},\"image\":{\"@id\":\"https:\/\/www.barcelonesa.com\/ca\/blog\/equip-barcelonesa-portugal\/#primaryimage\"},\"thumbnailUrl\":\"https:\/\/www.barcelonesa.com\/wp-content\/uploads\/2022\/05\/2-2.png\",\"datePublished\":\"2022-05-11T09:21:57+00:00\",\"dateModified\":\"2022-10-06T15:30:53+00:00\",\"breadcrumb\":{\"@id\":\"https:\/\/www.barcelonesa.com\/ca\/blog\/equip-barcelonesa-portugal\/#breadcrumb\"},\"inLanguage\":\"ca\",\"potentialAction\":[{\"@type\":\"ReadAction\",\"target\":[\"https:\/\/www.barcelonesa.com\/ca\/blog\/equip-barcelonesa-portugal\/\"]}]},{\"@type\":\"ImageObject\",\"inLanguage\":\"ca\",\"@id\":\"https:\/\/www.barcelonesa.com\/ca\/blog\/equip-barcelonesa-portugal\/#primaryimage\",\"url\":\"https:\/\/www.barcelonesa.com\/wp-content\/uploads\/2022\/05\/2-2.png\",\"contentUrl\":\"https:\/\/www.barcelonesa.com\/wp-content\/uploads\/2022\/05\/2-2.png\",\"width\":1200,\"height\":600},{\"@type\":\"BreadcrumbList\",\"@id\":\"https:\/\/www.barcelonesa.com\/ca\/blog\/equip-barcelonesa-portugal\/#breadcrumb\",\"itemListElement\":[{\"@type\":\"ListItem\",\"position\":1,\"name\":\"Home\",\"item\":\"https:\/\/www.barcelonesa.com\/ca\/\"},{\"@type\":\"ListItem\",\"position\":2,\"name\":\"L&#8217;equip de Barcelonesa Portugal\"}]},{\"@type\":\"WebSite\",\"@id\":\"https:\/\/www.barcelonesa.com\/ca\/#website\",\"url\":\"https:\/\/www.barcelonesa.com\/ca\/\",\"name\":\"Barcelonesa\",\"description\":\"Tu partner global de productos y especialidades qu\u00edmicas, est\u00e9s donde est\u00e9s.\",\"publisher\":{\"@id\":\"https:\/\/www.barcelonesa.com\/ca\/#organization\"},\"potentialAction\":[{\"@type\":\"SearchAction\",\"target\":{\"@type\":\"EntryPoint\",\"urlTemplate\":\"https:\/\/www.barcelonesa.com\/ca\/?s={search_term_string}\"},\"query-input\":{\"@type\":\"PropertyValueSpecification\",\"valueRequired\":true,\"valueName\":\"search_term_string\"}}],\"inLanguage\":\"ca\"},{\"@type\":\"Organization\",\"@id\":\"https:\/\/www.barcelonesa.com\/ca\/#organization\",\"name\":\"Barcelonesa\",\"url\":\"https:\/\/www.barcelonesa.com\/ca\/\",\"logo\":{\"@type\":\"ImageObject\",\"inLanguage\":\"ca\",\"@id\":\"https:\/\/www.barcelonesa.com\/ca\/#\/schema\/logo\/image\/\",\"url\":\"https:\/\/www.barcelonesa.com\/wp-content\/uploads\/2023\/09\/logo_header.svg\",\"contentUrl\":\"https:\/\/www.barcelonesa.com\/wp-content\/uploads\/2023\/09\/logo_header.svg\",\"width\":230,\"height\":44,\"caption\":\"Barcelonesa\"},\"image\":{\"@id\":\"https:\/\/www.barcelonesa.com\/ca\/#\/schema\/logo\/image\/\"},\"sameAs\":[\"https:\/\/www.linkedin.com\/company\/barcelonesa-chemicals\"]},{\"@type\":\"Person\",\"@id\":\"https:\/\/www.barcelonesa.com\/ca\/#\/schema\/person\/82f9fae0b3816b103d36cce5a5b81f8e\",\"name\":\"Barcelonesa\",\"image\":{\"@type\":\"ImageObject\",\"inLanguage\":\"ca\",\"@id\":\"https:\/\/www.barcelonesa.com\/wp-content\/uploads\/2023\/11\/B-Simbolo-Green-2-96x96.png\",\"url\":\"https:\/\/www.barcelonesa.com\/wp-content\/uploads\/2023\/11\/B-Simbolo-Green-2-96x96.png\",\"contentUrl\":\"https:\/\/www.barcelonesa.com\/wp-content\/uploads\/2023\/11\/B-Simbolo-Green-2-96x96.png\",\"caption\":\"Barcelonesa\"},\"url\":\"https:\/\/www.barcelonesa.com\/ca\/author\/barcelonesa\/\"}]}<\/script>\n<!-- \/ Yoast SEO plugin. -->","yoast_head_json":{"title":"L'equip de Barcelonesa Portugal - Barcelonesa","robots":{"index":"index","follow":"follow","max-snippet":"max-snippet:-1","max-image-preview":"max-image-preview:large","max-video-preview":"max-video-preview:-1"},"canonical":"https:\/\/www.barcelonesa.com\/ca\/blog\/equip-barcelonesa-portugal\/","og_locale":"ca_ES","og_type":"article","og_title":"L'equip de Barcelonesa Portugal - Barcelonesa","og_description":"La ind\u00fastria qu\u00edmica portuguesa ha prosperat en els darrers anys. Alhora que l&#8217;economia s&#8217;ha recuperat, ha mostrat una gran tend\u00e8ncia exportadora de productes qu\u00edmics. Gr\u00e0cies a aquesta din\u00e0mica a l&#8217;al\u00e7a, Barcelona ha apostat estrat\u00e8gicament per l&#8217;\u00e0rea de Portugal i compta amb un equip que opera principalment en aquesta zona. . Vols con\u00e8ixer millor la nostra [&hellip;]","og_url":"https:\/\/www.barcelonesa.com\/ca\/blog\/equip-barcelonesa-portugal\/","og_site_name":"Barcelonesa","article_published_time":"2022-05-11T09:21:57+00:00","article_modified_time":"2022-10-06T15:30:53+00:00","og_image":[{"width":1200,"height":600,"url":"https:\/\/www.barcelonesa.com\/wp-content\/uploads\/2022\/05\/2-2.png","type":"image\/png"}],"author":"Barcelonesa","twitter_card":"summary_large_image","twitter_misc":{"Escrit per":"Barcelonesa","Temps estimat de lectura":"4 minuts"},"schema":{"@context":"https:\/\/schema.org","@graph":[{"@type":"Article","@id":"https:\/\/www.barcelonesa.com\/ca\/blog\/equip-barcelonesa-portugal\/#article","isPartOf":{"@id":"https:\/\/www.barcelonesa.com\/ca\/blog\/equip-barcelonesa-portugal\/"},"author":{"name":"Barcelonesa","@id":"https:\/\/www.barcelonesa.com\/ca\/#\/schema\/person\/82f9fae0b3816b103d36cce5a5b81f8e"},"headline":"L&#8217;equip de Barcelonesa Portugal","datePublished":"2022-05-11T09:21:57+00:00","dateModified":"2022-10-06T15:30:53+00:00","mainEntityOfPage":{"@id":"https:\/\/www.barcelonesa.com\/ca\/blog\/equip-barcelonesa-portugal\/"},"wordCount":871,"publisher":{"@id":"https:\/\/www.barcelonesa.com\/ca\/#organization"},"image":{"@id":"https:\/\/www.barcelonesa.com\/ca\/blog\/equip-barcelonesa-portugal\/#primaryimage"},"thumbnailUrl":"https:\/\/www.barcelonesa.com\/wp-content\/uploads\/2022\/05\/2-2.png","articleSection":["Barcelonesa Group"],"inLanguage":"ca"},{"@type":"WebPage","@id":"https:\/\/www.barcelonesa.com\/ca\/blog\/equip-barcelonesa-portugal\/","url":"https:\/\/www.barcelonesa.com\/ca\/blog\/equip-barcelonesa-portugal\/","name":"L'equip de Barcelonesa Portugal - Barcelonesa","isPartOf":{"@id":"https:\/\/www.barcelonesa.com\/ca\/#website"},"primaryImageOfPage":{"@id":"https:\/\/www.barcelonesa.com\/ca\/blog\/equip-barcelonesa-portugal\/#primaryimage"},"image":{"@id":"https:\/\/www.barcelonesa.com\/ca\/blog\/equip-barcelonesa-portugal\/#primaryimage"},"thumbnailUrl":"https:\/\/www.barcelonesa.com\/wp-content\/uploads\/2022\/05\/2-2.png","datePublished":"2022-05-11T09:21:57+00:00","dateModified":"2022-10-06T15:30:53+00:00","breadcrumb":{"@id":"https:\/\/www.barcelonesa.com\/ca\/blog\/equip-barcelonesa-portugal\/#breadcrumb"},"inLanguage":"ca","potentialAction":[{"@type":"ReadAction","target":["https:\/\/www.barcelonesa.com\/ca\/blog\/equip-barcelonesa-portugal\/"]}]},{"@type":"ImageObject","inLanguage":"ca","@id":"https:\/\/www.barcelonesa.com\/ca\/blog\/equip-barcelonesa-portugal\/#primaryimage","url":"https:\/\/www.barcelonesa.com\/wp-content\/uploads\/2022\/05\/2-2.png","contentUrl":"https:\/\/www.barcelonesa.com\/wp-content\/uploads\/2022\/05\/2-2.png","width":1200,"height":600},{"@type":"BreadcrumbList","@id":"https:\/\/www.barcelonesa.com\/ca\/blog\/equip-barcelonesa-portugal\/#breadcrumb","itemListElement":[{"@type":"ListItem","position":1,"name":"Home","item":"https:\/\/www.barcelonesa.com\/ca\/"},{"@type":"ListItem","position":2,"name":"L&#8217;equip de Barcelonesa Portugal"}]},{"@type":"WebSite","@id":"https:\/\/www.barcelonesa.com\/ca\/#website","url":"https:\/\/www.barcelonesa.com\/ca\/","name":"Barcelonesa","description":"Tu partner global de productos y especialidades qu\u00edmicas, est\u00e9s donde est\u00e9s.","publisher":{"@id":"https:\/\/www.barcelonesa.com\/ca\/#organization"},"potentialAction":[{"@type":"SearchAction","target":{"@type":"EntryPoint","urlTemplate":"https:\/\/www.barcelonesa.com\/ca\/?s={search_term_string}"},"query-input":{"@type":"PropertyValueSpecification","valueRequired":true,"valueName":"search_term_string"}}],"inLanguage":"ca"},{"@type":"Organization","@id":"https:\/\/www.barcelonesa.com\/ca\/#organization","name":"Barcelonesa","url":"https:\/\/www.barcelonesa.com\/ca\/","logo":{"@type":"ImageObject","inLanguage":"ca","@id":"https:\/\/www.barcelonesa.com\/ca\/#\/schema\/logo\/image\/","url":"https:\/\/www.barcelonesa.com\/wp-content\/uploads\/2023\/09\/logo_header.svg","contentUrl":"https:\/\/www.barcelonesa.com\/wp-content\/uploads\/2023\/09\/logo_header.svg","width":230,"height":44,"caption":"Barcelonesa"},"image":{"@id":"https:\/\/www.barcelonesa.com\/ca\/#\/schema\/logo\/image\/"},"sameAs":["https:\/\/www.linkedin.com\/company\/barcelonesa-chemicals"]},{"@type":"Person","@id":"https:\/\/www.barcelonesa.com\/ca\/#\/schema\/person\/82f9fae0b3816b103d36cce5a5b81f8e","name":"Barcelonesa","image":{"@type":"ImageObject","inLanguage":"ca","@id":"https:\/\/www.barcelonesa.com\/wp-content\/uploads\/2023\/11\/B-Simbolo-Green-2-96x96.png","url":"https:\/\/www.barcelonesa.com\/wp-content\/uploads\/2023\/11\/B-Simbolo-Green-2-96x96.png","contentUrl":"https:\/\/www.barcelonesa.com\/wp-content\/uploads\/2023\/11\/B-Simbolo-Green-2-96x96.png","caption":"Barcelonesa"},"url":"https:\/\/www.barcelonesa.com\/ca\/author\/barcelonesa\/"}]}},"_links":{"self":[{"href":"https:\/\/www.barcelonesa.com\/ca\/wp-json\/wp\/v2\/posts\/30467","targetHints":{"allow":["GET"]}}],"collection":[{"href":"https:\/\/www.barcelonesa.com\/ca\/wp-json\/wp\/v2\/posts"}],"about":[{"href":"https:\/\/www.barcelonesa.com\/ca\/wp-json\/wp\/v2\/types\/post"}],"author":[{"embeddable":true,"href":"https:\/\/www.barcelonesa.com\/ca\/wp-json\/wp\/v2\/users\/16"}],"replies":[{"embeddable":true,"href":"https:\/\/www.barcelonesa.com\/ca\/wp-json\/wp\/v2\/comments?post=30467"}],"version-history":[{"count":7,"href":"https:\/\/www.barcelonesa.com\/ca\/wp-json\/wp\/v2\/posts\/30467\/revisions"}],"predecessor-version":[{"id":32076,"href":"https:\/\/www.barcelonesa.com\/ca\/wp-json\/wp\/v2\/posts\/30467\/revisions\/32076"}],"wp:featuredmedia":[{"embeddable":true,"href":"https:\/\/www.barcelonesa.com\/ca\/wp-json\/wp\/v2\/media\/30339"}],"wp:attachment":[{"href":"https:\/\/www.barcelonesa.com\/ca\/wp-json\/wp\/v2\/media?parent=30467"}],"wp:term":[{"taxonomy":"category","embeddable":true,"href":"https:\/\/www.barcelonesa.com\/ca\/wp-json\/wp\/v2\/categories?post=30467"},{"taxonomy":"post_tag","embeddable":true,"href":"https:\/\/www.barcelonesa.com\/ca\/wp-json\/wp\/v2\/tags?post=30467"}],"curies":[{"name":"wp","href":"https:\/\/api.w.org\/{rel}","templated":true}]}}