{"id":32140,"date":"2022-10-05T18:26:49","date_gmt":"2022-10-05T16:26:49","guid":{"rendered":"https:\/\/www.barcelonesa.com\/blog\/la-division-de-coatings-presentara-su-gama-de-productos-en-la-paint-coatings-2022\/"},"modified":"2022-10-18T10:08:13","modified_gmt":"2022-10-18T08:08:13","slug":"la-divisio-de-coatings-presentara-la-seva-gamma-de-productes-a-la-paint-coatings-2022","status":"publish","type":"post","link":"https:\/\/www.barcelonesa.com\/ca\/blog\/la-divisio-de-coatings-presentara-la-seva-gamma-de-productes-a-la-paint-coatings-2022\/","title":{"rendered":"La divisi\u00f3 de Coatings presentar\u00e0 la seva gamma de productes a Paint &#038; Coatings 2022"},"content":{"rendered":"<p>La divisi\u00f3 de Coatings de Barcelonesa estar\u00e0 present amb estand propi a la fira Paint &amp; Coatings 2022 que tindr\u00e0 lloc a la Fira Barcelona els pr\u00f2xims 15 i 16 de novembre.<\/p>\n<p>Aquesta fira es centra en les tecnologies de pintures i tractament de superf\u00edcies, oferint als assistents l&#8217;oportunitat de descobrir noves idees, trobar respostes a desafiaments t\u00e8cnics i informaci\u00f3 de valor. \u00c9s una fira enfocada a la innovaci\u00f3, desenvolupament, fabricaci\u00f3 i subministrament de pintures, recobriments, adhesius i empreses relacionades amb el sector.<\/p>\n<p>El nostre equip presentar\u00e0 la nostra gamma de productes i t&#8217;ajudar\u00e0 a resoldre els dubtes que puguis tenir. Alguns dels productes que presentarem durant la fira s\u00f3n:<\/p>\n<ul>\n<li>Additius de formulaci\u00f3 per a pintura l\u00edquida o powder coatings<\/li>\n<li>Resines<\/li>\n<li>Cel\u00b7luloses<\/li>\n<li>Enduridors Epoxi<\/li>\n<li>Diluents reactius epoxi<\/li>\n<li>Dissolvents<\/li>\n<\/ul>\n<p>La fira tindr\u00e0 lloc els dies 15 i 16 de Novembre en la\u00a0Fira\u00a0Barcelona, pavell\u00f3 Itali\u00e0. L&#8217;assist\u00e8ncia \u00e9s gratu\u00efta i l&#8217;horari de visita per a cada dia \u00e9s el seg\u00fcent:<\/p>\n<ul>\n<li>Dimarts 15 de novembre de 9:00h a 18:00h<\/li>\n<li>Dimecres 16 de novembre de 9:00h\u00a0a 17:30h<\/li>\n<\/ul>\n<p>Podr\u00e0s trobar-nos a l&#8217;estand 221, a continuaci\u00f3 compartim un pla amb els accessos al recinte:<\/p>\n<p><img fetchpriority=\"high\" decoding=\"async\" class=\"wp-image-32031 size-thumbnail aligncenter\" src=\"https:\/\/www.barcelonesa.com\/wp-content\/uploads\/2022\/10\/Venue-1370x972-1-500x300.jpg\" alt=\"\" width=\"500\" height=\"300\" \/><\/p>\n<p>Si necessites m\u00e9s informaci\u00f3 o que et facilitem alguna invitaci\u00f3, no dubtis a <a href=\"https:\/\/www.barcelonesa.com\/ca\/sectors\/coatings\/#form-contacto\">contactar amb nosaltres<\/a>.<\/p>\n","protected":false},"excerpt":{"rendered":"<p>La divisi\u00f3 de Coatings de Barcelonesa estar\u00e0 present amb estand propi a la fira Paint &amp; Coatings 2022 que tindr\u00e0 lloc a la Fira Barcelona els pr\u00f2xims 15 i 16 de novembre. Aquesta fira es centra en les tecnologies de pintures i tractament de superf\u00edcies, oferint als assistents l&#8217;oportunitat de descobrir noves idees, trobar respostes [&hellip;]<\/p>\n","protected":false},"author":16,"featured_media":32052,"comment_status":"closed","ping_status":"open","sticky":false,"template":"","format":"standard","meta":{"_acf_changed":false,"site-sidebar-layout":"default","site-content-layout":"default","ast-site-content-layout":"","site-content-style":"default","site-sidebar-style":"default","ast-global-header-display":"","ast-banner-title-visibility":"","ast-main-header-display":"","ast-hfb-above-header-display":"","ast-hfb-below-header-display":"","ast-hfb-mobile-header-display":"","site-post-title":"","ast-breadcrumbs-content":"","ast-featured-img":"","footer-sml-layout":"","theme-transparent-header-meta":"default","adv-header-id-meta":"","stick-header-meta":"","header-above-stick-meta":"","header-main-stick-meta":"","header-below-stick-meta":"","astra-migrate-meta-layouts":"default","ast-page-background-enabled":"default","ast-page-background-meta":{"desktop":{"background-color":"var(--ast-global-color-4)","background-image":"","background-repeat":"repeat","background-position":"center center","background-size":"auto","background-attachment":"scroll","background-type":"","background-media":"","overlay-type":"","overlay-color":"","overlay-opacity":"","overlay-gradient":""},"tablet":{"background-color":"","background-image":"","background-repeat":"repeat","background-position":"center center","background-size":"auto","background-attachment":"scroll","background-type":"","background-media":"","overlay-type":"","overlay-color":"","overlay-opacity":"","overlay-gradient":""},"mobile":{"background-color":"","background-image":"","background-repeat":"repeat","background-position":"center center","background-size":"auto","background-attachment":"scroll","background-type":"","background-media":"","overlay-type":"","overlay-color":"","overlay-opacity":"","overlay-gradient":""}},"ast-content-background-meta":{"desktop":{"background-color":"var(--ast-global-color-5)","background-image":"","background-repeat":"repeat","background-position":"center center","background-size":"auto","background-attachment":"scroll","background-type":"","background-media":"","overlay-type":"","overlay-color":"","overlay-opacity":"","overlay-gradient":""},"tablet":{"background-color":"var(--ast-global-color-5)","background-image":"","background-repeat":"repeat","background-position":"center center","background-size":"auto","background-attachment":"scroll","background-type":"","background-media":"","overlay-type":"","overlay-color":"","overlay-opacity":"","overlay-gradient":""},"mobile":{"background-color":"var(--ast-global-color-5)","background-image":"","background-repeat":"repeat","background-position":"center center","background-size":"auto","background-attachment":"scroll","background-type":"","background-media":"","overlay-type":"","overlay-color":"","overlay-opacity":"","overlay-gradient":""}},"footnotes":""},"categories":[1212],"tags":[1213],"class_list":["post-32140","post","type-post","status-publish","format-standard","has-post-thumbnail","hentry","category-coatings-ca","tag-paint-coatings-ca"],"acf":[],"yoast_head":"<!-- This site is optimized with the Yoast SEO plugin v27.5 - https:\/\/yoast.com\/product\/yoast-seo-wordpress\/ -->\n<title>La divisi\u00f3 de Coatings presentar\u00e0 la seva gamma de productes a Paint &amp; Coatings 2022 - Barcelonesa<\/title>\n<meta name=\"robots\" content=\"index, follow, max-snippet:-1, max-image-preview:large, max-video-preview:-1\" \/>\n<link rel=\"canonical\" href=\"https:\/\/www.barcelonesa.com\/ca\/blog\/la-divisio-de-coatings-presentara-la-seva-gamma-de-productes-a-la-paint-coatings-2022\/\" \/>\n<meta property=\"og:locale\" content=\"ca_ES\" \/>\n<meta property=\"og:type\" content=\"article\" \/>\n<meta property=\"og:title\" content=\"La divisi\u00f3 de Coatings presentar\u00e0 la seva gamma de productes a Paint &amp; Coatings 2022 - Barcelonesa\" \/>\n<meta property=\"og:description\" content=\"La divisi\u00f3 de Coatings de Barcelonesa estar\u00e0 present amb estand propi a la fira Paint &amp; Coatings 2022 que tindr\u00e0 lloc a la Fira Barcelona els pr\u00f2xims 15 i 16 de novembre. Aquesta fira es centra en les tecnologies de pintures i tractament de superf\u00edcies, oferint als assistents l&#8217;oportunitat de descobrir noves idees, trobar respostes [&hellip;]\" \/>\n<meta property=\"og:url\" content=\"https:\/\/www.barcelonesa.com\/ca\/blog\/la-divisio-de-coatings-presentara-la-seva-gamma-de-productes-a-la-paint-coatings-2022\/\" \/>\n<meta property=\"og:site_name\" content=\"Barcelonesa\" \/>\n<meta property=\"article:published_time\" content=\"2022-10-05T16:26:49+00:00\" \/>\n<meta property=\"article:modified_time\" content=\"2022-10-18T08:08:13+00:00\" \/>\n<meta property=\"og:image\" content=\"https:\/\/www.barcelonesa.com\/wp-content\/uploads\/2022\/10\/AF-Barcelonesa-Paintcoatings-Linkedin-1200x627-v2@2x-100.jpg\" \/>\n\t<meta property=\"og:image:width\" content=\"2400\" \/>\n\t<meta property=\"og:image:height\" content=\"1255\" \/>\n\t<meta property=\"og:image:type\" content=\"image\/jpeg\" \/>\n<meta name=\"author\" content=\"Barcelonesa\" \/>\n<meta name=\"twitter:card\" content=\"summary_large_image\" \/>\n<meta name=\"twitter:label1\" content=\"Escrit per\" \/>\n\t<meta name=\"twitter:data1\" content=\"Barcelonesa\" \/>\n\t<meta name=\"twitter:label2\" content=\"Temps estimat de lectura\" \/>\n\t<meta name=\"twitter:data2\" content=\"2 minuts\" \/>\n<script type=\"application\/ld+json\" class=\"yoast-schema-graph\">{\"@context\":\"https:\\\/\\\/schema.org\",\"@graph\":[{\"@type\":\"Article\",\"@id\":\"https:\\\/\\\/www.barcelonesa.com\\\/ca\\\/blog\\\/la-divisio-de-coatings-presentara-la-seva-gamma-de-productes-a-la-paint-coatings-2022\\\/#article\",\"isPartOf\":{\"@id\":\"https:\\\/\\\/www.barcelonesa.com\\\/ca\\\/blog\\\/la-divisio-de-coatings-presentara-la-seva-gamma-de-productes-a-la-paint-coatings-2022\\\/\"},\"author\":{\"name\":\"Barcelonesa\",\"@id\":\"https:\\\/\\\/www.barcelonesa.com\\\/ca\\\/#\\\/schema\\\/person\\\/82f9fae0b3816b103d36cce5a5b81f8e\"},\"headline\":\"La divisi\u00f3 de Coatings presentar\u00e0 la seva gamma de productes a Paint &#038; Coatings 2022\",\"datePublished\":\"2022-10-05T16:26:49+00:00\",\"dateModified\":\"2022-10-18T08:08:13+00:00\",\"mainEntityOfPage\":{\"@id\":\"https:\\\/\\\/www.barcelonesa.com\\\/ca\\\/blog\\\/la-divisio-de-coatings-presentara-la-seva-gamma-de-productes-a-la-paint-coatings-2022\\\/\"},\"wordCount\":227,\"publisher\":{\"@id\":\"https:\\\/\\\/www.barcelonesa.com\\\/ca\\\/#organization\"},\"image\":{\"@id\":\"https:\\\/\\\/www.barcelonesa.com\\\/ca\\\/blog\\\/la-divisio-de-coatings-presentara-la-seva-gamma-de-productes-a-la-paint-coatings-2022\\\/#primaryimage\"},\"thumbnailUrl\":\"https:\\\/\\\/www.barcelonesa.com\\\/wp-content\\\/uploads\\\/2022\\\/10\\\/AF-Barcelonesa-Paintcoatings-Linkedin-1200x627-v2@2x-100.jpg\",\"keywords\":[\"Paint &amp; Coatings\"],\"articleSection\":[\"Coatings\"],\"inLanguage\":\"ca\"},{\"@type\":\"WebPage\",\"@id\":\"https:\\\/\\\/www.barcelonesa.com\\\/ca\\\/blog\\\/la-divisio-de-coatings-presentara-la-seva-gamma-de-productes-a-la-paint-coatings-2022\\\/\",\"url\":\"https:\\\/\\\/www.barcelonesa.com\\\/ca\\\/blog\\\/la-divisio-de-coatings-presentara-la-seva-gamma-de-productes-a-la-paint-coatings-2022\\\/\",\"name\":\"La divisi\u00f3 de Coatings presentar\u00e0 la seva gamma de productes a Paint & Coatings 2022 - Barcelonesa\",\"isPartOf\":{\"@id\":\"https:\\\/\\\/www.barcelonesa.com\\\/ca\\\/#website\"},\"primaryImageOfPage\":{\"@id\":\"https:\\\/\\\/www.barcelonesa.com\\\/ca\\\/blog\\\/la-divisio-de-coatings-presentara-la-seva-gamma-de-productes-a-la-paint-coatings-2022\\\/#primaryimage\"},\"image\":{\"@id\":\"https:\\\/\\\/www.barcelonesa.com\\\/ca\\\/blog\\\/la-divisio-de-coatings-presentara-la-seva-gamma-de-productes-a-la-paint-coatings-2022\\\/#primaryimage\"},\"thumbnailUrl\":\"https:\\\/\\\/www.barcelonesa.com\\\/wp-content\\\/uploads\\\/2022\\\/10\\\/AF-Barcelonesa-Paintcoatings-Linkedin-1200x627-v2@2x-100.jpg\",\"datePublished\":\"2022-10-05T16:26:49+00:00\",\"dateModified\":\"2022-10-18T08:08:13+00:00\",\"breadcrumb\":{\"@id\":\"https:\\\/\\\/www.barcelonesa.com\\\/ca\\\/blog\\\/la-divisio-de-coatings-presentara-la-seva-gamma-de-productes-a-la-paint-coatings-2022\\\/#breadcrumb\"},\"inLanguage\":\"ca\",\"potentialAction\":[{\"@type\":\"ReadAction\",\"target\":[\"https:\\\/\\\/www.barcelonesa.com\\\/ca\\\/blog\\\/la-divisio-de-coatings-presentara-la-seva-gamma-de-productes-a-la-paint-coatings-2022\\\/\"]}]},{\"@type\":\"ImageObject\",\"inLanguage\":\"ca\",\"@id\":\"https:\\\/\\\/www.barcelonesa.com\\\/ca\\\/blog\\\/la-divisio-de-coatings-presentara-la-seva-gamma-de-productes-a-la-paint-coatings-2022\\\/#primaryimage\",\"url\":\"https:\\\/\\\/www.barcelonesa.com\\\/wp-content\\\/uploads\\\/2022\\\/10\\\/AF-Barcelonesa-Paintcoatings-Linkedin-1200x627-v2@2x-100.jpg\",\"contentUrl\":\"https:\\\/\\\/www.barcelonesa.com\\\/wp-content\\\/uploads\\\/2022\\\/10\\\/AF-Barcelonesa-Paintcoatings-Linkedin-1200x627-v2@2x-100.jpg\",\"width\":2400,\"height\":1255},{\"@type\":\"BreadcrumbList\",\"@id\":\"https:\\\/\\\/www.barcelonesa.com\\\/ca\\\/blog\\\/la-divisio-de-coatings-presentara-la-seva-gamma-de-productes-a-la-paint-coatings-2022\\\/#breadcrumb\",\"itemListElement\":[{\"@type\":\"ListItem\",\"position\":1,\"name\":\"Home\",\"item\":\"https:\\\/\\\/www.barcelonesa.com\\\/ca\\\/\"},{\"@type\":\"ListItem\",\"position\":2,\"name\":\"La divisi\u00f3 de Coatings presentar\u00e0 la seva gamma de productes a Paint &#038; Coatings 2022\"}]},{\"@type\":\"WebSite\",\"@id\":\"https:\\\/\\\/www.barcelonesa.com\\\/ca\\\/#website\",\"url\":\"https:\\\/\\\/www.barcelonesa.com\\\/ca\\\/\",\"name\":\"Barcelonesa\",\"description\":\"Tu partner global de productos y especialidades qu\u00edmicas, est\u00e9s donde est\u00e9s.\",\"publisher\":{\"@id\":\"https:\\\/\\\/www.barcelonesa.com\\\/ca\\\/#organization\"},\"potentialAction\":[{\"@type\":\"SearchAction\",\"target\":{\"@type\":\"EntryPoint\",\"urlTemplate\":\"https:\\\/\\\/www.barcelonesa.com\\\/ca\\\/?s={search_term_string}\"},\"query-input\":{\"@type\":\"PropertyValueSpecification\",\"valueRequired\":true,\"valueName\":\"search_term_string\"}}],\"inLanguage\":\"ca\"},{\"@type\":\"Organization\",\"@id\":\"https:\\\/\\\/www.barcelonesa.com\\\/ca\\\/#organization\",\"name\":\"Barcelonesa\",\"url\":\"https:\\\/\\\/www.barcelonesa.com\\\/ca\\\/\",\"logo\":{\"@type\":\"ImageObject\",\"inLanguage\":\"ca\",\"@id\":\"https:\\\/\\\/www.barcelonesa.com\\\/ca\\\/#\\\/schema\\\/logo\\\/image\\\/\",\"url\":\"https:\\\/\\\/www.barcelonesa.com\\\/wp-content\\\/uploads\\\/2023\\\/09\\\/logo_header.svg\",\"contentUrl\":\"https:\\\/\\\/www.barcelonesa.com\\\/wp-content\\\/uploads\\\/2023\\\/09\\\/logo_header.svg\",\"width\":230,\"height\":44,\"caption\":\"Barcelonesa\"},\"image\":{\"@id\":\"https:\\\/\\\/www.barcelonesa.com\\\/ca\\\/#\\\/schema\\\/logo\\\/image\\\/\"},\"sameAs\":[\"https:\\\/\\\/www.linkedin.com\\\/company\\\/barcelonesa-chemicals\"]},{\"@type\":\"Person\",\"@id\":\"https:\\\/\\\/www.barcelonesa.com\\\/ca\\\/#\\\/schema\\\/person\\\/82f9fae0b3816b103d36cce5a5b81f8e\",\"name\":\"Barcelonesa\",\"image\":{\"@type\":\"ImageObject\",\"inLanguage\":\"ca\",\"@id\":\"https:\\\/\\\/www.barcelonesa.com\\\/wp-content\\\/uploads\\\/2023\\\/11\\\/B-Simbolo-Green-2-96x96.png\",\"url\":\"https:\\\/\\\/www.barcelonesa.com\\\/wp-content\\\/uploads\\\/2023\\\/11\\\/B-Simbolo-Green-2-96x96.png\",\"contentUrl\":\"https:\\\/\\\/www.barcelonesa.com\\\/wp-content\\\/uploads\\\/2023\\\/11\\\/B-Simbolo-Green-2-96x96.png\",\"caption\":\"Barcelonesa\"},\"url\":\"https:\\\/\\\/www.barcelonesa.com\\\/ca\\\/author\\\/barcelonesa\\\/\"}]}<\/script>\n<!-- \/ Yoast SEO plugin. -->","yoast_head_json":{"title":"La divisi\u00f3 de Coatings presentar\u00e0 la seva gamma de productes a Paint & Coatings 2022 - Barcelonesa","robots":{"index":"index","follow":"follow","max-snippet":"max-snippet:-1","max-image-preview":"max-image-preview:large","max-video-preview":"max-video-preview:-1"},"canonical":"https:\/\/www.barcelonesa.com\/ca\/blog\/la-divisio-de-coatings-presentara-la-seva-gamma-de-productes-a-la-paint-coatings-2022\/","og_locale":"ca_ES","og_type":"article","og_title":"La divisi\u00f3 de Coatings presentar\u00e0 la seva gamma de productes a Paint & Coatings 2022 - Barcelonesa","og_description":"La divisi\u00f3 de Coatings de Barcelonesa estar\u00e0 present amb estand propi a la fira Paint &amp; Coatings 2022 que tindr\u00e0 lloc a la Fira Barcelona els pr\u00f2xims 15 i 16 de novembre. Aquesta fira es centra en les tecnologies de pintures i tractament de superf\u00edcies, oferint als assistents l&#8217;oportunitat de descobrir noves idees, trobar respostes [&hellip;]","og_url":"https:\/\/www.barcelonesa.com\/ca\/blog\/la-divisio-de-coatings-presentara-la-seva-gamma-de-productes-a-la-paint-coatings-2022\/","og_site_name":"Barcelonesa","article_published_time":"2022-10-05T16:26:49+00:00","article_modified_time":"2022-10-18T08:08:13+00:00","og_image":[{"width":2400,"height":1255,"url":"https:\/\/www.barcelonesa.com\/wp-content\/uploads\/2022\/10\/AF-Barcelonesa-Paintcoatings-Linkedin-1200x627-v2@2x-100.jpg","type":"image\/jpeg"}],"author":"Barcelonesa","twitter_card":"summary_large_image","twitter_misc":{"Escrit per":"Barcelonesa","Temps estimat de lectura":"2 minuts"},"schema":{"@context":"https:\/\/schema.org","@graph":[{"@type":"Article","@id":"https:\/\/www.barcelonesa.com\/ca\/blog\/la-divisio-de-coatings-presentara-la-seva-gamma-de-productes-a-la-paint-coatings-2022\/#article","isPartOf":{"@id":"https:\/\/www.barcelonesa.com\/ca\/blog\/la-divisio-de-coatings-presentara-la-seva-gamma-de-productes-a-la-paint-coatings-2022\/"},"author":{"name":"Barcelonesa","@id":"https:\/\/www.barcelonesa.com\/ca\/#\/schema\/person\/82f9fae0b3816b103d36cce5a5b81f8e"},"headline":"La divisi\u00f3 de Coatings presentar\u00e0 la seva gamma de productes a Paint &#038; Coatings 2022","datePublished":"2022-10-05T16:26:49+00:00","dateModified":"2022-10-18T08:08:13+00:00","mainEntityOfPage":{"@id":"https:\/\/www.barcelonesa.com\/ca\/blog\/la-divisio-de-coatings-presentara-la-seva-gamma-de-productes-a-la-paint-coatings-2022\/"},"wordCount":227,"publisher":{"@id":"https:\/\/www.barcelonesa.com\/ca\/#organization"},"image":{"@id":"https:\/\/www.barcelonesa.com\/ca\/blog\/la-divisio-de-coatings-presentara-la-seva-gamma-de-productes-a-la-paint-coatings-2022\/#primaryimage"},"thumbnailUrl":"https:\/\/www.barcelonesa.com\/wp-content\/uploads\/2022\/10\/AF-Barcelonesa-Paintcoatings-Linkedin-1200x627-v2@2x-100.jpg","keywords":["Paint &amp; Coatings"],"articleSection":["Coatings"],"inLanguage":"ca"},{"@type":"WebPage","@id":"https:\/\/www.barcelonesa.com\/ca\/blog\/la-divisio-de-coatings-presentara-la-seva-gamma-de-productes-a-la-paint-coatings-2022\/","url":"https:\/\/www.barcelonesa.com\/ca\/blog\/la-divisio-de-coatings-presentara-la-seva-gamma-de-productes-a-la-paint-coatings-2022\/","name":"La divisi\u00f3 de Coatings presentar\u00e0 la seva gamma de productes a Paint & Coatings 2022 - Barcelonesa","isPartOf":{"@id":"https:\/\/www.barcelonesa.com\/ca\/#website"},"primaryImageOfPage":{"@id":"https:\/\/www.barcelonesa.com\/ca\/blog\/la-divisio-de-coatings-presentara-la-seva-gamma-de-productes-a-la-paint-coatings-2022\/#primaryimage"},"image":{"@id":"https:\/\/www.barcelonesa.com\/ca\/blog\/la-divisio-de-coatings-presentara-la-seva-gamma-de-productes-a-la-paint-coatings-2022\/#primaryimage"},"thumbnailUrl":"https:\/\/www.barcelonesa.com\/wp-content\/uploads\/2022\/10\/AF-Barcelonesa-Paintcoatings-Linkedin-1200x627-v2@2x-100.jpg","datePublished":"2022-10-05T16:26:49+00:00","dateModified":"2022-10-18T08:08:13+00:00","breadcrumb":{"@id":"https:\/\/www.barcelonesa.com\/ca\/blog\/la-divisio-de-coatings-presentara-la-seva-gamma-de-productes-a-la-paint-coatings-2022\/#breadcrumb"},"inLanguage":"ca","potentialAction":[{"@type":"ReadAction","target":["https:\/\/www.barcelonesa.com\/ca\/blog\/la-divisio-de-coatings-presentara-la-seva-gamma-de-productes-a-la-paint-coatings-2022\/"]}]},{"@type":"ImageObject","inLanguage":"ca","@id":"https:\/\/www.barcelonesa.com\/ca\/blog\/la-divisio-de-coatings-presentara-la-seva-gamma-de-productes-a-la-paint-coatings-2022\/#primaryimage","url":"https:\/\/www.barcelonesa.com\/wp-content\/uploads\/2022\/10\/AF-Barcelonesa-Paintcoatings-Linkedin-1200x627-v2@2x-100.jpg","contentUrl":"https:\/\/www.barcelonesa.com\/wp-content\/uploads\/2022\/10\/AF-Barcelonesa-Paintcoatings-Linkedin-1200x627-v2@2x-100.jpg","width":2400,"height":1255},{"@type":"BreadcrumbList","@id":"https:\/\/www.barcelonesa.com\/ca\/blog\/la-divisio-de-coatings-presentara-la-seva-gamma-de-productes-a-la-paint-coatings-2022\/#breadcrumb","itemListElement":[{"@type":"ListItem","position":1,"name":"Home","item":"https:\/\/www.barcelonesa.com\/ca\/"},{"@type":"ListItem","position":2,"name":"La divisi\u00f3 de Coatings presentar\u00e0 la seva gamma de productes a Paint &#038; Coatings 2022"}]},{"@type":"WebSite","@id":"https:\/\/www.barcelonesa.com\/ca\/#website","url":"https:\/\/www.barcelonesa.com\/ca\/","name":"Barcelonesa","description":"Tu partner global de productos y especialidades qu\u00edmicas, est\u00e9s donde est\u00e9s.","publisher":{"@id":"https:\/\/www.barcelonesa.com\/ca\/#organization"},"potentialAction":[{"@type":"SearchAction","target":{"@type":"EntryPoint","urlTemplate":"https:\/\/www.barcelonesa.com\/ca\/?s={search_term_string}"},"query-input":{"@type":"PropertyValueSpecification","valueRequired":true,"valueName":"search_term_string"}}],"inLanguage":"ca"},{"@type":"Organization","@id":"https:\/\/www.barcelonesa.com\/ca\/#organization","name":"Barcelonesa","url":"https:\/\/www.barcelonesa.com\/ca\/","logo":{"@type":"ImageObject","inLanguage":"ca","@id":"https:\/\/www.barcelonesa.com\/ca\/#\/schema\/logo\/image\/","url":"https:\/\/www.barcelonesa.com\/wp-content\/uploads\/2023\/09\/logo_header.svg","contentUrl":"https:\/\/www.barcelonesa.com\/wp-content\/uploads\/2023\/09\/logo_header.svg","width":230,"height":44,"caption":"Barcelonesa"},"image":{"@id":"https:\/\/www.barcelonesa.com\/ca\/#\/schema\/logo\/image\/"},"sameAs":["https:\/\/www.linkedin.com\/company\/barcelonesa-chemicals"]},{"@type":"Person","@id":"https:\/\/www.barcelonesa.com\/ca\/#\/schema\/person\/82f9fae0b3816b103d36cce5a5b81f8e","name":"Barcelonesa","image":{"@type":"ImageObject","inLanguage":"ca","@id":"https:\/\/www.barcelonesa.com\/wp-content\/uploads\/2023\/11\/B-Simbolo-Green-2-96x96.png","url":"https:\/\/www.barcelonesa.com\/wp-content\/uploads\/2023\/11\/B-Simbolo-Green-2-96x96.png","contentUrl":"https:\/\/www.barcelonesa.com\/wp-content\/uploads\/2023\/11\/B-Simbolo-Green-2-96x96.png","caption":"Barcelonesa"},"url":"https:\/\/www.barcelonesa.com\/ca\/author\/barcelonesa\/"}]}},"_links":{"self":[{"href":"https:\/\/www.barcelonesa.com\/ca\/wp-json\/wp\/v2\/posts\/32140","targetHints":{"allow":["GET"]}}],"collection":[{"href":"https:\/\/www.barcelonesa.com\/ca\/wp-json\/wp\/v2\/posts"}],"about":[{"href":"https:\/\/www.barcelonesa.com\/ca\/wp-json\/wp\/v2\/types\/post"}],"author":[{"embeddable":true,"href":"https:\/\/www.barcelonesa.com\/ca\/wp-json\/wp\/v2\/users\/16"}],"replies":[{"embeddable":true,"href":"https:\/\/www.barcelonesa.com\/ca\/wp-json\/wp\/v2\/comments?post=32140"}],"version-history":[{"count":2,"href":"https:\/\/www.barcelonesa.com\/ca\/wp-json\/wp\/v2\/posts\/32140\/revisions"}],"predecessor-version":[{"id":32142,"href":"https:\/\/www.barcelonesa.com\/ca\/wp-json\/wp\/v2\/posts\/32140\/revisions\/32142"}],"wp:featuredmedia":[{"embeddable":true,"href":"https:\/\/www.barcelonesa.com\/ca\/wp-json\/wp\/v2\/media\/32052"}],"wp:attachment":[{"href":"https:\/\/www.barcelonesa.com\/ca\/wp-json\/wp\/v2\/media?parent=32140"}],"wp:term":[{"taxonomy":"category","embeddable":true,"href":"https:\/\/www.barcelonesa.com\/ca\/wp-json\/wp\/v2\/categories?post=32140"},{"taxonomy":"post_tag","embeddable":true,"href":"https:\/\/www.barcelonesa.com\/ca\/wp-json\/wp\/v2\/tags?post=32140"}],"curies":[{"name":"wp","href":"https:\/\/api.w.org\/{rel}","templated":true}]}}