{"id":42753,"date":"2025-09-12T10:32:15","date_gmt":"2025-09-12T08:32:15","guid":{"rendered":"https:\/\/www.barcelonesa.com\/blog\/ifs-aconseguida-una-nova-fita-que-compartim-amb-tu\/"},"modified":"2025-09-12T10:45:01","modified_gmt":"2025-09-12T08:45:01","slug":"ifs-aconseguida-una-nova-fita-que-compartim-amb-tu","status":"publish","type":"post","link":"https:\/\/www.barcelonesa.com\/ca\/blog\/ifs-aconseguida-una-nova-fita-que-compartim-amb-tu\/","title":{"rendered":"IFS aconseguida: una nova fita que compartim amb tu"},"content":{"rendered":"<p>Des de la divisi\u00f3 de Food de Barcelonesa estem orgullosos de compartir una not\u00edcia que representa un pas molt important per a nosaltres: <strong>la nostra Planta Aliment\u00e0ria ha obtingut la certificaci\u00f3 IFS Food (International Featured Standards)<\/strong>, una de les m\u00e9s reconegudes a nivell internacional en seguretat i qualitat aliment\u00e0ria.<\/p>\n<h3>Per qu\u00e8 \u00e9s important aquesta certificaci\u00f3?<\/h3>\n<p>La certificaci\u00f3 IFS garanteix que els nostres processos compleixen amb els est\u00e0ndards m\u00e9s alts pel que fa a seguretat, tra\u00e7abilitat, higiene, gesti\u00f3 de riscos i control de qualitat.<\/p>\n<h3>Descobreix el nostre Food Hub en aquest breu v\u00eddeo<\/h3>\n<p>Posem a la teva disposici\u00f3 la nostra planta aliment\u00e0ria per oferir-te m\u00e9s capacitat d&#8217;R+D, producci\u00f3 i log\u00edstica.<\/p>\n<div style=\"width: 1920px;\" class=\"wp-video\"><video class=\"wp-video-shortcode\" id=\"video-42753-1\" width=\"1920\" height=\"1080\" autoplay preload=\"auto\" controls=\"controls\"><source type=\"video\/mp4\" src=\"https:\/\/www.barcelonesa.com\/wp-content\/uploads\/2025\/09\/FoodHub-Barcelonesa_NutritionHealth-Music-ES.mp4?_=1\" \/><a href=\"https:\/\/www.barcelonesa.com\/wp-content\/uploads\/2025\/09\/FoodHub-Barcelonesa_NutritionHealth-Music-ES.mp4\">https:\/\/www.barcelonesa.com\/wp-content\/uploads\/2025\/09\/FoodHub-Barcelonesa_NutritionHealth-Music-ES.mp4<\/a><\/video><\/div>\n<p>Si necessites m\u00e9s informaci\u00f3, no dubtis a <a href=\"https:\/\/www.barcelonesa.com\/ca\/contacte\/\">contactar amb nosaltres.<\/a> <\/p>\n<p>&nbsp;<\/p>\n<p>&nbsp;<\/p>\n","protected":false},"excerpt":{"rendered":"<p>Des de la divisi\u00f3 de Food de Barcelonesa estem orgullosos de compartir una not\u00edcia que representa un pas molt important per a nosaltres: la nostra Planta Aliment\u00e0ria ha obtingut la certificaci\u00f3 IFS Food (International Featured Standards), una de les m\u00e9s reconegudes a nivell internacional en seguretat i qualitat aliment\u00e0ria. Per qu\u00e8 \u00e9s important aquesta certificaci\u00f3? [&hellip;]<\/p>\n","protected":false},"author":16,"featured_media":42744,"comment_status":"open","ping_status":"open","sticky":false,"template":"","format":"standard","meta":{"_acf_changed":false,"site-sidebar-layout":"default","site-content-layout":"","ast-site-content-layout":"default","site-content-style":"default","site-sidebar-style":"default","ast-global-header-display":"","ast-banner-title-visibility":"","ast-main-header-display":"","ast-hfb-above-header-display":"","ast-hfb-below-header-display":"","ast-hfb-mobile-header-display":"","site-post-title":"","ast-breadcrumbs-content":"","ast-featured-img":"","footer-sml-layout":"","theme-transparent-header-meta":"default","adv-header-id-meta":"","stick-header-meta":"","header-above-stick-meta":"","header-main-stick-meta":"","header-below-stick-meta":"","astra-migrate-meta-layouts":"default","ast-page-background-enabled":"default","ast-page-background-meta":{"desktop":{"background-color":"var(--ast-global-color-4)","background-image":"","background-repeat":"repeat","background-position":"center center","background-size":"auto","background-attachment":"scroll","background-type":"","background-media":"","overlay-type":"","overlay-color":"","overlay-opacity":"","overlay-gradient":""},"tablet":{"background-color":"","background-image":"","background-repeat":"repeat","background-position":"center center","background-size":"auto","background-attachment":"scroll","background-type":"","background-media":"","overlay-type":"","overlay-color":"","overlay-opacity":"","overlay-gradient":""},"mobile":{"background-color":"","background-image":"","background-repeat":"repeat","background-position":"center center","background-size":"auto","background-attachment":"scroll","background-type":"","background-media":"","overlay-type":"","overlay-color":"","overlay-opacity":"","overlay-gradient":""}},"ast-content-background-meta":{"desktop":{"background-color":"var(--ast-global-color-5)","background-image":"","background-repeat":"repeat","background-position":"center center","background-size":"auto","background-attachment":"scroll","background-type":"","background-media":"","overlay-type":"","overlay-color":"","overlay-opacity":"","overlay-gradient":""},"tablet":{"background-color":"var(--ast-global-color-5)","background-image":"","background-repeat":"repeat","background-position":"center center","background-size":"auto","background-attachment":"scroll","background-type":"","background-media":"","overlay-type":"","overlay-color":"","overlay-opacity":"","overlay-gradient":""},"mobile":{"background-color":"var(--ast-global-color-5)","background-image":"","background-repeat":"repeat","background-position":"center center","background-size":"auto","background-attachment":"scroll","background-type":"","background-media":"","overlay-type":"","overlay-color":"","overlay-opacity":"","overlay-gradient":""}},"footnotes":""},"categories":[1201],"tags":[],"class_list":["post-42753","post","type-post","status-publish","format-standard","has-post-thumbnail","hentry","category-alimentacion-humana-ca"],"acf":[],"yoast_head":"<!-- This site is optimized with the Yoast SEO plugin v27.2 - https:\/\/yoast.com\/product\/yoast-seo-wordpress\/ -->\n<title>IFS aconseguida: una nova fita que compartim amb tu - Barcelonesa<\/title>\n<meta name=\"robots\" content=\"index, follow, max-snippet:-1, max-image-preview:large, max-video-preview:-1\" \/>\n<link rel=\"canonical\" href=\"https:\/\/www.barcelonesa.com\/ca\/blog\/ifs-aconseguida-una-nova-fita-que-compartim-amb-tu\/\" \/>\n<meta property=\"og:locale\" content=\"ca_ES\" \/>\n<meta property=\"og:type\" content=\"article\" \/>\n<meta property=\"og:title\" content=\"IFS aconseguida: una nova fita que compartim amb tu - Barcelonesa\" \/>\n<meta property=\"og:description\" content=\"Des de la divisi\u00f3 de Food de Barcelonesa estem orgullosos de compartir una not\u00edcia que representa un pas molt important per a nosaltres: la nostra Planta Aliment\u00e0ria ha obtingut la certificaci\u00f3 IFS Food (International Featured Standards), una de les m\u00e9s reconegudes a nivell internacional en seguretat i qualitat aliment\u00e0ria. Per qu\u00e8 \u00e9s important aquesta certificaci\u00f3? [&hellip;]\" \/>\n<meta property=\"og:url\" content=\"https:\/\/www.barcelonesa.com\/ca\/blog\/ifs-aconseguida-una-nova-fita-que-compartim-amb-tu\/\" \/>\n<meta property=\"og:site_name\" content=\"Barcelonesa\" \/>\n<meta property=\"article:published_time\" content=\"2025-09-12T08:32:15+00:00\" \/>\n<meta property=\"article:modified_time\" content=\"2025-09-12T08:45:01+00:00\" \/>\n<meta property=\"og:image\" content=\"https:\/\/www.barcelonesa.com\/wp-content\/uploads\/2025\/09\/Planta-Alimentaria-IFS.jpg\" \/>\n\t<meta property=\"og:image:width\" content=\"1200\" \/>\n\t<meta property=\"og:image:height\" content=\"627\" \/>\n\t<meta property=\"og:image:type\" content=\"image\/jpeg\" \/>\n<meta name=\"author\" content=\"Barcelonesa\" \/>\n<meta name=\"twitter:card\" content=\"summary_large_image\" \/>\n<meta name=\"twitter:label1\" content=\"Escrit per\" \/>\n\t<meta name=\"twitter:data1\" content=\"Barcelonesa\" \/>\n\t<meta name=\"twitter:label2\" content=\"Temps estimat de lectura\" \/>\n\t<meta name=\"twitter:data2\" content=\"1 minut\" \/>\n<script type=\"application\/ld+json\" class=\"yoast-schema-graph\">{\"@context\":\"https:\/\/schema.org\",\"@graph\":[{\"@type\":\"Article\",\"@id\":\"https:\/\/www.barcelonesa.com\/ca\/blog\/ifs-aconseguida-una-nova-fita-que-compartim-amb-tu\/#article\",\"isPartOf\":{\"@id\":\"https:\/\/www.barcelonesa.com\/ca\/blog\/ifs-aconseguida-una-nova-fita-que-compartim-amb-tu\/\"},\"author\":{\"name\":\"Barcelonesa\",\"@id\":\"https:\/\/www.barcelonesa.com\/ca\/#\/schema\/person\/82f9fae0b3816b103d36cce5a5b81f8e\"},\"headline\":\"IFS aconseguida: una nova fita que compartim amb tu\",\"datePublished\":\"2025-09-12T08:32:15+00:00\",\"dateModified\":\"2025-09-12T08:45:01+00:00\",\"mainEntityOfPage\":{\"@id\":\"https:\/\/www.barcelonesa.com\/ca\/blog\/ifs-aconseguida-una-nova-fita-que-compartim-amb-tu\/\"},\"wordCount\":162,\"commentCount\":0,\"publisher\":{\"@id\":\"https:\/\/www.barcelonesa.com\/ca\/#organization\"},\"image\":{\"@id\":\"https:\/\/www.barcelonesa.com\/ca\/blog\/ifs-aconseguida-una-nova-fita-que-compartim-amb-tu\/#primaryimage\"},\"thumbnailUrl\":\"https:\/\/www.barcelonesa.com\/wp-content\/uploads\/2025\/09\/Planta-Alimentaria-IFS.jpg\",\"articleSection\":[\"Alimentaci\u00f3 Humana\"],\"inLanguage\":\"ca\",\"potentialAction\":[{\"@type\":\"CommentAction\",\"name\":\"Comment\",\"target\":[\"https:\/\/www.barcelonesa.com\/ca\/blog\/ifs-aconseguida-una-nova-fita-que-compartim-amb-tu\/#respond\"]}]},{\"@type\":\"WebPage\",\"@id\":\"https:\/\/www.barcelonesa.com\/ca\/blog\/ifs-aconseguida-una-nova-fita-que-compartim-amb-tu\/\",\"url\":\"https:\/\/www.barcelonesa.com\/ca\/blog\/ifs-aconseguida-una-nova-fita-que-compartim-amb-tu\/\",\"name\":\"IFS aconseguida: una nova fita que compartim amb tu - Barcelonesa\",\"isPartOf\":{\"@id\":\"https:\/\/www.barcelonesa.com\/ca\/#website\"},\"primaryImageOfPage\":{\"@id\":\"https:\/\/www.barcelonesa.com\/ca\/blog\/ifs-aconseguida-una-nova-fita-que-compartim-amb-tu\/#primaryimage\"},\"image\":{\"@id\":\"https:\/\/www.barcelonesa.com\/ca\/blog\/ifs-aconseguida-una-nova-fita-que-compartim-amb-tu\/#primaryimage\"},\"thumbnailUrl\":\"https:\/\/www.barcelonesa.com\/wp-content\/uploads\/2025\/09\/Planta-Alimentaria-IFS.jpg\",\"datePublished\":\"2025-09-12T08:32:15+00:00\",\"dateModified\":\"2025-09-12T08:45:01+00:00\",\"breadcrumb\":{\"@id\":\"https:\/\/www.barcelonesa.com\/ca\/blog\/ifs-aconseguida-una-nova-fita-que-compartim-amb-tu\/#breadcrumb\"},\"inLanguage\":\"ca\",\"potentialAction\":[{\"@type\":\"ReadAction\",\"target\":[\"https:\/\/www.barcelonesa.com\/ca\/blog\/ifs-aconseguida-una-nova-fita-que-compartim-amb-tu\/\"]}]},{\"@type\":\"ImageObject\",\"inLanguage\":\"ca\",\"@id\":\"https:\/\/www.barcelonesa.com\/ca\/blog\/ifs-aconseguida-una-nova-fita-que-compartim-amb-tu\/#primaryimage\",\"url\":\"https:\/\/www.barcelonesa.com\/wp-content\/uploads\/2025\/09\/Planta-Alimentaria-IFS.jpg\",\"contentUrl\":\"https:\/\/www.barcelonesa.com\/wp-content\/uploads\/2025\/09\/Planta-Alimentaria-IFS.jpg\",\"width\":1200,\"height\":627},{\"@type\":\"BreadcrumbList\",\"@id\":\"https:\/\/www.barcelonesa.com\/ca\/blog\/ifs-aconseguida-una-nova-fita-que-compartim-amb-tu\/#breadcrumb\",\"itemListElement\":[{\"@type\":\"ListItem\",\"position\":1,\"name\":\"Home\",\"item\":\"https:\/\/www.barcelonesa.com\/ca\/\"},{\"@type\":\"ListItem\",\"position\":2,\"name\":\"IFS aconseguida: una nova fita que compartim amb tu\"}]},{\"@type\":\"WebSite\",\"@id\":\"https:\/\/www.barcelonesa.com\/ca\/#website\",\"url\":\"https:\/\/www.barcelonesa.com\/ca\/\",\"name\":\"Barcelonesa\",\"description\":\"Tu partner global de productos y especialidades qu\u00edmicas, est\u00e9s donde est\u00e9s.\",\"publisher\":{\"@id\":\"https:\/\/www.barcelonesa.com\/ca\/#organization\"},\"potentialAction\":[{\"@type\":\"SearchAction\",\"target\":{\"@type\":\"EntryPoint\",\"urlTemplate\":\"https:\/\/www.barcelonesa.com\/ca\/?s={search_term_string}\"},\"query-input\":{\"@type\":\"PropertyValueSpecification\",\"valueRequired\":true,\"valueName\":\"search_term_string\"}}],\"inLanguage\":\"ca\"},{\"@type\":\"Organization\",\"@id\":\"https:\/\/www.barcelonesa.com\/ca\/#organization\",\"name\":\"Barcelonesa\",\"url\":\"https:\/\/www.barcelonesa.com\/ca\/\",\"logo\":{\"@type\":\"ImageObject\",\"inLanguage\":\"ca\",\"@id\":\"https:\/\/www.barcelonesa.com\/ca\/#\/schema\/logo\/image\/\",\"url\":\"https:\/\/www.barcelonesa.com\/wp-content\/uploads\/2023\/09\/logo_header.svg\",\"contentUrl\":\"https:\/\/www.barcelonesa.com\/wp-content\/uploads\/2023\/09\/logo_header.svg\",\"width\":230,\"height\":44,\"caption\":\"Barcelonesa\"},\"image\":{\"@id\":\"https:\/\/www.barcelonesa.com\/ca\/#\/schema\/logo\/image\/\"},\"sameAs\":[\"https:\/\/www.linkedin.com\/company\/barcelonesa-chemicals\"]},{\"@type\":\"Person\",\"@id\":\"https:\/\/www.barcelonesa.com\/ca\/#\/schema\/person\/82f9fae0b3816b103d36cce5a5b81f8e\",\"name\":\"Barcelonesa\",\"image\":{\"@type\":\"ImageObject\",\"inLanguage\":\"ca\",\"@id\":\"https:\/\/www.barcelonesa.com\/wp-content\/uploads\/2023\/11\/B-Simbolo-Green-2-96x96.png\",\"url\":\"https:\/\/www.barcelonesa.com\/wp-content\/uploads\/2023\/11\/B-Simbolo-Green-2-96x96.png\",\"contentUrl\":\"https:\/\/www.barcelonesa.com\/wp-content\/uploads\/2023\/11\/B-Simbolo-Green-2-96x96.png\",\"caption\":\"Barcelonesa\"},\"url\":\"https:\/\/www.barcelonesa.com\/ca\/author\/barcelonesa\/\"}]}<\/script>\n<!-- \/ Yoast SEO plugin. -->","yoast_head_json":{"title":"IFS aconseguida: una nova fita que compartim amb tu - Barcelonesa","robots":{"index":"index","follow":"follow","max-snippet":"max-snippet:-1","max-image-preview":"max-image-preview:large","max-video-preview":"max-video-preview:-1"},"canonical":"https:\/\/www.barcelonesa.com\/ca\/blog\/ifs-aconseguida-una-nova-fita-que-compartim-amb-tu\/","og_locale":"ca_ES","og_type":"article","og_title":"IFS aconseguida: una nova fita que compartim amb tu - Barcelonesa","og_description":"Des de la divisi\u00f3 de Food de Barcelonesa estem orgullosos de compartir una not\u00edcia que representa un pas molt important per a nosaltres: la nostra Planta Aliment\u00e0ria ha obtingut la certificaci\u00f3 IFS Food (International Featured Standards), una de les m\u00e9s reconegudes a nivell internacional en seguretat i qualitat aliment\u00e0ria. Per qu\u00e8 \u00e9s important aquesta certificaci\u00f3? [&hellip;]","og_url":"https:\/\/www.barcelonesa.com\/ca\/blog\/ifs-aconseguida-una-nova-fita-que-compartim-amb-tu\/","og_site_name":"Barcelonesa","article_published_time":"2025-09-12T08:32:15+00:00","article_modified_time":"2025-09-12T08:45:01+00:00","og_image":[{"width":1200,"height":627,"url":"https:\/\/www.barcelonesa.com\/wp-content\/uploads\/2025\/09\/Planta-Alimentaria-IFS.jpg","type":"image\/jpeg"}],"author":"Barcelonesa","twitter_card":"summary_large_image","twitter_misc":{"Escrit per":"Barcelonesa","Temps estimat de lectura":"1 minut"},"schema":{"@context":"https:\/\/schema.org","@graph":[{"@type":"Article","@id":"https:\/\/www.barcelonesa.com\/ca\/blog\/ifs-aconseguida-una-nova-fita-que-compartim-amb-tu\/#article","isPartOf":{"@id":"https:\/\/www.barcelonesa.com\/ca\/blog\/ifs-aconseguida-una-nova-fita-que-compartim-amb-tu\/"},"author":{"name":"Barcelonesa","@id":"https:\/\/www.barcelonesa.com\/ca\/#\/schema\/person\/82f9fae0b3816b103d36cce5a5b81f8e"},"headline":"IFS aconseguida: una nova fita que compartim amb tu","datePublished":"2025-09-12T08:32:15+00:00","dateModified":"2025-09-12T08:45:01+00:00","mainEntityOfPage":{"@id":"https:\/\/www.barcelonesa.com\/ca\/blog\/ifs-aconseguida-una-nova-fita-que-compartim-amb-tu\/"},"wordCount":162,"commentCount":0,"publisher":{"@id":"https:\/\/www.barcelonesa.com\/ca\/#organization"},"image":{"@id":"https:\/\/www.barcelonesa.com\/ca\/blog\/ifs-aconseguida-una-nova-fita-que-compartim-amb-tu\/#primaryimage"},"thumbnailUrl":"https:\/\/www.barcelonesa.com\/wp-content\/uploads\/2025\/09\/Planta-Alimentaria-IFS.jpg","articleSection":["Alimentaci\u00f3 Humana"],"inLanguage":"ca","potentialAction":[{"@type":"CommentAction","name":"Comment","target":["https:\/\/www.barcelonesa.com\/ca\/blog\/ifs-aconseguida-una-nova-fita-que-compartim-amb-tu\/#respond"]}]},{"@type":"WebPage","@id":"https:\/\/www.barcelonesa.com\/ca\/blog\/ifs-aconseguida-una-nova-fita-que-compartim-amb-tu\/","url":"https:\/\/www.barcelonesa.com\/ca\/blog\/ifs-aconseguida-una-nova-fita-que-compartim-amb-tu\/","name":"IFS aconseguida: una nova fita que compartim amb tu - Barcelonesa","isPartOf":{"@id":"https:\/\/www.barcelonesa.com\/ca\/#website"},"primaryImageOfPage":{"@id":"https:\/\/www.barcelonesa.com\/ca\/blog\/ifs-aconseguida-una-nova-fita-que-compartim-amb-tu\/#primaryimage"},"image":{"@id":"https:\/\/www.barcelonesa.com\/ca\/blog\/ifs-aconseguida-una-nova-fita-que-compartim-amb-tu\/#primaryimage"},"thumbnailUrl":"https:\/\/www.barcelonesa.com\/wp-content\/uploads\/2025\/09\/Planta-Alimentaria-IFS.jpg","datePublished":"2025-09-12T08:32:15+00:00","dateModified":"2025-09-12T08:45:01+00:00","breadcrumb":{"@id":"https:\/\/www.barcelonesa.com\/ca\/blog\/ifs-aconseguida-una-nova-fita-que-compartim-amb-tu\/#breadcrumb"},"inLanguage":"ca","potentialAction":[{"@type":"ReadAction","target":["https:\/\/www.barcelonesa.com\/ca\/blog\/ifs-aconseguida-una-nova-fita-que-compartim-amb-tu\/"]}]},{"@type":"ImageObject","inLanguage":"ca","@id":"https:\/\/www.barcelonesa.com\/ca\/blog\/ifs-aconseguida-una-nova-fita-que-compartim-amb-tu\/#primaryimage","url":"https:\/\/www.barcelonesa.com\/wp-content\/uploads\/2025\/09\/Planta-Alimentaria-IFS.jpg","contentUrl":"https:\/\/www.barcelonesa.com\/wp-content\/uploads\/2025\/09\/Planta-Alimentaria-IFS.jpg","width":1200,"height":627},{"@type":"BreadcrumbList","@id":"https:\/\/www.barcelonesa.com\/ca\/blog\/ifs-aconseguida-una-nova-fita-que-compartim-amb-tu\/#breadcrumb","itemListElement":[{"@type":"ListItem","position":1,"name":"Home","item":"https:\/\/www.barcelonesa.com\/ca\/"},{"@type":"ListItem","position":2,"name":"IFS aconseguida: una nova fita que compartim amb tu"}]},{"@type":"WebSite","@id":"https:\/\/www.barcelonesa.com\/ca\/#website","url":"https:\/\/www.barcelonesa.com\/ca\/","name":"Barcelonesa","description":"Tu partner global de productos y especialidades qu\u00edmicas, est\u00e9s donde est\u00e9s.","publisher":{"@id":"https:\/\/www.barcelonesa.com\/ca\/#organization"},"potentialAction":[{"@type":"SearchAction","target":{"@type":"EntryPoint","urlTemplate":"https:\/\/www.barcelonesa.com\/ca\/?s={search_term_string}"},"query-input":{"@type":"PropertyValueSpecification","valueRequired":true,"valueName":"search_term_string"}}],"inLanguage":"ca"},{"@type":"Organization","@id":"https:\/\/www.barcelonesa.com\/ca\/#organization","name":"Barcelonesa","url":"https:\/\/www.barcelonesa.com\/ca\/","logo":{"@type":"ImageObject","inLanguage":"ca","@id":"https:\/\/www.barcelonesa.com\/ca\/#\/schema\/logo\/image\/","url":"https:\/\/www.barcelonesa.com\/wp-content\/uploads\/2023\/09\/logo_header.svg","contentUrl":"https:\/\/www.barcelonesa.com\/wp-content\/uploads\/2023\/09\/logo_header.svg","width":230,"height":44,"caption":"Barcelonesa"},"image":{"@id":"https:\/\/www.barcelonesa.com\/ca\/#\/schema\/logo\/image\/"},"sameAs":["https:\/\/www.linkedin.com\/company\/barcelonesa-chemicals"]},{"@type":"Person","@id":"https:\/\/www.barcelonesa.com\/ca\/#\/schema\/person\/82f9fae0b3816b103d36cce5a5b81f8e","name":"Barcelonesa","image":{"@type":"ImageObject","inLanguage":"ca","@id":"https:\/\/www.barcelonesa.com\/wp-content\/uploads\/2023\/11\/B-Simbolo-Green-2-96x96.png","url":"https:\/\/www.barcelonesa.com\/wp-content\/uploads\/2023\/11\/B-Simbolo-Green-2-96x96.png","contentUrl":"https:\/\/www.barcelonesa.com\/wp-content\/uploads\/2023\/11\/B-Simbolo-Green-2-96x96.png","caption":"Barcelonesa"},"url":"https:\/\/www.barcelonesa.com\/ca\/author\/barcelonesa\/"}]}},"_links":{"self":[{"href":"https:\/\/www.barcelonesa.com\/ca\/wp-json\/wp\/v2\/posts\/42753","targetHints":{"allow":["GET"]}}],"collection":[{"href":"https:\/\/www.barcelonesa.com\/ca\/wp-json\/wp\/v2\/posts"}],"about":[{"href":"https:\/\/www.barcelonesa.com\/ca\/wp-json\/wp\/v2\/types\/post"}],"author":[{"embeddable":true,"href":"https:\/\/www.barcelonesa.com\/ca\/wp-json\/wp\/v2\/users\/16"}],"replies":[{"embeddable":true,"href":"https:\/\/www.barcelonesa.com\/ca\/wp-json\/wp\/v2\/comments?post=42753"}],"version-history":[{"count":1,"href":"https:\/\/www.barcelonesa.com\/ca\/wp-json\/wp\/v2\/posts\/42753\/revisions"}],"predecessor-version":[{"id":42762,"href":"https:\/\/www.barcelonesa.com\/ca\/wp-json\/wp\/v2\/posts\/42753\/revisions\/42762"}],"wp:featuredmedia":[{"embeddable":true,"href":"https:\/\/www.barcelonesa.com\/ca\/wp-json\/wp\/v2\/media\/42744"}],"wp:attachment":[{"href":"https:\/\/www.barcelonesa.com\/ca\/wp-json\/wp\/v2\/media?parent=42753"}],"wp:term":[{"taxonomy":"category","embeddable":true,"href":"https:\/\/www.barcelonesa.com\/ca\/wp-json\/wp\/v2\/categories?post=42753"},{"taxonomy":"post_tag","embeddable":true,"href":"https:\/\/www.barcelonesa.com\/ca\/wp-json\/wp\/v2\/tags?post=42753"}],"curies":[{"name":"wp","href":"https:\/\/api.w.org\/{rel}","templated":true}]}}