{"id":14176,"date":"2020-12-17T14:57:14","date_gmt":"2020-12-17T13:57:14","guid":{"rendered":"https:\/\/www.barcelonesa.com\/las-caras-de-la-vulnerabilidad-iniciativa-de-san-juan-de-dios\/"},"modified":"2021-06-09T10:43:09","modified_gmt":"2021-06-09T08:43:09","slug":"las-caras-de-la-vulnerabilidad-san-juan-de-dios-initiative","status":"publish","type":"post","link":"https:\/\/www.barcelonesa.com\/en\/blog\/las-caras-de-la-vulnerabilidad-san-juan-de-dios-initiative\/","title":{"rendered":"&#8221;Las caras de la vulnerabilidad&#8221;, a San Juan de Dios initiative."},"content":{"rendered":"\n<p>Since 2005, every 20 December we celebrate International Human Solidarity Day.<\/p>\n\n\n\n<p>The first celebration of this day came with the adoption of the SDGs &#8211; Sustainable Development Goals &#8211; to eradicate poverty, protect the planet and guarantee dignity for all.<\/p>\n\n\n\n<p>A day to commemorate solidarity as a fundamental and universal human value.<\/p>\n\n\n\n<p><strong>In the midst of the crisis caused by the Covid-19 pandemic, we&#8217;ve seen a lot of initiatives appear.<\/strong><\/p>\n\n\n\n<p>Solidarity concerts to make the days more pleasant. Hand-sewn masks and donated food for health care workers are just some of the solidarity initiatives we have seen during the initial weeks of the state of alarm.<\/p>\n\n\n\n<p>Associations, NGOs, and anonymous citizens have also been driving forces.<\/p>\n\n\n\n<p>In honour of this day,&nbsp;<strong>we want to dedicate space on our blog to the project The Faces of Vulnerability,<\/strong>&nbsp;an initiative from the San Juan de Dios Social Project, which aims to provide aid to the unprecedented situations that the most vulnerable groups are facing due to Covid-19.<\/p>\n\n\n\n<p>Our aim is simply to provide visibility to the massive effort of the volunteers and workers who have been &#8211; and still are &#8211; on the front lines providing support to the various groups that have been adversely affected by the pandemic.<\/p>\n\n\n\n<h2 class=\"wp-block-heading\"><br><strong>Las caras de la vulnerabilidad&nbsp;<\/strong><\/h2>\n\n\n\n<p>2020 has been an unprecedented year.<\/p>\n\n\n\n<p>A year that has forced us all to hit the pause button and will, without a doubt, define a before and after in our lives and over the course of history.<\/p>\n\n\n\n<p><strong>The Faces of Vulnerability is the name of the San Juan de Dios initiative&nbsp;<\/strong>that collects testimonies, actions and support initiatives for the most at-risk.<\/p>\n\n\n\n<p>The fact is that the pandemic has affected all levels of society by producing a global emergency.<\/p>\n\n\n\n<p>With all that in mind, it is not hard to understand that&nbsp;<strong>individuals in vulnerable situations have been severely affected<\/strong>&nbsp;by this health crisis and its consequences.<\/p>\n\n\n\n<p>Covid-19 has brought about new needs that the San Juan de Dios Social Project is trying to combat. To better understand the diverse realities and optimise resources, they have organised a program with four cornerstones that we explain below in greater detail.&nbsp;<br><br><img decoding=\"async\" alt=\"\" src=\"https:\/\/www.barcelonesa.com\/sites\/default\/files\/Blog\/General\/sjd-caras-vulnerabilidad_0.jpg\"><br><\/p>\n\n\n\n<h2 class=\"wp-block-heading\"><strong>1.- Basic needs:<\/strong><\/h2>\n\n\n\n<p>The food banks and other organisations that help address basic needs have been overwhelmed.<\/p>\n\n\n\n<p>One of the goals of this program is to guarantee&nbsp;<strong>the availability of basic needs to all San Juan de Dios groups.<\/strong><\/p>\n\n\n\n<p>The aim of the program is to provide access to housing, food and hygiene for all San Juan de Dios people with few resources.<\/p>\n\n\n\n<p>Aid is allocated to the purchase of basic, non-perishable food, food supplements for children, the purchase of hygiene products, and more.&nbsp;<\/p>\n\n\n\n<h2 class=\"wp-block-heading\"><strong>2.- Building the &#8220;New Normal&#8221;:<\/strong><\/h2>\n\n\n\n<p>Getting back to normal, as much as possible, is not an easy task.<\/p>\n\n\n\n<p>And even more so when many support services have closed their doors or are limited in their actions due to social distancing.<\/p>\n\n\n\n<p>This program aims to&nbsp;<strong>reactivate some of the basic support services&nbsp;<\/strong>such as therapy activities, workshops, or other treatments thanks to the adaptation of new spaces where these can take place while adhering to the necessary health and safety measures.<\/p>\n\n\n\n<p>You can learn more about this initiative to&nbsp;<a href=\"https:\/\/solidaritat.santjoandedeu.org\/lascarasdelavulnerabilidad\/?lang=es\">build the new normal<\/a>&nbsp;at the website.<\/p>\n\n\n\n<h2 class=\"wp-block-heading\"><strong>3.- Biomedical research:<\/strong><\/h2>\n\n\n\n<p>Multiple organisations are focused on finding a potential cure.<\/p>\n\n\n\n<p>To be able to progress in the multiple lines of research and discover a treatment to combat the virus, SJD has focused its efforts on children&#8217;s natural physical response to fighting off Covid-19, implementing a research platform called &#8220;Kids Corona&#8221;.<\/p>\n\n\n\n<p>The aim of this platform is to study the incidence and involvement of Covid-19 in children and pregnant women.<\/p>\n\n\n\n<p>You can view the initial results from the&nbsp;<a href=\"https:\/\/solidaritat.santjoandedeu.org\/es\/campanya\/investigacion-biomedica\">Kids Corona<\/a>&nbsp;study at its website.<\/p>\n\n\n\n<h2 class=\"wp-block-heading\"><strong>4.- Emotional well-being:<\/strong><\/h2>\n\n\n\n<p>The health crisis has had a massive impact on society&#8217;s mental health.<\/p>\n\n\n\n<p>This emotional well-being program seeks to address the after-effects of the emergency thanks to the development of projects and initiatives that support individuals in situations of exclusion, individuals with mental health disorders and society in general.&nbsp;<\/p>\n\n\n\n<p>The program includes initiatives such as accompanying the elderly and grief management programs.<\/p>\n\n\n\n<p>To find out more about the&nbsp;<a href=\"https:\/\/solidaritat.santjoandedeu.org\/es\/campanya\/bienestar-emocional\">Emotional Well-being<\/a>&nbsp;program, visit the web page and start learning.&nbsp;<\/p>\n\n\n\n<h2 class=\"wp-block-heading\"><strong>Grup Barcelonesa contributing company&nbsp;<\/strong><\/h2>\n\n\n\n<p>Homeless individuals are one of the most vulnerable groups within this new reality we are living.<\/p>\n\n\n\n<p>From the very start of the health crisis authorities have appealed to people to stay at home, but what do you do if you don&#8217;t have a home?<\/p>\n\n\n\n<p>At San Juan de Dios, they work on various initiatives and with multiple residential centres to address all these needs and to help house people who are living in the streets.<\/p>\n\n\n\n<p>At Grup Barcelonesa, we&#8217;ve replaced the design, production and distribution of the actions we usually work on at this time of year with collaboration on the project &#8220;The Faces of Vulnerability&#8221; to support this initiative for the emotional well-being of homeless individuals.<\/p>\n\n\n\n<p>We&nbsp;believe&nbsp;that&nbsp;this is an era in which to look out for one another and to help, to the extent possible, those who need it most.<\/p>\n\n\n\n<p>If you would like to learn more about this project you can visit the official website for the project&nbsp;<a href=\"https:\/\/solidaritat.santjoandedeu.org\/lascarasdelavulnerabilidad\/?lang=es\">The Faces of Vulnerability.<\/a><\/p>\n","protected":false},"excerpt":{"rendered":"<p>Since 2005, every 20 December we celebrate International Human Solidarity Day. The first celebration of this day came with the adoption of the SDGs &#8211; Sustainable Development Goals &#8211; to eradicate poverty, protect the planet and guarantee dignity for all. A day to commemorate solidarity as a fundamental and universal human value. In the midst [&hellip;]<\/p>\n","protected":false},"author":16,"featured_media":14171,"comment_status":"closed","ping_status":"open","sticky":false,"template":"","format":"standard","meta":{"_acf_changed":false,"site-sidebar-layout":"default","site-content-layout":"default","ast-site-content-layout":"","site-content-style":"default","site-sidebar-style":"default","ast-global-header-display":"","ast-banner-title-visibility":"","ast-main-header-display":"","ast-hfb-above-header-display":"","ast-hfb-below-header-display":"","ast-hfb-mobile-header-display":"","site-post-title":"","ast-breadcrumbs-content":"","ast-featured-img":"","footer-sml-layout":"","theme-transparent-header-meta":"default","adv-header-id-meta":"","stick-header-meta":"","header-above-stick-meta":"","header-main-stick-meta":"","header-below-stick-meta":"","astra-migrate-meta-layouts":"default","ast-page-background-enabled":"default","ast-page-background-meta":{"desktop":{"background-color":"var(--ast-global-color-4)","background-image":"","background-repeat":"repeat","background-position":"center center","background-size":"auto","background-attachment":"scroll","background-type":"","background-media":"","overlay-type":"","overlay-color":"","overlay-opacity":"","overlay-gradient":""},"tablet":{"background-color":"","background-image":"","background-repeat":"repeat","background-position":"center center","background-size":"auto","background-attachment":"scroll","background-type":"","background-media":"","overlay-type":"","overlay-color":"","overlay-opacity":"","overlay-gradient":""},"mobile":{"background-color":"","background-image":"","background-repeat":"repeat","background-position":"center center","background-size":"auto","background-attachment":"scroll","background-type":"","background-media":"","overlay-type":"","overlay-color":"","overlay-opacity":"","overlay-gradient":""}},"ast-content-background-meta":{"desktop":{"background-color":"var(--ast-global-color-5)","background-image":"","background-repeat":"repeat","background-position":"center center","background-size":"auto","background-attachment":"scroll","background-type":"","background-media":"","overlay-type":"","overlay-color":"","overlay-opacity":"","overlay-gradient":""},"tablet":{"background-color":"var(--ast-global-color-5)","background-image":"","background-repeat":"repeat","background-position":"center center","background-size":"auto","background-attachment":"scroll","background-type":"","background-media":"","overlay-type":"","overlay-color":"","overlay-opacity":"","overlay-gradient":""},"mobile":{"background-color":"var(--ast-global-color-5)","background-image":"","background-repeat":"repeat","background-position":"center center","background-size":"auto","background-attachment":"scroll","background-type":"","background-media":"","overlay-type":"","overlay-color":"","overlay-opacity":"","overlay-gradient":""}},"footnotes":""},"categories":[847],"tags":[927,928,929],"class_list":["post-14176","post","type-post","status-publish","format-standard","has-post-thumbnail","hentry","category-grup-barcelonesa","tag-covid-19-en","tag-dia-de-la-solidaridad-en","tag-san-juan-de-dios-en"],"acf":[],"yoast_head":"<!-- This site is optimized with the Yoast SEO plugin v27.2 - https:\/\/yoast.com\/product\/yoast-seo-wordpress\/ -->\n<title>&#039;&#039;Las caras de la vulnerabilidad&#039;&#039;, a San Juan de Dios initiative. - Barcelonesa<\/title>\n<meta name=\"robots\" content=\"index, follow, max-snippet:-1, max-image-preview:large, max-video-preview:-1\" \/>\n<link rel=\"canonical\" href=\"https:\/\/www.barcelonesa.com\/en\/blog\/las-caras-de-la-vulnerabilidad-san-juan-de-dios-initiative\/\" \/>\n<meta property=\"og:locale\" content=\"en_US\" \/>\n<meta property=\"og:type\" content=\"article\" \/>\n<meta property=\"og:title\" content=\"&#039;&#039;Las caras de la vulnerabilidad&#039;&#039;, a San Juan de Dios initiative. - Barcelonesa\" \/>\n<meta property=\"og:description\" content=\"Since 2005, every 20 December we celebrate International Human Solidarity Day. The first celebration of this day came with the adoption of the SDGs &#8211; Sustainable Development Goals &#8211; to eradicate poverty, protect the planet and guarantee dignity for all. A day to commemorate solidarity as a fundamental and universal human value. In the midst [&hellip;]\" \/>\n<meta property=\"og:url\" content=\"https:\/\/www.barcelonesa.com\/en\/blog\/las-caras-de-la-vulnerabilidad-san-juan-de-dios-initiative\/\" \/>\n<meta property=\"og:site_name\" content=\"Barcelonesa\" \/>\n<meta property=\"article:published_time\" content=\"2020-12-17T13:57:14+00:00\" \/>\n<meta property=\"article:modified_time\" content=\"2021-06-09T08:43:09+00:00\" \/>\n<meta property=\"og:image\" content=\"https:\/\/www.barcelonesa.com\/wp-content\/uploads\/2021\/05\/post-blog-sjd_0.jpeg\" \/>\n\t<meta property=\"og:image:width\" content=\"1200\" \/>\n\t<meta property=\"og:image:height\" content=\"600\" \/>\n\t<meta property=\"og:image:type\" content=\"image\/jpeg\" \/>\n<meta name=\"author\" content=\"Barcelonesa\" \/>\n<meta name=\"twitter:card\" content=\"summary_large_image\" \/>\n<meta name=\"twitter:label1\" content=\"Written by\" \/>\n\t<meta name=\"twitter:data1\" content=\"Barcelonesa\" \/>\n\t<meta name=\"twitter:label2\" content=\"Est. reading time\" \/>\n\t<meta name=\"twitter:data2\" content=\"4 minutes\" \/>\n<script type=\"application\/ld+json\" class=\"yoast-schema-graph\">{\"@context\":\"https:\/\/schema.org\",\"@graph\":[{\"@type\":\"Article\",\"@id\":\"https:\/\/www.barcelonesa.com\/en\/blog\/las-caras-de-la-vulnerabilidad-san-juan-de-dios-initiative\/#article\",\"isPartOf\":{\"@id\":\"https:\/\/www.barcelonesa.com\/en\/blog\/las-caras-de-la-vulnerabilidad-san-juan-de-dios-initiative\/\"},\"author\":{\"name\":\"Barcelonesa\",\"@id\":\"https:\/\/www.barcelonesa.com\/en\/#\/schema\/person\/82f9fae0b3816b103d36cce5a5b81f8e\"},\"headline\":\"&#8221;Las caras de la vulnerabilidad&#8221;, a San Juan de Dios initiative.\",\"datePublished\":\"2020-12-17T13:57:14+00:00\",\"dateModified\":\"2021-06-09T08:43:09+00:00\",\"mainEntityOfPage\":{\"@id\":\"https:\/\/www.barcelonesa.com\/en\/blog\/las-caras-de-la-vulnerabilidad-san-juan-de-dios-initiative\/\"},\"wordCount\":912,\"publisher\":{\"@id\":\"https:\/\/www.barcelonesa.com\/en\/#organization\"},\"image\":{\"@id\":\"https:\/\/www.barcelonesa.com\/en\/blog\/las-caras-de-la-vulnerabilidad-san-juan-de-dios-initiative\/#primaryimage\"},\"thumbnailUrl\":\"https:\/\/www.barcelonesa.com\/wp-content\/uploads\/2021\/05\/post-blog-sjd_0.jpeg\",\"keywords\":[\"COVID-19\",\"D\u00eda de la solidaridad\",\"San Juan de Dios\"],\"articleSection\":[\"Barcelonesa Group\"],\"inLanguage\":\"en-US\"},{\"@type\":\"WebPage\",\"@id\":\"https:\/\/www.barcelonesa.com\/en\/blog\/las-caras-de-la-vulnerabilidad-san-juan-de-dios-initiative\/\",\"url\":\"https:\/\/www.barcelonesa.com\/en\/blog\/las-caras-de-la-vulnerabilidad-san-juan-de-dios-initiative\/\",\"name\":\"''Las caras de la vulnerabilidad'', a San Juan de Dios initiative. - Barcelonesa\",\"isPartOf\":{\"@id\":\"https:\/\/www.barcelonesa.com\/en\/#website\"},\"primaryImageOfPage\":{\"@id\":\"https:\/\/www.barcelonesa.com\/en\/blog\/las-caras-de-la-vulnerabilidad-san-juan-de-dios-initiative\/#primaryimage\"},\"image\":{\"@id\":\"https:\/\/www.barcelonesa.com\/en\/blog\/las-caras-de-la-vulnerabilidad-san-juan-de-dios-initiative\/#primaryimage\"},\"thumbnailUrl\":\"https:\/\/www.barcelonesa.com\/wp-content\/uploads\/2021\/05\/post-blog-sjd_0.jpeg\",\"datePublished\":\"2020-12-17T13:57:14+00:00\",\"dateModified\":\"2021-06-09T08:43:09+00:00\",\"breadcrumb\":{\"@id\":\"https:\/\/www.barcelonesa.com\/en\/blog\/las-caras-de-la-vulnerabilidad-san-juan-de-dios-initiative\/#breadcrumb\"},\"inLanguage\":\"en-US\",\"potentialAction\":[{\"@type\":\"ReadAction\",\"target\":[\"https:\/\/www.barcelonesa.com\/en\/blog\/las-caras-de-la-vulnerabilidad-san-juan-de-dios-initiative\/\"]}]},{\"@type\":\"ImageObject\",\"inLanguage\":\"en-US\",\"@id\":\"https:\/\/www.barcelonesa.com\/en\/blog\/las-caras-de-la-vulnerabilidad-san-juan-de-dios-initiative\/#primaryimage\",\"url\":\"https:\/\/www.barcelonesa.com\/wp-content\/uploads\/2021\/05\/post-blog-sjd_0.jpeg\",\"contentUrl\":\"https:\/\/www.barcelonesa.com\/wp-content\/uploads\/2021\/05\/post-blog-sjd_0.jpeg\",\"width\":1200,\"height\":600},{\"@type\":\"BreadcrumbList\",\"@id\":\"https:\/\/www.barcelonesa.com\/en\/blog\/las-caras-de-la-vulnerabilidad-san-juan-de-dios-initiative\/#breadcrumb\",\"itemListElement\":[{\"@type\":\"ListItem\",\"position\":1,\"name\":\"Home\",\"item\":\"https:\/\/www.barcelonesa.com\/en\/\"},{\"@type\":\"ListItem\",\"position\":2,\"name\":\"&#8221;Las caras de la vulnerabilidad&#8221;, a San Juan de Dios initiative.\"}]},{\"@type\":\"WebSite\",\"@id\":\"https:\/\/www.barcelonesa.com\/en\/#website\",\"url\":\"https:\/\/www.barcelonesa.com\/en\/\",\"name\":\"Barcelonesa\",\"description\":\"Tu partner global de productos y especialidades qu\u00edmicas, est\u00e9s donde est\u00e9s.\",\"publisher\":{\"@id\":\"https:\/\/www.barcelonesa.com\/en\/#organization\"},\"potentialAction\":[{\"@type\":\"SearchAction\",\"target\":{\"@type\":\"EntryPoint\",\"urlTemplate\":\"https:\/\/www.barcelonesa.com\/en\/?s={search_term_string}\"},\"query-input\":{\"@type\":\"PropertyValueSpecification\",\"valueRequired\":true,\"valueName\":\"search_term_string\"}}],\"inLanguage\":\"en-US\"},{\"@type\":\"Organization\",\"@id\":\"https:\/\/www.barcelonesa.com\/en\/#organization\",\"name\":\"Barcelonesa\",\"url\":\"https:\/\/www.barcelonesa.com\/en\/\",\"logo\":{\"@type\":\"ImageObject\",\"inLanguage\":\"en-US\",\"@id\":\"https:\/\/www.barcelonesa.com\/en\/#\/schema\/logo\/image\/\",\"url\":\"https:\/\/www.barcelonesa.com\/wp-content\/uploads\/2023\/09\/logo_header.svg\",\"contentUrl\":\"https:\/\/www.barcelonesa.com\/wp-content\/uploads\/2023\/09\/logo_header.svg\",\"width\":230,\"height\":44,\"caption\":\"Barcelonesa\"},\"image\":{\"@id\":\"https:\/\/www.barcelonesa.com\/en\/#\/schema\/logo\/image\/\"},\"sameAs\":[\"https:\/\/www.linkedin.com\/company\/barcelonesa-chemicals\"]},{\"@type\":\"Person\",\"@id\":\"https:\/\/www.barcelonesa.com\/en\/#\/schema\/person\/82f9fae0b3816b103d36cce5a5b81f8e\",\"name\":\"Barcelonesa\",\"image\":{\"@type\":\"ImageObject\",\"inLanguage\":\"en-US\",\"@id\":\"https:\/\/www.barcelonesa.com\/wp-content\/uploads\/2023\/11\/B-Simbolo-Green-2-96x96.png\",\"url\":\"https:\/\/www.barcelonesa.com\/wp-content\/uploads\/2023\/11\/B-Simbolo-Green-2-96x96.png\",\"contentUrl\":\"https:\/\/www.barcelonesa.com\/wp-content\/uploads\/2023\/11\/B-Simbolo-Green-2-96x96.png\",\"caption\":\"Barcelonesa\"},\"url\":\"https:\/\/www.barcelonesa.com\/en\/author\/barcelonesa\/\"}]}<\/script>\n<!-- \/ Yoast SEO plugin. -->","yoast_head_json":{"title":"''Las caras de la vulnerabilidad'', a San Juan de Dios initiative. - Barcelonesa","robots":{"index":"index","follow":"follow","max-snippet":"max-snippet:-1","max-image-preview":"max-image-preview:large","max-video-preview":"max-video-preview:-1"},"canonical":"https:\/\/www.barcelonesa.com\/en\/blog\/las-caras-de-la-vulnerabilidad-san-juan-de-dios-initiative\/","og_locale":"en_US","og_type":"article","og_title":"''Las caras de la vulnerabilidad'', a San Juan de Dios initiative. - Barcelonesa","og_description":"Since 2005, every 20 December we celebrate International Human Solidarity Day. The first celebration of this day came with the adoption of the SDGs &#8211; Sustainable Development Goals &#8211; to eradicate poverty, protect the planet and guarantee dignity for all. A day to commemorate solidarity as a fundamental and universal human value. In the midst [&hellip;]","og_url":"https:\/\/www.barcelonesa.com\/en\/blog\/las-caras-de-la-vulnerabilidad-san-juan-de-dios-initiative\/","og_site_name":"Barcelonesa","article_published_time":"2020-12-17T13:57:14+00:00","article_modified_time":"2021-06-09T08:43:09+00:00","og_image":[{"width":1200,"height":600,"url":"https:\/\/www.barcelonesa.com\/wp-content\/uploads\/2021\/05\/post-blog-sjd_0.jpeg","type":"image\/jpeg"}],"author":"Barcelonesa","twitter_card":"summary_large_image","twitter_misc":{"Written by":"Barcelonesa","Est. reading time":"4 minutes"},"schema":{"@context":"https:\/\/schema.org","@graph":[{"@type":"Article","@id":"https:\/\/www.barcelonesa.com\/en\/blog\/las-caras-de-la-vulnerabilidad-san-juan-de-dios-initiative\/#article","isPartOf":{"@id":"https:\/\/www.barcelonesa.com\/en\/blog\/las-caras-de-la-vulnerabilidad-san-juan-de-dios-initiative\/"},"author":{"name":"Barcelonesa","@id":"https:\/\/www.barcelonesa.com\/en\/#\/schema\/person\/82f9fae0b3816b103d36cce5a5b81f8e"},"headline":"&#8221;Las caras de la vulnerabilidad&#8221;, a San Juan de Dios initiative.","datePublished":"2020-12-17T13:57:14+00:00","dateModified":"2021-06-09T08:43:09+00:00","mainEntityOfPage":{"@id":"https:\/\/www.barcelonesa.com\/en\/blog\/las-caras-de-la-vulnerabilidad-san-juan-de-dios-initiative\/"},"wordCount":912,"publisher":{"@id":"https:\/\/www.barcelonesa.com\/en\/#organization"},"image":{"@id":"https:\/\/www.barcelonesa.com\/en\/blog\/las-caras-de-la-vulnerabilidad-san-juan-de-dios-initiative\/#primaryimage"},"thumbnailUrl":"https:\/\/www.barcelonesa.com\/wp-content\/uploads\/2021\/05\/post-blog-sjd_0.jpeg","keywords":["COVID-19","D\u00eda de la solidaridad","San Juan de Dios"],"articleSection":["Barcelonesa Group"],"inLanguage":"en-US"},{"@type":"WebPage","@id":"https:\/\/www.barcelonesa.com\/en\/blog\/las-caras-de-la-vulnerabilidad-san-juan-de-dios-initiative\/","url":"https:\/\/www.barcelonesa.com\/en\/blog\/las-caras-de-la-vulnerabilidad-san-juan-de-dios-initiative\/","name":"''Las caras de la vulnerabilidad'', a San Juan de Dios initiative. - Barcelonesa","isPartOf":{"@id":"https:\/\/www.barcelonesa.com\/en\/#website"},"primaryImageOfPage":{"@id":"https:\/\/www.barcelonesa.com\/en\/blog\/las-caras-de-la-vulnerabilidad-san-juan-de-dios-initiative\/#primaryimage"},"image":{"@id":"https:\/\/www.barcelonesa.com\/en\/blog\/las-caras-de-la-vulnerabilidad-san-juan-de-dios-initiative\/#primaryimage"},"thumbnailUrl":"https:\/\/www.barcelonesa.com\/wp-content\/uploads\/2021\/05\/post-blog-sjd_0.jpeg","datePublished":"2020-12-17T13:57:14+00:00","dateModified":"2021-06-09T08:43:09+00:00","breadcrumb":{"@id":"https:\/\/www.barcelonesa.com\/en\/blog\/las-caras-de-la-vulnerabilidad-san-juan-de-dios-initiative\/#breadcrumb"},"inLanguage":"en-US","potentialAction":[{"@type":"ReadAction","target":["https:\/\/www.barcelonesa.com\/en\/blog\/las-caras-de-la-vulnerabilidad-san-juan-de-dios-initiative\/"]}]},{"@type":"ImageObject","inLanguage":"en-US","@id":"https:\/\/www.barcelonesa.com\/en\/blog\/las-caras-de-la-vulnerabilidad-san-juan-de-dios-initiative\/#primaryimage","url":"https:\/\/www.barcelonesa.com\/wp-content\/uploads\/2021\/05\/post-blog-sjd_0.jpeg","contentUrl":"https:\/\/www.barcelonesa.com\/wp-content\/uploads\/2021\/05\/post-blog-sjd_0.jpeg","width":1200,"height":600},{"@type":"BreadcrumbList","@id":"https:\/\/www.barcelonesa.com\/en\/blog\/las-caras-de-la-vulnerabilidad-san-juan-de-dios-initiative\/#breadcrumb","itemListElement":[{"@type":"ListItem","position":1,"name":"Home","item":"https:\/\/www.barcelonesa.com\/en\/"},{"@type":"ListItem","position":2,"name":"&#8221;Las caras de la vulnerabilidad&#8221;, a San Juan de Dios initiative."}]},{"@type":"WebSite","@id":"https:\/\/www.barcelonesa.com\/en\/#website","url":"https:\/\/www.barcelonesa.com\/en\/","name":"Barcelonesa","description":"Tu partner global de productos y especialidades qu\u00edmicas, est\u00e9s donde est\u00e9s.","publisher":{"@id":"https:\/\/www.barcelonesa.com\/en\/#organization"},"potentialAction":[{"@type":"SearchAction","target":{"@type":"EntryPoint","urlTemplate":"https:\/\/www.barcelonesa.com\/en\/?s={search_term_string}"},"query-input":{"@type":"PropertyValueSpecification","valueRequired":true,"valueName":"search_term_string"}}],"inLanguage":"en-US"},{"@type":"Organization","@id":"https:\/\/www.barcelonesa.com\/en\/#organization","name":"Barcelonesa","url":"https:\/\/www.barcelonesa.com\/en\/","logo":{"@type":"ImageObject","inLanguage":"en-US","@id":"https:\/\/www.barcelonesa.com\/en\/#\/schema\/logo\/image\/","url":"https:\/\/www.barcelonesa.com\/wp-content\/uploads\/2023\/09\/logo_header.svg","contentUrl":"https:\/\/www.barcelonesa.com\/wp-content\/uploads\/2023\/09\/logo_header.svg","width":230,"height":44,"caption":"Barcelonesa"},"image":{"@id":"https:\/\/www.barcelonesa.com\/en\/#\/schema\/logo\/image\/"},"sameAs":["https:\/\/www.linkedin.com\/company\/barcelonesa-chemicals"]},{"@type":"Person","@id":"https:\/\/www.barcelonesa.com\/en\/#\/schema\/person\/82f9fae0b3816b103d36cce5a5b81f8e","name":"Barcelonesa","image":{"@type":"ImageObject","inLanguage":"en-US","@id":"https:\/\/www.barcelonesa.com\/wp-content\/uploads\/2023\/11\/B-Simbolo-Green-2-96x96.png","url":"https:\/\/www.barcelonesa.com\/wp-content\/uploads\/2023\/11\/B-Simbolo-Green-2-96x96.png","contentUrl":"https:\/\/www.barcelonesa.com\/wp-content\/uploads\/2023\/11\/B-Simbolo-Green-2-96x96.png","caption":"Barcelonesa"},"url":"https:\/\/www.barcelonesa.com\/en\/author\/barcelonesa\/"}]}},"_links":{"self":[{"href":"https:\/\/www.barcelonesa.com\/en\/wp-json\/wp\/v2\/posts\/14176","targetHints":{"allow":["GET"]}}],"collection":[{"href":"https:\/\/www.barcelonesa.com\/en\/wp-json\/wp\/v2\/posts"}],"about":[{"href":"https:\/\/www.barcelonesa.com\/en\/wp-json\/wp\/v2\/types\/post"}],"author":[{"embeddable":true,"href":"https:\/\/www.barcelonesa.com\/en\/wp-json\/wp\/v2\/users\/16"}],"replies":[{"embeddable":true,"href":"https:\/\/www.barcelonesa.com\/en\/wp-json\/wp\/v2\/comments?post=14176"}],"version-history":[{"count":2,"href":"https:\/\/www.barcelonesa.com\/en\/wp-json\/wp\/v2\/posts\/14176\/revisions"}],"predecessor-version":[{"id":14178,"href":"https:\/\/www.barcelonesa.com\/en\/wp-json\/wp\/v2\/posts\/14176\/revisions\/14178"}],"wp:featuredmedia":[{"embeddable":true,"href":"https:\/\/www.barcelonesa.com\/en\/wp-json\/wp\/v2\/media\/14171"}],"wp:attachment":[{"href":"https:\/\/www.barcelonesa.com\/en\/wp-json\/wp\/v2\/media?parent=14176"}],"wp:term":[{"taxonomy":"category","embeddable":true,"href":"https:\/\/www.barcelonesa.com\/en\/wp-json\/wp\/v2\/categories?post=14176"},{"taxonomy":"post_tag","embeddable":true,"href":"https:\/\/www.barcelonesa.com\/en\/wp-json\/wp\/v2\/tags?post=14176"}],"curies":[{"name":"wp","href":"https:\/\/api.w.org\/{rel}","templated":true}]}}