{"id":14574,"date":"2018-07-18T13:57:24","date_gmt":"2018-07-18T11:57:24","guid":{"rendered":"https:\/\/www.barcelonesa.com\/barcelonesa-se-convierte-en-nuevo-miembro-de-amec\/"},"modified":"2021-06-18T16:53:50","modified_gmt":"2021-06-18T14:53:50","slug":"barcelonesa-becomes-new-member-amec","status":"publish","type":"post","link":"https:\/\/www.barcelonesa.com\/en\/blog\/barcelonesa-becomes-new-member-amec\/","title":{"rendered":"Barcelonesa becomes a new member of the AMEC"},"content":{"rendered":"\n<p>Since this July, Barcelonesa has been a new member of the&nbsp;<a href=\"http:\/\/www.amec.es\/?lang=en\" target=\"_blank\" rel=\"noreferrer noopener\"><strong>AMEC<\/strong><\/a>, a non-profit business organisation for companies looking to expand into international markets.<\/p>\n\n\n\n<p>The Association of Internationalized Industrial Companies brings together leading&nbsp;<strong>Spanish industrial companies<\/strong>&nbsp;from different sectors and helps them through all the phases of their internationalisation plans, from design through to consolidation and implementation. The AMEC also assists companies in their innovation processes to help them become more competitive in their international expansion.<\/p>\n\n\n\n<figure class=\"wp-block-image size-large\"><img fetchpriority=\"high\" decoding=\"async\" width=\"1024\" height=\"683\" src=\"https:\/\/www.barcelonesa.com\/wp-content\/uploads\/2018\/07\/immavphotography_forum_amec_2018-2-1024x683.jpg\" alt=\"\" class=\"wp-image-17832\" srcset=\"https:\/\/www.barcelonesa.com\/wp-content\/uploads\/2018\/07\/immavphotography_forum_amec_2018-2-1024x683.jpg 1024w, https:\/\/www.barcelonesa.com\/wp-content\/uploads\/2018\/07\/immavphotography_forum_amec_2018-2-300x200.jpg 300w, https:\/\/www.barcelonesa.com\/wp-content\/uploads\/2018\/07\/immavphotography_forum_amec_2018-2-768x512.jpg 768w, https:\/\/www.barcelonesa.com\/wp-content\/uploads\/2018\/07\/immavphotography_forum_amec_2018-2.jpg 1200w\" sizes=\"(max-width: 1024px) 100vw, 1024px\" \/><\/figure>\n\n\n\n<p><em>Attendees to the Forum organized by AMEC on 20th of June about internationalization ecosystems.&nbsp;<strong>Photo courtesy of AMEC<\/strong><\/em><\/p>\n\n\n\n<p>Other services include providing support and assistance to Spanish exporters in both national and international trade fairs. With more than 45 years of experience, the Association has extensive specialist knowledge in driving the internationalisation of Spanish companies, creating business opportunities and developing tailored international marketing strategies.&nbsp;<\/p>\n\n\n\n<p>Training is another of the AMEC\u2019s main services, and it provides<strong>&nbsp;<a href=\"https:\/\/www.barcelonesa.com\/en\" target=\"_blank\" rel=\"noreferrer noopener\">Barcelonesa<\/a><\/strong>&nbsp;and its other members with a wide range of sector-specific training activities. It also has an efficient and flexible team of staff available to respond to all its members\u2019 needs and to place the Association\u2019s knowledge at their disposal.<\/p>\n\n\n\n<p>In addition, the AMEC promotes networking through forums in which members can share their experiences and concerns and gain useful insights from each other.&nbsp;<\/p>\n\n\n\n<p>For Barcelonesa, becoming a member of the AMEC will provide us with essential support in expanding our business in the\u00a0<strong>chemical industry on the international level<\/strong>\u00a0and in increasing our\u00a0<a href=\"https:\/\/www.barcelonesa.com\/en\/products\/\" target=\"_blank\" rel=\"noreferrer noopener\"><strong>product<\/strong><\/a>\u00a0exports in those countries where we identify opportunities for growth.\u00a0<\/p>\n","protected":false},"excerpt":{"rendered":"<p>Since this July, Barcelonesa has been a new member of the&nbsp;AMEC, a non-profit business organisation for companies looking to expand into international markets. The Association of Internationalized Industrial Companies brings together leading&nbsp;Spanish industrial companies&nbsp;from different sectors and helps them through all the phases of their internationalisation plans, from design through to consolidation and implementation. The [&hellip;]<\/p>\n","protected":false},"author":16,"featured_media":14547,"comment_status":"open","ping_status":"open","sticky":false,"template":"","format":"standard","meta":{"_acf_changed":false,"site-sidebar-layout":"default","site-content-layout":"default","ast-site-content-layout":"","site-content-style":"default","site-sidebar-style":"default","ast-global-header-display":"","ast-banner-title-visibility":"","ast-main-header-display":"","ast-hfb-above-header-display":"","ast-hfb-below-header-display":"","ast-hfb-mobile-header-display":"","site-post-title":"","ast-breadcrumbs-content":"","ast-featured-img":"","footer-sml-layout":"","theme-transparent-header-meta":"default","adv-header-id-meta":"","stick-header-meta":"","header-above-stick-meta":"","header-main-stick-meta":"","header-below-stick-meta":"","astra-migrate-meta-layouts":"default","ast-page-background-enabled":"default","ast-page-background-meta":{"desktop":{"background-color":"var(--ast-global-color-4)","background-image":"","background-repeat":"repeat","background-position":"center center","background-size":"auto","background-attachment":"scroll","background-type":"","background-media":"","overlay-type":"","overlay-color":"","overlay-opacity":"","overlay-gradient":""},"tablet":{"background-color":"","background-image":"","background-repeat":"repeat","background-position":"center center","background-size":"auto","background-attachment":"scroll","background-type":"","background-media":"","overlay-type":"","overlay-color":"","overlay-opacity":"","overlay-gradient":""},"mobile":{"background-color":"","background-image":"","background-repeat":"repeat","background-position":"center center","background-size":"auto","background-attachment":"scroll","background-type":"","background-media":"","overlay-type":"","overlay-color":"","overlay-opacity":"","overlay-gradient":""}},"ast-content-background-meta":{"desktop":{"background-color":"var(--ast-global-color-5)","background-image":"","background-repeat":"repeat","background-position":"center center","background-size":"auto","background-attachment":"scroll","background-type":"","background-media":"","overlay-type":"","overlay-color":"","overlay-opacity":"","overlay-gradient":""},"tablet":{"background-color":"var(--ast-global-color-5)","background-image":"","background-repeat":"repeat","background-position":"center center","background-size":"auto","background-attachment":"scroll","background-type":"","background-media":"","overlay-type":"","overlay-color":"","overlay-opacity":"","overlay-gradient":""},"mobile":{"background-color":"var(--ast-global-color-5)","background-image":"","background-repeat":"repeat","background-position":"center center","background-size":"auto","background-attachment":"scroll","background-type":"","background-media":"","overlay-type":"","overlay-color":"","overlay-opacity":"","overlay-gradient":""}},"footnotes":""},"categories":[847],"tags":[972],"class_list":["post-14574","post","type-post","status-publish","format-standard","has-post-thumbnail","hentry","category-grup-barcelonesa","tag-amec-en"],"acf":[],"yoast_head":"<!-- This site is optimized with the Yoast SEO plugin v27.5 - https:\/\/yoast.com\/product\/yoast-seo-wordpress\/ -->\n<title>Barcelonesa becomes a new member of the AMEC - Barcelonesa<\/title>\n<meta name=\"robots\" content=\"index, follow, max-snippet:-1, max-image-preview:large, max-video-preview:-1\" \/>\n<link rel=\"canonical\" href=\"https:\/\/www.barcelonesa.com\/en\/blog\/barcelonesa-becomes-new-member-amec\/\" \/>\n<meta property=\"og:locale\" content=\"en_US\" \/>\n<meta property=\"og:type\" content=\"article\" \/>\n<meta property=\"og:title\" content=\"Barcelonesa becomes a new member of the AMEC - Barcelonesa\" \/>\n<meta property=\"og:description\" content=\"Since this July, Barcelonesa has been a new member of the&nbsp;AMEC, a non-profit business organisation for companies looking to expand into international markets. The Association of Internationalized Industrial Companies brings together leading&nbsp;Spanish industrial companies&nbsp;from different sectors and helps them through all the phases of their internationalisation plans, from design through to consolidation and implementation. The [&hellip;]\" \/>\n<meta property=\"og:url\" content=\"https:\/\/www.barcelonesa.com\/en\/blog\/barcelonesa-becomes-new-member-amec\/\" \/>\n<meta property=\"og:site_name\" content=\"Barcelonesa\" \/>\n<meta property=\"article:published_time\" content=\"2018-07-18T11:57:24+00:00\" \/>\n<meta property=\"article:modified_time\" content=\"2021-06-18T14:53:50+00:00\" \/>\n<meta property=\"og:image\" content=\"https:\/\/www.barcelonesa.com\/wp-content\/uploads\/2021\/05\/miembro_de_amec.jpeg\" \/>\n\t<meta property=\"og:image:width\" content=\"1700\" \/>\n\t<meta property=\"og:image:height\" content=\"535\" \/>\n\t<meta property=\"og:image:type\" content=\"image\/jpeg\" \/>\n<meta name=\"author\" content=\"Barcelonesa\" \/>\n<meta name=\"twitter:card\" content=\"summary_large_image\" \/>\n<meta name=\"twitter:label1\" content=\"Written by\" \/>\n\t<meta name=\"twitter:data1\" content=\"Barcelonesa\" \/>\n\t<meta name=\"twitter:label2\" content=\"Est. reading time\" \/>\n\t<meta name=\"twitter:data2\" content=\"1 minute\" \/>\n<script type=\"application\/ld+json\" class=\"yoast-schema-graph\">{\"@context\":\"https:\\\/\\\/schema.org\",\"@graph\":[{\"@type\":\"Article\",\"@id\":\"https:\\\/\\\/www.barcelonesa.com\\\/en\\\/blog\\\/barcelonesa-becomes-new-member-amec\\\/#article\",\"isPartOf\":{\"@id\":\"https:\\\/\\\/www.barcelonesa.com\\\/en\\\/blog\\\/barcelonesa-becomes-new-member-amec\\\/\"},\"author\":{\"name\":\"Barcelonesa\",\"@id\":\"https:\\\/\\\/www.barcelonesa.com\\\/en\\\/#\\\/schema\\\/person\\\/82f9fae0b3816b103d36cce5a5b81f8e\"},\"headline\":\"Barcelonesa becomes a new member of the AMEC\",\"datePublished\":\"2018-07-18T11:57:24+00:00\",\"dateModified\":\"2021-06-18T14:53:50+00:00\",\"mainEntityOfPage\":{\"@id\":\"https:\\\/\\\/www.barcelonesa.com\\\/en\\\/blog\\\/barcelonesa-becomes-new-member-amec\\\/\"},\"wordCount\":273,\"commentCount\":0,\"publisher\":{\"@id\":\"https:\\\/\\\/www.barcelonesa.com\\\/en\\\/#organization\"},\"image\":{\"@id\":\"https:\\\/\\\/www.barcelonesa.com\\\/en\\\/blog\\\/barcelonesa-becomes-new-member-amec\\\/#primaryimage\"},\"thumbnailUrl\":\"https:\\\/\\\/www.barcelonesa.com\\\/wp-content\\\/uploads\\\/2021\\\/05\\\/miembro_de_amec.jpeg\",\"keywords\":[\"AMEC\"],\"articleSection\":[\"Barcelonesa Group\"],\"inLanguage\":\"en-US\",\"potentialAction\":[{\"@type\":\"CommentAction\",\"name\":\"Comment\",\"target\":[\"https:\\\/\\\/www.barcelonesa.com\\\/en\\\/blog\\\/barcelonesa-becomes-new-member-amec\\\/#respond\"]}]},{\"@type\":\"WebPage\",\"@id\":\"https:\\\/\\\/www.barcelonesa.com\\\/en\\\/blog\\\/barcelonesa-becomes-new-member-amec\\\/\",\"url\":\"https:\\\/\\\/www.barcelonesa.com\\\/en\\\/blog\\\/barcelonesa-becomes-new-member-amec\\\/\",\"name\":\"Barcelonesa becomes a new member of the AMEC - Barcelonesa\",\"isPartOf\":{\"@id\":\"https:\\\/\\\/www.barcelonesa.com\\\/en\\\/#website\"},\"primaryImageOfPage\":{\"@id\":\"https:\\\/\\\/www.barcelonesa.com\\\/en\\\/blog\\\/barcelonesa-becomes-new-member-amec\\\/#primaryimage\"},\"image\":{\"@id\":\"https:\\\/\\\/www.barcelonesa.com\\\/en\\\/blog\\\/barcelonesa-becomes-new-member-amec\\\/#primaryimage\"},\"thumbnailUrl\":\"https:\\\/\\\/www.barcelonesa.com\\\/wp-content\\\/uploads\\\/2021\\\/05\\\/miembro_de_amec.jpeg\",\"datePublished\":\"2018-07-18T11:57:24+00:00\",\"dateModified\":\"2021-06-18T14:53:50+00:00\",\"breadcrumb\":{\"@id\":\"https:\\\/\\\/www.barcelonesa.com\\\/en\\\/blog\\\/barcelonesa-becomes-new-member-amec\\\/#breadcrumb\"},\"inLanguage\":\"en-US\",\"potentialAction\":[{\"@type\":\"ReadAction\",\"target\":[\"https:\\\/\\\/www.barcelonesa.com\\\/en\\\/blog\\\/barcelonesa-becomes-new-member-amec\\\/\"]}]},{\"@type\":\"ImageObject\",\"inLanguage\":\"en-US\",\"@id\":\"https:\\\/\\\/www.barcelonesa.com\\\/en\\\/blog\\\/barcelonesa-becomes-new-member-amec\\\/#primaryimage\",\"url\":\"https:\\\/\\\/www.barcelonesa.com\\\/wp-content\\\/uploads\\\/2021\\\/05\\\/miembro_de_amec.jpeg\",\"contentUrl\":\"https:\\\/\\\/www.barcelonesa.com\\\/wp-content\\\/uploads\\\/2021\\\/05\\\/miembro_de_amec.jpeg\",\"width\":1700,\"height\":535},{\"@type\":\"BreadcrumbList\",\"@id\":\"https:\\\/\\\/www.barcelonesa.com\\\/en\\\/blog\\\/barcelonesa-becomes-new-member-amec\\\/#breadcrumb\",\"itemListElement\":[{\"@type\":\"ListItem\",\"position\":1,\"name\":\"Home\",\"item\":\"https:\\\/\\\/www.barcelonesa.com\\\/en\\\/\"},{\"@type\":\"ListItem\",\"position\":2,\"name\":\"Barcelonesa becomes a new member of the AMEC\"}]},{\"@type\":\"WebSite\",\"@id\":\"https:\\\/\\\/www.barcelonesa.com\\\/en\\\/#website\",\"url\":\"https:\\\/\\\/www.barcelonesa.com\\\/en\\\/\",\"name\":\"Barcelonesa\",\"description\":\"Tu partner global de productos y especialidades qu\u00edmicas, est\u00e9s donde est\u00e9s.\",\"publisher\":{\"@id\":\"https:\\\/\\\/www.barcelonesa.com\\\/en\\\/#organization\"},\"potentialAction\":[{\"@type\":\"SearchAction\",\"target\":{\"@type\":\"EntryPoint\",\"urlTemplate\":\"https:\\\/\\\/www.barcelonesa.com\\\/en\\\/?s={search_term_string}\"},\"query-input\":{\"@type\":\"PropertyValueSpecification\",\"valueRequired\":true,\"valueName\":\"search_term_string\"}}],\"inLanguage\":\"en-US\"},{\"@type\":\"Organization\",\"@id\":\"https:\\\/\\\/www.barcelonesa.com\\\/en\\\/#organization\",\"name\":\"Barcelonesa\",\"url\":\"https:\\\/\\\/www.barcelonesa.com\\\/en\\\/\",\"logo\":{\"@type\":\"ImageObject\",\"inLanguage\":\"en-US\",\"@id\":\"https:\\\/\\\/www.barcelonesa.com\\\/en\\\/#\\\/schema\\\/logo\\\/image\\\/\",\"url\":\"https:\\\/\\\/www.barcelonesa.com\\\/wp-content\\\/uploads\\\/2023\\\/09\\\/logo_header.svg\",\"contentUrl\":\"https:\\\/\\\/www.barcelonesa.com\\\/wp-content\\\/uploads\\\/2023\\\/09\\\/logo_header.svg\",\"width\":230,\"height\":44,\"caption\":\"Barcelonesa\"},\"image\":{\"@id\":\"https:\\\/\\\/www.barcelonesa.com\\\/en\\\/#\\\/schema\\\/logo\\\/image\\\/\"},\"sameAs\":[\"https:\\\/\\\/www.linkedin.com\\\/company\\\/barcelonesa-chemicals\"]},{\"@type\":\"Person\",\"@id\":\"https:\\\/\\\/www.barcelonesa.com\\\/en\\\/#\\\/schema\\\/person\\\/82f9fae0b3816b103d36cce5a5b81f8e\",\"name\":\"Barcelonesa\",\"image\":{\"@type\":\"ImageObject\",\"inLanguage\":\"en-US\",\"@id\":\"https:\\\/\\\/www.barcelonesa.com\\\/wp-content\\\/uploads\\\/2023\\\/11\\\/B-Simbolo-Green-2-96x96.png\",\"url\":\"https:\\\/\\\/www.barcelonesa.com\\\/wp-content\\\/uploads\\\/2023\\\/11\\\/B-Simbolo-Green-2-96x96.png\",\"contentUrl\":\"https:\\\/\\\/www.barcelonesa.com\\\/wp-content\\\/uploads\\\/2023\\\/11\\\/B-Simbolo-Green-2-96x96.png\",\"caption\":\"Barcelonesa\"},\"url\":\"https:\\\/\\\/www.barcelonesa.com\\\/en\\\/author\\\/barcelonesa\\\/\"}]}<\/script>\n<!-- \/ Yoast SEO plugin. -->","yoast_head_json":{"title":"Barcelonesa becomes a new member of the AMEC - Barcelonesa","robots":{"index":"index","follow":"follow","max-snippet":"max-snippet:-1","max-image-preview":"max-image-preview:large","max-video-preview":"max-video-preview:-1"},"canonical":"https:\/\/www.barcelonesa.com\/en\/blog\/barcelonesa-becomes-new-member-amec\/","og_locale":"en_US","og_type":"article","og_title":"Barcelonesa becomes a new member of the AMEC - Barcelonesa","og_description":"Since this July, Barcelonesa has been a new member of the&nbsp;AMEC, a non-profit business organisation for companies looking to expand into international markets. The Association of Internationalized Industrial Companies brings together leading&nbsp;Spanish industrial companies&nbsp;from different sectors and helps them through all the phases of their internationalisation plans, from design through to consolidation and implementation. The [&hellip;]","og_url":"https:\/\/www.barcelonesa.com\/en\/blog\/barcelonesa-becomes-new-member-amec\/","og_site_name":"Barcelonesa","article_published_time":"2018-07-18T11:57:24+00:00","article_modified_time":"2021-06-18T14:53:50+00:00","og_image":[{"width":1700,"height":535,"url":"https:\/\/www.barcelonesa.com\/wp-content\/uploads\/2021\/05\/miembro_de_amec.jpeg","type":"image\/jpeg"}],"author":"Barcelonesa","twitter_card":"summary_large_image","twitter_misc":{"Written by":"Barcelonesa","Est. reading time":"1 minute"},"schema":{"@context":"https:\/\/schema.org","@graph":[{"@type":"Article","@id":"https:\/\/www.barcelonesa.com\/en\/blog\/barcelonesa-becomes-new-member-amec\/#article","isPartOf":{"@id":"https:\/\/www.barcelonesa.com\/en\/blog\/barcelonesa-becomes-new-member-amec\/"},"author":{"name":"Barcelonesa","@id":"https:\/\/www.barcelonesa.com\/en\/#\/schema\/person\/82f9fae0b3816b103d36cce5a5b81f8e"},"headline":"Barcelonesa becomes a new member of the AMEC","datePublished":"2018-07-18T11:57:24+00:00","dateModified":"2021-06-18T14:53:50+00:00","mainEntityOfPage":{"@id":"https:\/\/www.barcelonesa.com\/en\/blog\/barcelonesa-becomes-new-member-amec\/"},"wordCount":273,"commentCount":0,"publisher":{"@id":"https:\/\/www.barcelonesa.com\/en\/#organization"},"image":{"@id":"https:\/\/www.barcelonesa.com\/en\/blog\/barcelonesa-becomes-new-member-amec\/#primaryimage"},"thumbnailUrl":"https:\/\/www.barcelonesa.com\/wp-content\/uploads\/2021\/05\/miembro_de_amec.jpeg","keywords":["AMEC"],"articleSection":["Barcelonesa Group"],"inLanguage":"en-US","potentialAction":[{"@type":"CommentAction","name":"Comment","target":["https:\/\/www.barcelonesa.com\/en\/blog\/barcelonesa-becomes-new-member-amec\/#respond"]}]},{"@type":"WebPage","@id":"https:\/\/www.barcelonesa.com\/en\/blog\/barcelonesa-becomes-new-member-amec\/","url":"https:\/\/www.barcelonesa.com\/en\/blog\/barcelonesa-becomes-new-member-amec\/","name":"Barcelonesa becomes a new member of the AMEC - Barcelonesa","isPartOf":{"@id":"https:\/\/www.barcelonesa.com\/en\/#website"},"primaryImageOfPage":{"@id":"https:\/\/www.barcelonesa.com\/en\/blog\/barcelonesa-becomes-new-member-amec\/#primaryimage"},"image":{"@id":"https:\/\/www.barcelonesa.com\/en\/blog\/barcelonesa-becomes-new-member-amec\/#primaryimage"},"thumbnailUrl":"https:\/\/www.barcelonesa.com\/wp-content\/uploads\/2021\/05\/miembro_de_amec.jpeg","datePublished":"2018-07-18T11:57:24+00:00","dateModified":"2021-06-18T14:53:50+00:00","breadcrumb":{"@id":"https:\/\/www.barcelonesa.com\/en\/blog\/barcelonesa-becomes-new-member-amec\/#breadcrumb"},"inLanguage":"en-US","potentialAction":[{"@type":"ReadAction","target":["https:\/\/www.barcelonesa.com\/en\/blog\/barcelonesa-becomes-new-member-amec\/"]}]},{"@type":"ImageObject","inLanguage":"en-US","@id":"https:\/\/www.barcelonesa.com\/en\/blog\/barcelonesa-becomes-new-member-amec\/#primaryimage","url":"https:\/\/www.barcelonesa.com\/wp-content\/uploads\/2021\/05\/miembro_de_amec.jpeg","contentUrl":"https:\/\/www.barcelonesa.com\/wp-content\/uploads\/2021\/05\/miembro_de_amec.jpeg","width":1700,"height":535},{"@type":"BreadcrumbList","@id":"https:\/\/www.barcelonesa.com\/en\/blog\/barcelonesa-becomes-new-member-amec\/#breadcrumb","itemListElement":[{"@type":"ListItem","position":1,"name":"Home","item":"https:\/\/www.barcelonesa.com\/en\/"},{"@type":"ListItem","position":2,"name":"Barcelonesa becomes a new member of the AMEC"}]},{"@type":"WebSite","@id":"https:\/\/www.barcelonesa.com\/en\/#website","url":"https:\/\/www.barcelonesa.com\/en\/","name":"Barcelonesa","description":"Tu partner global de productos y especialidades qu\u00edmicas, est\u00e9s donde est\u00e9s.","publisher":{"@id":"https:\/\/www.barcelonesa.com\/en\/#organization"},"potentialAction":[{"@type":"SearchAction","target":{"@type":"EntryPoint","urlTemplate":"https:\/\/www.barcelonesa.com\/en\/?s={search_term_string}"},"query-input":{"@type":"PropertyValueSpecification","valueRequired":true,"valueName":"search_term_string"}}],"inLanguage":"en-US"},{"@type":"Organization","@id":"https:\/\/www.barcelonesa.com\/en\/#organization","name":"Barcelonesa","url":"https:\/\/www.barcelonesa.com\/en\/","logo":{"@type":"ImageObject","inLanguage":"en-US","@id":"https:\/\/www.barcelonesa.com\/en\/#\/schema\/logo\/image\/","url":"https:\/\/www.barcelonesa.com\/wp-content\/uploads\/2023\/09\/logo_header.svg","contentUrl":"https:\/\/www.barcelonesa.com\/wp-content\/uploads\/2023\/09\/logo_header.svg","width":230,"height":44,"caption":"Barcelonesa"},"image":{"@id":"https:\/\/www.barcelonesa.com\/en\/#\/schema\/logo\/image\/"},"sameAs":["https:\/\/www.linkedin.com\/company\/barcelonesa-chemicals"]},{"@type":"Person","@id":"https:\/\/www.barcelonesa.com\/en\/#\/schema\/person\/82f9fae0b3816b103d36cce5a5b81f8e","name":"Barcelonesa","image":{"@type":"ImageObject","inLanguage":"en-US","@id":"https:\/\/www.barcelonesa.com\/wp-content\/uploads\/2023\/11\/B-Simbolo-Green-2-96x96.png","url":"https:\/\/www.barcelonesa.com\/wp-content\/uploads\/2023\/11\/B-Simbolo-Green-2-96x96.png","contentUrl":"https:\/\/www.barcelonesa.com\/wp-content\/uploads\/2023\/11\/B-Simbolo-Green-2-96x96.png","caption":"Barcelonesa"},"url":"https:\/\/www.barcelonesa.com\/en\/author\/barcelonesa\/"}]}},"_links":{"self":[{"href":"https:\/\/www.barcelonesa.com\/en\/wp-json\/wp\/v2\/posts\/14574","targetHints":{"allow":["GET"]}}],"collection":[{"href":"https:\/\/www.barcelonesa.com\/en\/wp-json\/wp\/v2\/posts"}],"about":[{"href":"https:\/\/www.barcelonesa.com\/en\/wp-json\/wp\/v2\/types\/post"}],"author":[{"embeddable":true,"href":"https:\/\/www.barcelonesa.com\/en\/wp-json\/wp\/v2\/users\/16"}],"replies":[{"embeddable":true,"href":"https:\/\/www.barcelonesa.com\/en\/wp-json\/wp\/v2\/comments?post=14574"}],"version-history":[{"count":2,"href":"https:\/\/www.barcelonesa.com\/en\/wp-json\/wp\/v2\/posts\/14574\/revisions"}],"predecessor-version":[{"id":17842,"href":"https:\/\/www.barcelonesa.com\/en\/wp-json\/wp\/v2\/posts\/14574\/revisions\/17842"}],"wp:featuredmedia":[{"embeddable":true,"href":"https:\/\/www.barcelonesa.com\/en\/wp-json\/wp\/v2\/media\/14547"}],"wp:attachment":[{"href":"https:\/\/www.barcelonesa.com\/en\/wp-json\/wp\/v2\/media?parent=14574"}],"wp:term":[{"taxonomy":"category","embeddable":true,"href":"https:\/\/www.barcelonesa.com\/en\/wp-json\/wp\/v2\/categories?post=14574"},{"taxonomy":"post_tag","embeddable":true,"href":"https:\/\/www.barcelonesa.com\/en\/wp-json\/wp\/v2\/tags?post=14574"}],"curies":[{"name":"wp","href":"https:\/\/api.w.org\/{rel}","templated":true}]}}