{"id":18549,"date":"2021-06-28T17:05:00","date_gmt":"2021-06-28T15:05:00","guid":{"rendered":"https:\/\/www.barcelonesa.com\/apertura-de-nuestro-nuevo-centro-logistico-dedicado-al-sector-alimentario\/"},"modified":"2021-07-23T09:53:23","modified_gmt":"2021-07-23T07:53:23","slug":"opening-our-new-logistics-centre-dedicated-food-sector","status":"publish","type":"post","link":"https:\/\/www.barcelonesa.com\/en\/blog\/opening-our-new-logistics-centre-dedicated-food-sector\/","title":{"rendered":"Opening of our new logistics centre dedicated to the food sector"},"content":{"rendered":"\n<p>At Grup Barcelonesa we are always improving to offer the most complete service to our customers.&nbsp;<\/p>\n\n\n\n<p>This time everything is ready&nbsp;<strong>to expand our facilities and optimize our services<\/strong>&nbsp;with a new logistics centre dedicated to the food segment of our company.&nbsp;<\/p>\n\n\n\n<p>Do you want to know more about these new facilities?<\/p>\n\n\n\n<p>Keep reading because we are sure you will be interested.<\/p>\n\n\n\n<h2 class=\"wp-block-heading\">STRENGTHENING OUR SERVICE IN THE FOOD SEGMENT<\/h2>\n\n\n\n<p>As you may already know, at Grup Barcelonesa we specialise in the management, distribution and storage of chemical products. But we are not only dedicated to this type of products.&nbsp;<\/p>\n\n\n\n<p>We also operate in other industrial sectors such as construction, livestock, metallurgy&#8230; and food.<\/p>\n\n\n\n<p>In this last sector, we offer an integral service of distribution, mixing, packaging, labelling, storage and transport of all types of ingredients and food additives.<\/p>\n\n\n\n<p>All this under our brand &#8220;Barcelonesa Food Solutions&#8221;.&nbsp;<\/p>\n\n\n\n<p>By having new facilities, we aim to:<\/p>\n\n\n\n<ul class=\"wp-block-list\"><li>Strengthen the food sector of Grup Barcelonesa.<\/li><li>Expand our range of solutions for the food industry.<\/li><li>Adapt to the requirements of our customers.<\/li><li>To provide a better service.<\/li><\/ul>\n\n\n\n<p>For all these reasons, during the course of this year, we will be setting up a new logistics and production centre in Parets del Vall\u00e8s.<\/p>\n\n\n\n<h2 class=\"wp-block-heading\">OUR LOGISTICS WAREHOUSE IN PARETS DEL VALL\u00c8S<\/h2>\n\n\n\n<p>This recent investment comes as a result of&nbsp;<strong>the growth we have experienced<\/strong>&nbsp;in the food sector,&nbsp;<\/p>\n\n\n\n<p>To give you an idea,&nbsp;<strong>these are some of the characteristics<\/strong>&nbsp;of what will soon be our new food plant:<\/p>\n\n\n\n<ul class=\"wp-block-list\"><li>Newly built 6,660 square metre logistics warehouse.<\/li><li>Concrete structure with sandwich-type roof.&nbsp;<\/li><li>It will be specialised to cover everything related to logistics and the handling of food additives and ingredients.<\/li><li>Located in the Sector Autopista industrial estate.<\/li><li>5,685 m\u00b2 of space will be used for warehousing.<\/li><li>975 m\u00b2 will be set aside for offices.<\/li><li>The yard will cover an area of 5,000 m\u00b2.<\/li><\/ul>\n\n\n\n<p>The facilities are in the construction phase, but are expected to be up and running in the near future. The procedures are well underway and the new platform is almost a reality.&nbsp;<\/p>\n\n\n\n<h2 class=\"wp-block-heading\">AN IDEAL PLACE TO OPERATE THROUGHOUT THE COUNTRY<\/h2>\n\n\n\n<p>As you have been able to see, the characteristics of the warehouse are perfect for housing everything related to our activity.&nbsp;<\/p>\n\n\n\n<p>Moreover, it is in a privileged location: the Sector Autopista industrial estate, which is an area particularly renowned for its good road and public transport connections and is located 30 km from Barcelona&#8217;s port and airport.<\/p>\n\n\n\n<p>From there, it is possible to move quickly to the city of Barcelona and its metropolitan area.&nbsp;<\/p>\n\n\n\n<p>In addition, you can also have&nbsp;<strong>direct access to the C-17 road and the AP-7 motorway<\/strong>&nbsp;(the well-known Mediterranean motorway that connects the entire Spanish Mediterranean coast from the French border to Guadiaro, in Cadiz).<\/p>\n\n\n\n<p>It is also connected to several intercity bus lines and the Renfe train services (specifically the R3 line).<\/p>\n\n\n\n<h2 class=\"wp-block-heading\">GROWING THANKS TO THE TRUST OF OUR CUSTOMERS<\/h2>\n\n\n\n<p>At Grup Barcelonesa we strive to offer a quality service. And for this reason, we are looking forward to our centre being fully operational in order to continue serving you in the best conditions.&nbsp;<\/p>\n\n\n\n<p>We hope that this positive trend continues so that we can continue to expand our catalogue and optimise our services.<\/p>\n\n\n\n<p>And you have a business related to the food sector?<\/p>\n\n\n\n<p>Our new facilities will soon be ready to welcome you. In the meantime, we will be delighted to attend to your proposals and answer any questions you may have.<\/p>\n\n\n\n<p>To do so, please contact us by filling in the form below.<\/p>\n","protected":false},"excerpt":{"rendered":"<p>At Grup Barcelonesa we are always improving to offer the most complete service to our customers.&nbsp; This time everything is ready&nbsp;to expand our facilities and optimize our services&nbsp;with a new logistics centre dedicated to the food segment of our company.&nbsp; Do you want to know more about these new facilities? Keep reading because we are [&hellip;]<\/p>\n","protected":false},"author":13,"featured_media":18545,"comment_status":"closed","ping_status":"open","sticky":false,"template":"","format":"standard","meta":{"_acf_changed":false,"site-sidebar-layout":"default","site-content-layout":"default","ast-site-content-layout":"","site-content-style":"default","site-sidebar-style":"default","ast-global-header-display":"","ast-banner-title-visibility":"","ast-main-header-display":"","ast-hfb-above-header-display":"","ast-hfb-below-header-display":"","ast-hfb-mobile-header-display":"","site-post-title":"","ast-breadcrumbs-content":"","ast-featured-img":"","footer-sml-layout":"","theme-transparent-header-meta":"default","adv-header-id-meta":"","stick-header-meta":"","header-above-stick-meta":"","header-main-stick-meta":"","header-below-stick-meta":"","astra-migrate-meta-layouts":"default","ast-page-background-enabled":"default","ast-page-background-meta":{"desktop":{"background-color":"var(--ast-global-color-4)","background-image":"","background-repeat":"repeat","background-position":"center center","background-size":"auto","background-attachment":"scroll","background-type":"","background-media":"","overlay-type":"","overlay-color":"","overlay-opacity":"","overlay-gradient":""},"tablet":{"background-color":"","background-image":"","background-repeat":"repeat","background-position":"center center","background-size":"auto","background-attachment":"scroll","background-type":"","background-media":"","overlay-type":"","overlay-color":"","overlay-opacity":"","overlay-gradient":""},"mobile":{"background-color":"","background-image":"","background-repeat":"repeat","background-position":"center center","background-size":"auto","background-attachment":"scroll","background-type":"","background-media":"","overlay-type":"","overlay-color":"","overlay-opacity":"","overlay-gradient":""}},"ast-content-background-meta":{"desktop":{"background-color":"var(--ast-global-color-5)","background-image":"","background-repeat":"repeat","background-position":"center center","background-size":"auto","background-attachment":"scroll","background-type":"","background-media":"","overlay-type":"","overlay-color":"","overlay-opacity":"","overlay-gradient":""},"tablet":{"background-color":"var(--ast-global-color-5)","background-image":"","background-repeat":"repeat","background-position":"center center","background-size":"auto","background-attachment":"scroll","background-type":"","background-media":"","overlay-type":"","overlay-color":"","overlay-opacity":"","overlay-gradient":""},"mobile":{"background-color":"var(--ast-global-color-5)","background-image":"","background-repeat":"repeat","background-position":"center center","background-size":"auto","background-attachment":"scroll","background-type":"","background-media":"","overlay-type":"","overlay-color":"","overlay-opacity":"","overlay-gradient":""}},"footnotes":""},"categories":[845],"tags":[],"class_list":["post-18549","post","type-post","status-publish","format-standard","has-post-thumbnail","hentry","category-human-nutrition"],"acf":[],"yoast_head":"<!-- This site is optimized with the Yoast SEO plugin v27.2 - https:\/\/yoast.com\/product\/yoast-seo-wordpress\/ -->\n<title>Opening of our new logistics centre dedicated to the food sector - Barcelonesa<\/title>\n<meta name=\"description\" content=\"We are expanding our facilities and optimizing our services with a new logistics center dedicated to the food segment of our business.\" \/>\n<meta name=\"robots\" content=\"index, follow, max-snippet:-1, max-image-preview:large, max-video-preview:-1\" \/>\n<link rel=\"canonical\" href=\"https:\/\/www.barcelonesa.com\/en\/blog\/opening-our-new-logistics-centre-dedicated-food-sector\/\" \/>\n<meta property=\"og:locale\" content=\"en_US\" \/>\n<meta property=\"og:type\" content=\"article\" \/>\n<meta property=\"og:title\" content=\"Opening of our new logistics centre dedicated to the food sector - Barcelonesa\" \/>\n<meta property=\"og:description\" content=\"We are expanding our facilities and optimizing our services with a new logistics center dedicated to the food segment of our business.\" \/>\n<meta property=\"og:url\" content=\"https:\/\/www.barcelonesa.com\/en\/blog\/opening-our-new-logistics-centre-dedicated-food-sector\/\" \/>\n<meta property=\"og:site_name\" content=\"Barcelonesa\" \/>\n<meta property=\"article:published_time\" content=\"2021-06-28T15:05:00+00:00\" \/>\n<meta property=\"article:modified_time\" content=\"2021-07-23T07:53:23+00:00\" \/>\n<meta property=\"og:image\" content=\"https:\/\/www.barcelonesa.com\/wp-content\/uploads\/2021\/06\/apertura-nuevo-centro-logistico-alimentario.jpg\" \/>\n\t<meta property=\"og:image:width\" content=\"1600\" \/>\n\t<meta property=\"og:image:height\" content=\"760\" \/>\n\t<meta property=\"og:image:type\" content=\"image\/jpeg\" \/>\n<meta name=\"author\" content=\"Jaume Casas\" \/>\n<meta name=\"twitter:card\" content=\"summary_large_image\" \/>\n<meta name=\"twitter:label1\" content=\"Written by\" \/>\n\t<meta name=\"twitter:data1\" content=\"Jaume Casas\" \/>\n\t<meta name=\"twitter:label2\" content=\"Est. reading time\" \/>\n\t<meta name=\"twitter:data2\" content=\"3 minutes\" \/>\n<script type=\"application\/ld+json\" class=\"yoast-schema-graph\">{\"@context\":\"https:\/\/schema.org\",\"@graph\":[{\"@type\":\"Article\",\"@id\":\"https:\/\/www.barcelonesa.com\/en\/blog\/opening-our-new-logistics-centre-dedicated-food-sector\/#article\",\"isPartOf\":{\"@id\":\"https:\/\/www.barcelonesa.com\/en\/blog\/opening-our-new-logistics-centre-dedicated-food-sector\/\"},\"author\":{\"name\":\"Jaume Casas\",\"@id\":\"https:\/\/www.barcelonesa.com\/en\/#\/schema\/person\/a178cf2e65a40b80b33f3b5844529840\"},\"headline\":\"Opening of our new logistics centre dedicated to the food sector\",\"datePublished\":\"2021-06-28T15:05:00+00:00\",\"dateModified\":\"2021-07-23T07:53:23+00:00\",\"mainEntityOfPage\":{\"@id\":\"https:\/\/www.barcelonesa.com\/en\/blog\/opening-our-new-logistics-centre-dedicated-food-sector\/\"},\"wordCount\":620,\"publisher\":{\"@id\":\"https:\/\/www.barcelonesa.com\/en\/#organization\"},\"image\":{\"@id\":\"https:\/\/www.barcelonesa.com\/en\/blog\/opening-our-new-logistics-centre-dedicated-food-sector\/#primaryimage\"},\"thumbnailUrl\":\"https:\/\/www.barcelonesa.com\/wp-content\/uploads\/2021\/06\/apertura-nuevo-centro-logistico-alimentario.jpg\",\"articleSection\":[\"Human Nutrition\"],\"inLanguage\":\"en-US\"},{\"@type\":\"WebPage\",\"@id\":\"https:\/\/www.barcelonesa.com\/en\/blog\/opening-our-new-logistics-centre-dedicated-food-sector\/\",\"url\":\"https:\/\/www.barcelonesa.com\/en\/blog\/opening-our-new-logistics-centre-dedicated-food-sector\/\",\"name\":\"Opening of our new logistics centre dedicated to the food sector - Barcelonesa\",\"isPartOf\":{\"@id\":\"https:\/\/www.barcelonesa.com\/en\/#website\"},\"primaryImageOfPage\":{\"@id\":\"https:\/\/www.barcelonesa.com\/en\/blog\/opening-our-new-logistics-centre-dedicated-food-sector\/#primaryimage\"},\"image\":{\"@id\":\"https:\/\/www.barcelonesa.com\/en\/blog\/opening-our-new-logistics-centre-dedicated-food-sector\/#primaryimage\"},\"thumbnailUrl\":\"https:\/\/www.barcelonesa.com\/wp-content\/uploads\/2021\/06\/apertura-nuevo-centro-logistico-alimentario.jpg\",\"datePublished\":\"2021-06-28T15:05:00+00:00\",\"dateModified\":\"2021-07-23T07:53:23+00:00\",\"description\":\"We are expanding our facilities and optimizing our services with a new logistics center dedicated to the food segment of our business.\",\"breadcrumb\":{\"@id\":\"https:\/\/www.barcelonesa.com\/en\/blog\/opening-our-new-logistics-centre-dedicated-food-sector\/#breadcrumb\"},\"inLanguage\":\"en-US\",\"potentialAction\":[{\"@type\":\"ReadAction\",\"target\":[\"https:\/\/www.barcelonesa.com\/en\/blog\/opening-our-new-logistics-centre-dedicated-food-sector\/\"]}]},{\"@type\":\"ImageObject\",\"inLanguage\":\"en-US\",\"@id\":\"https:\/\/www.barcelonesa.com\/en\/blog\/opening-our-new-logistics-centre-dedicated-food-sector\/#primaryimage\",\"url\":\"https:\/\/www.barcelonesa.com\/wp-content\/uploads\/2021\/06\/apertura-nuevo-centro-logistico-alimentario.jpg\",\"contentUrl\":\"https:\/\/www.barcelonesa.com\/wp-content\/uploads\/2021\/06\/apertura-nuevo-centro-logistico-alimentario.jpg\",\"width\":1600,\"height\":760},{\"@type\":\"BreadcrumbList\",\"@id\":\"https:\/\/www.barcelonesa.com\/en\/blog\/opening-our-new-logistics-centre-dedicated-food-sector\/#breadcrumb\",\"itemListElement\":[{\"@type\":\"ListItem\",\"position\":1,\"name\":\"Home\",\"item\":\"https:\/\/www.barcelonesa.com\/en\/\"},{\"@type\":\"ListItem\",\"position\":2,\"name\":\"Opening of our new logistics centre dedicated to the food sector\"}]},{\"@type\":\"WebSite\",\"@id\":\"https:\/\/www.barcelonesa.com\/en\/#website\",\"url\":\"https:\/\/www.barcelonesa.com\/en\/\",\"name\":\"Barcelonesa\",\"description\":\"Tu partner global de productos y especialidades qu\u00edmicas, est\u00e9s donde est\u00e9s.\",\"publisher\":{\"@id\":\"https:\/\/www.barcelonesa.com\/en\/#organization\"},\"potentialAction\":[{\"@type\":\"SearchAction\",\"target\":{\"@type\":\"EntryPoint\",\"urlTemplate\":\"https:\/\/www.barcelonesa.com\/en\/?s={search_term_string}\"},\"query-input\":{\"@type\":\"PropertyValueSpecification\",\"valueRequired\":true,\"valueName\":\"search_term_string\"}}],\"inLanguage\":\"en-US\"},{\"@type\":\"Organization\",\"@id\":\"https:\/\/www.barcelonesa.com\/en\/#organization\",\"name\":\"Barcelonesa\",\"url\":\"https:\/\/www.barcelonesa.com\/en\/\",\"logo\":{\"@type\":\"ImageObject\",\"inLanguage\":\"en-US\",\"@id\":\"https:\/\/www.barcelonesa.com\/en\/#\/schema\/logo\/image\/\",\"url\":\"https:\/\/www.barcelonesa.com\/wp-content\/uploads\/2023\/09\/logo_header.svg\",\"contentUrl\":\"https:\/\/www.barcelonesa.com\/wp-content\/uploads\/2023\/09\/logo_header.svg\",\"width\":230,\"height\":44,\"caption\":\"Barcelonesa\"},\"image\":{\"@id\":\"https:\/\/www.barcelonesa.com\/en\/#\/schema\/logo\/image\/\"},\"sameAs\":[\"https:\/\/www.linkedin.com\/company\/barcelonesa-chemicals\"]},{\"@type\":\"Person\",\"@id\":\"https:\/\/www.barcelonesa.com\/en\/#\/schema\/person\/a178cf2e65a40b80b33f3b5844529840\",\"name\":\"Jaume Casas\",\"image\":{\"@type\":\"ImageObject\",\"inLanguage\":\"en-US\",\"@id\":\"https:\/\/www.barcelonesa.com\/wp-content\/uploads\/2021\/05\/jaume-casas-96x96.jpg\",\"url\":\"https:\/\/www.barcelonesa.com\/wp-content\/uploads\/2021\/05\/jaume-casas-96x96.jpg\",\"contentUrl\":\"https:\/\/www.barcelonesa.com\/wp-content\/uploads\/2021\/05\/jaume-casas-96x96.jpg\",\"caption\":\"Jaume Casas\"},\"sameAs\":[\"http:\/\/www.grupbarcelonesa.com\/es\/nutricion-humana\"],\"url\":\"https:\/\/www.barcelonesa.com\/en\/author\/jaume-casas\/\"}]}<\/script>\n<!-- \/ Yoast SEO plugin. -->","yoast_head_json":{"title":"Opening of our new logistics centre dedicated to the food sector - Barcelonesa","description":"We are expanding our facilities and optimizing our services with a new logistics center dedicated to the food segment of our business.","robots":{"index":"index","follow":"follow","max-snippet":"max-snippet:-1","max-image-preview":"max-image-preview:large","max-video-preview":"max-video-preview:-1"},"canonical":"https:\/\/www.barcelonesa.com\/en\/blog\/opening-our-new-logistics-centre-dedicated-food-sector\/","og_locale":"en_US","og_type":"article","og_title":"Opening of our new logistics centre dedicated to the food sector - Barcelonesa","og_description":"We are expanding our facilities and optimizing our services with a new logistics center dedicated to the food segment of our business.","og_url":"https:\/\/www.barcelonesa.com\/en\/blog\/opening-our-new-logistics-centre-dedicated-food-sector\/","og_site_name":"Barcelonesa","article_published_time":"2021-06-28T15:05:00+00:00","article_modified_time":"2021-07-23T07:53:23+00:00","og_image":[{"width":1600,"height":760,"url":"https:\/\/www.barcelonesa.com\/wp-content\/uploads\/2021\/06\/apertura-nuevo-centro-logistico-alimentario.jpg","type":"image\/jpeg"}],"author":"Jaume Casas","twitter_card":"summary_large_image","twitter_misc":{"Written by":"Jaume Casas","Est. reading time":"3 minutes"},"schema":{"@context":"https:\/\/schema.org","@graph":[{"@type":"Article","@id":"https:\/\/www.barcelonesa.com\/en\/blog\/opening-our-new-logistics-centre-dedicated-food-sector\/#article","isPartOf":{"@id":"https:\/\/www.barcelonesa.com\/en\/blog\/opening-our-new-logistics-centre-dedicated-food-sector\/"},"author":{"name":"Jaume Casas","@id":"https:\/\/www.barcelonesa.com\/en\/#\/schema\/person\/a178cf2e65a40b80b33f3b5844529840"},"headline":"Opening of our new logistics centre dedicated to the food sector","datePublished":"2021-06-28T15:05:00+00:00","dateModified":"2021-07-23T07:53:23+00:00","mainEntityOfPage":{"@id":"https:\/\/www.barcelonesa.com\/en\/blog\/opening-our-new-logistics-centre-dedicated-food-sector\/"},"wordCount":620,"publisher":{"@id":"https:\/\/www.barcelonesa.com\/en\/#organization"},"image":{"@id":"https:\/\/www.barcelonesa.com\/en\/blog\/opening-our-new-logistics-centre-dedicated-food-sector\/#primaryimage"},"thumbnailUrl":"https:\/\/www.barcelonesa.com\/wp-content\/uploads\/2021\/06\/apertura-nuevo-centro-logistico-alimentario.jpg","articleSection":["Human Nutrition"],"inLanguage":"en-US"},{"@type":"WebPage","@id":"https:\/\/www.barcelonesa.com\/en\/blog\/opening-our-new-logistics-centre-dedicated-food-sector\/","url":"https:\/\/www.barcelonesa.com\/en\/blog\/opening-our-new-logistics-centre-dedicated-food-sector\/","name":"Opening of our new logistics centre dedicated to the food sector - Barcelonesa","isPartOf":{"@id":"https:\/\/www.barcelonesa.com\/en\/#website"},"primaryImageOfPage":{"@id":"https:\/\/www.barcelonesa.com\/en\/blog\/opening-our-new-logistics-centre-dedicated-food-sector\/#primaryimage"},"image":{"@id":"https:\/\/www.barcelonesa.com\/en\/blog\/opening-our-new-logistics-centre-dedicated-food-sector\/#primaryimage"},"thumbnailUrl":"https:\/\/www.barcelonesa.com\/wp-content\/uploads\/2021\/06\/apertura-nuevo-centro-logistico-alimentario.jpg","datePublished":"2021-06-28T15:05:00+00:00","dateModified":"2021-07-23T07:53:23+00:00","description":"We are expanding our facilities and optimizing our services with a new logistics center dedicated to the food segment of our business.","breadcrumb":{"@id":"https:\/\/www.barcelonesa.com\/en\/blog\/opening-our-new-logistics-centre-dedicated-food-sector\/#breadcrumb"},"inLanguage":"en-US","potentialAction":[{"@type":"ReadAction","target":["https:\/\/www.barcelonesa.com\/en\/blog\/opening-our-new-logistics-centre-dedicated-food-sector\/"]}]},{"@type":"ImageObject","inLanguage":"en-US","@id":"https:\/\/www.barcelonesa.com\/en\/blog\/opening-our-new-logistics-centre-dedicated-food-sector\/#primaryimage","url":"https:\/\/www.barcelonesa.com\/wp-content\/uploads\/2021\/06\/apertura-nuevo-centro-logistico-alimentario.jpg","contentUrl":"https:\/\/www.barcelonesa.com\/wp-content\/uploads\/2021\/06\/apertura-nuevo-centro-logistico-alimentario.jpg","width":1600,"height":760},{"@type":"BreadcrumbList","@id":"https:\/\/www.barcelonesa.com\/en\/blog\/opening-our-new-logistics-centre-dedicated-food-sector\/#breadcrumb","itemListElement":[{"@type":"ListItem","position":1,"name":"Home","item":"https:\/\/www.barcelonesa.com\/en\/"},{"@type":"ListItem","position":2,"name":"Opening of our new logistics centre dedicated to the food sector"}]},{"@type":"WebSite","@id":"https:\/\/www.barcelonesa.com\/en\/#website","url":"https:\/\/www.barcelonesa.com\/en\/","name":"Barcelonesa","description":"Tu partner global de productos y especialidades qu\u00edmicas, est\u00e9s donde est\u00e9s.","publisher":{"@id":"https:\/\/www.barcelonesa.com\/en\/#organization"},"potentialAction":[{"@type":"SearchAction","target":{"@type":"EntryPoint","urlTemplate":"https:\/\/www.barcelonesa.com\/en\/?s={search_term_string}"},"query-input":{"@type":"PropertyValueSpecification","valueRequired":true,"valueName":"search_term_string"}}],"inLanguage":"en-US"},{"@type":"Organization","@id":"https:\/\/www.barcelonesa.com\/en\/#organization","name":"Barcelonesa","url":"https:\/\/www.barcelonesa.com\/en\/","logo":{"@type":"ImageObject","inLanguage":"en-US","@id":"https:\/\/www.barcelonesa.com\/en\/#\/schema\/logo\/image\/","url":"https:\/\/www.barcelonesa.com\/wp-content\/uploads\/2023\/09\/logo_header.svg","contentUrl":"https:\/\/www.barcelonesa.com\/wp-content\/uploads\/2023\/09\/logo_header.svg","width":230,"height":44,"caption":"Barcelonesa"},"image":{"@id":"https:\/\/www.barcelonesa.com\/en\/#\/schema\/logo\/image\/"},"sameAs":["https:\/\/www.linkedin.com\/company\/barcelonesa-chemicals"]},{"@type":"Person","@id":"https:\/\/www.barcelonesa.com\/en\/#\/schema\/person\/a178cf2e65a40b80b33f3b5844529840","name":"Jaume Casas","image":{"@type":"ImageObject","inLanguage":"en-US","@id":"https:\/\/www.barcelonesa.com\/wp-content\/uploads\/2021\/05\/jaume-casas-96x96.jpg","url":"https:\/\/www.barcelonesa.com\/wp-content\/uploads\/2021\/05\/jaume-casas-96x96.jpg","contentUrl":"https:\/\/www.barcelonesa.com\/wp-content\/uploads\/2021\/05\/jaume-casas-96x96.jpg","caption":"Jaume Casas"},"sameAs":["http:\/\/www.grupbarcelonesa.com\/es\/nutricion-humana"],"url":"https:\/\/www.barcelonesa.com\/en\/author\/jaume-casas\/"}]}},"_links":{"self":[{"href":"https:\/\/www.barcelonesa.com\/en\/wp-json\/wp\/v2\/posts\/18549","targetHints":{"allow":["GET"]}}],"collection":[{"href":"https:\/\/www.barcelonesa.com\/en\/wp-json\/wp\/v2\/posts"}],"about":[{"href":"https:\/\/www.barcelonesa.com\/en\/wp-json\/wp\/v2\/types\/post"}],"author":[{"embeddable":true,"href":"https:\/\/www.barcelonesa.com\/en\/wp-json\/wp\/v2\/users\/13"}],"replies":[{"embeddable":true,"href":"https:\/\/www.barcelonesa.com\/en\/wp-json\/wp\/v2\/comments?post=18549"}],"version-history":[{"count":1,"href":"https:\/\/www.barcelonesa.com\/en\/wp-json\/wp\/v2\/posts\/18549\/revisions"}],"predecessor-version":[{"id":18550,"href":"https:\/\/www.barcelonesa.com\/en\/wp-json\/wp\/v2\/posts\/18549\/revisions\/18550"}],"wp:featuredmedia":[{"embeddable":true,"href":"https:\/\/www.barcelonesa.com\/en\/wp-json\/wp\/v2\/media\/18545"}],"wp:attachment":[{"href":"https:\/\/www.barcelonesa.com\/en\/wp-json\/wp\/v2\/media?parent=18549"}],"wp:term":[{"taxonomy":"category","embeddable":true,"href":"https:\/\/www.barcelonesa.com\/en\/wp-json\/wp\/v2\/categories?post=18549"},{"taxonomy":"post_tag","embeddable":true,"href":"https:\/\/www.barcelonesa.com\/en\/wp-json\/wp\/v2\/tags?post=18549"}],"curies":[{"name":"wp","href":"https:\/\/api.w.org\/{rel}","templated":true}]}}