{"id":14169,"date":"2020-12-17T14:57:14","date_gmt":"2020-12-17T13:57:14","guid":{"rendered":"https:\/\/www.barcelonesa.com\/?p=14169"},"modified":"2026-01-15T11:31:07","modified_gmt":"2026-01-15T10:31:07","slug":"las-caras-de-la-vulnerabilidad-iniciativa-de-san-juan-de-dios","status":"publish","type":"post","link":"https:\/\/www.barcelonesa.com\/es\/blog\/las-caras-de-la-vulnerabilidad-iniciativa-de-san-juan-de-dios\/","title":{"rendered":"Las caras de la vulnerabilidad, iniciativa de San Juan de Dios."},"content":{"rendered":"\n<p>Cada 20 de diciembre se celebra El D\u00eda Internacional de la Solidaridad Humana desde 2005.<\/p>\n\n\n\n<p>La celebraci\u00f3n de este d\u00eda llega despu\u00e9s de la adopci\u00f3n de los ODS- Objetivos de Desarrollo Sostenible- para erradicar la pobreza, proteger el planeta y garantizar la dignidad para todos.<\/p>\n\n\n\n<p>Un d\u00eda en el que se conmemora la solidaridad como un valor humano fundamental y universal.<\/p>\n\n\n\n<p><strong>En medio de la crisis provocada por la pandemia del COVID-19, hemos visto resurgir muchas iniciativas.<\/strong><\/p>\n\n\n\n<p>Conciertos solidarios para hacer m\u00e1s amenos los d\u00edas. Mascarillas cosidas de forma manual o la donaci\u00f3n de comida gratuita para el personal sanitario han sido algunas de las iniciativas solidarias que pudimos ver durante las primeras semanas del estado de alarma.<\/p>\n\n\n\n<p>Asociaciones, ONG\u2019s y tambi\u00e9n ciudadanos an\u00f3nimos han sido los impulsores.<\/p>\n\n\n\n<p>Con motivo de este d\u00eda,&nbsp;<strong>hemos querido destinar un espacio en nuestro blog al proyecto Las caras de la vulnerabilidad<\/strong>&nbsp;-una iniciativa de la Obra Social de San Juan de Dios- que pretende ayudar en las nuevas realidades surgidas por la COVID-19 en los colectivos m\u00e1s vulnerables.<\/p>\n\n\n\n<p>Nuestro objetivo no es otro que dar visibilidad a la gran labor que hacen los voluntarios y trabajadores que han estado -y siguen estando- en primera l\u00ednea dando soporte a los diversos colectivos que se han visto afectados por la pandemia.<\/p>\n\n\n\n<h2 class=\"wp-block-heading\"><br><strong>Las caras de la vulnerabilidad&nbsp;<\/strong><\/h2>\n\n\n\n<p>Este 2020 ha sido un a\u00f1o sin precedentes.<\/p>\n\n\n\n<p>Un a\u00f1o que nos ha puesto en pausa a todos y que sin duda marcar\u00e1 un antes y un despu\u00e9s en nuestras vidas y en la historia.<\/p>\n\n\n\n<p><strong>Las caras de la vulnerabilidad es el nombre de la iniciativa del hospital San Juan de Dios&nbsp;<\/strong>que recoge testimonios, acciones e iniciativas de apoyo a los m\u00e1s vulnerables.<\/p>\n\n\n\n<p>Y es que esta pandemia ha afectado a todas las capas de la sociedad generando una situaci\u00f3n de emergencia global.<\/p>\n\n\n\n<p>Con todo este contexto no es dif\u00edcil entender que, las personas en situaci\u00f3n de vulnerabilidad se han visto gravemente afectadas por esta crisis sanitaria y sus consecuencias.<\/p>\n\n\n\n<figure class=\"wp-block-image size-large\"><img fetchpriority=\"high\" decoding=\"async\" width=\"1024\" height=\"576\" src=\"https:\/\/www.barcelonesa.com\/wp-content\/uploads\/2021\/07\/sjd-caras-vulnerabilidad_0-1024x576.jpg\" alt=\"\" class=\"wp-image-20658\" srcset=\"https:\/\/www.barcelonesa.com\/wp-content\/uploads\/2021\/07\/sjd-caras-vulnerabilidad_0-1024x576.jpg 1024w, https:\/\/www.barcelonesa.com\/wp-content\/uploads\/2021\/07\/sjd-caras-vulnerabilidad_0-300x169.jpg 300w, https:\/\/www.barcelonesa.com\/wp-content\/uploads\/2021\/07\/sjd-caras-vulnerabilidad_0-768x432.jpg 768w, https:\/\/www.barcelonesa.com\/wp-content\/uploads\/2021\/07\/sjd-caras-vulnerabilidad_0.jpg 1200w\" sizes=\"(max-width: 1024px) 100vw, 1024px\" \/><\/figure>\n\n\n\n<h2 class=\"wp-block-heading\"><strong>1.- Primeras necesidades:<\/strong><\/h2>\n\n\n\n<p>Los bancos de alimentos y otras organizaciones que ayudan a cubrir las necesidades b\u00e1sicas se han visto desbordadas.<\/p>\n\n\n\n<p>En este programa la finalidad es<strong>&nbsp;garantizar<\/strong>&nbsp;<strong>las necesidades b\u00e1sicas.<\/strong><\/p>\n\n\n\n<p>Dar acceso a un hogar, alimentaci\u00f3n e higiene a de los colectivos a los que cuidan desde sus centros&nbsp;es el objetivo de este programa.<\/p>\n\n\n\n<p>Las ayudas son destinadas a la compra de alimentos b\u00e1sicos no pereceros, complementos alimenticios para ni\u00f1os, la compra de productos de higiene, entre otros.&nbsp;<\/p>\n\n\n\n<h2 class=\"wp-block-heading\"><strong>2.- Construir la \u2018\u2019nueva normalidad\u2019\u2019:<\/strong><\/h2>\n\n\n\n<p>Recuperar la normalidad -en la medida de lo posible- no es tarea f\u00e1cil.<\/p>\n\n\n\n<p>Y m\u00e1s cuando algunos de los servicios asistenciales han cerrado sus puertas o se han visto limitados debido al distanciamiento social.<\/p>\n\n\n\n<p>Este programa pretende&nbsp;<strong>reactivar algunos de los servicios asistenciales b\u00e1sicos&nbsp;<\/strong>c\u00f3mo actividades terap\u00e9uticas, talleres o otros tratamientos gracias a la adecuaci\u00f3n de nuevos espacios d\u00f3nde puedan llevarse a cabo siguiendo las medidas de higiene y seguridad necesarias.<br><br>Puedes conocer m\u00e1s sobre esta iniciativa para&nbsp;<a href=\"https:\/\/solidaritat.santjoandedeu.org\/lascarasdelavulnerabilidad\/?lang=es\">construir la nueva normalidad<\/a>&nbsp;en su p\u00e1gina web.&nbsp;<\/p>\n\n\n\n<h2 class=\"wp-block-heading\"><strong>3.- Investigaci\u00f3n biom\u00e9dica:<\/strong><\/h2>\n\n\n\n<p>Encontrar una posible cura est\u00e1 en el foco de muchas organizaciones.<\/p>\n\n\n\n<p>Para poder avanzar en las diferentes l\u00edneas de investigaci\u00f3n y lograr as\u00ed un tratamiento para combatir el virus, SJD ha centrado sus esfuerzos en la respuesta natural de los ni\u00f1os para hacer frente a la covid-19, poniendo en marcha una plataforma de investigaci\u00f3n llamada \u2018Kids Corona\u2019<\/p>\n\n\n\n<p>El objetivo de esta plataforma es estudiar la incidencia y afectaci\u00f3n de la COVID-19 en ni\u00f1os y embarazadas.<\/p>\n\n\n\n<p>Puedes consultar los primeros resultados del estudio&nbsp;<a href=\"https:\/\/solidaritat.santjoandedeu.org\/es\/campanya\/investigacion-biomedica\">Kids Corona<\/a>&nbsp;en su p\u00e1gina web.<\/p>\n\n\n\n<h2 class=\"wp-block-heading\"><strong>4.- Bienestar emocional:<\/strong><\/h2>\n\n\n\n<p>La crisis sanitaria ha tenido un gran impacto en la salud mental de la sociedad.<\/p>\n\n\n\n<p>Este programa de bienestar emocional busca dar respuesta a las secuelas de la emergencia gracias al desarrollo de proyectos e iniciativas que sirvan de apoyo a personas en situaci\u00f3n de exclusi\u00f3n, personas afectadas con trastornos de salud mental y sociedad en general.&nbsp;<\/p>\n\n\n\n<p>En este programa est\u00e1n incluidas iniciativas c\u00f3mo el acompa\u00f1amiento a personas mayores o programas para la gesti\u00f3n del duelo.<\/p>\n\n\n\n<p>Si quieres conocer m\u00e1s sobre el programa del&nbsp;<a href=\"https:\/\/solidaritat.santjoandedeu.org\/es\/campanya\/bienestar-emocional\">Bienestar emocional<\/a>, entra en su p\u00e1gina web e inf\u00f3rmate.&nbsp;&nbsp;<\/p>\n\n\n\n<h2 class=\"wp-block-heading\"><strong>Grup Barcelonesa empresa colaboradora con esta iniciativa&nbsp;<\/strong><\/h2>\n\n\n\n<p>Las personas sin hogar, han sido uno de los colectivos m\u00e1s vulnerables en este contexto.<\/p>\n\n\n\n<p>Desde el principio de esta crisis sanitaria ha habido un llamamiento por parte de las autoridades a quedarse en casa pero, \u00bfqu\u00e9 pasa si no tienes casa?<\/p>\n\n\n\n<p>En San Juan de Dios trabajan en diferentes iniciativas y con varios centros residenciales para atender todas estas necesidades y poder alojar a personas que viven en situaci\u00f3n de calle.<\/p>\n\n\n\n<p>En Grup Barcelonesa hemos sustituido el dise\u00f1o, producci\u00f3n y distribuci\u00f3n de las acciones que solemos trabajar para estas fechas por&nbsp;la colaboraci\u00f3n con el proyecto &lt;&lt;Las caras de la vulnerabilidad&gt;&gt; apoyando la iniciativa de soporte al bienestar emocional para personas sin hogar.<\/p>\n\n\n\n<p>Tenemos&nbsp;la&nbsp;convicci\u00f3n&nbsp;de&nbsp;que son tiempos para cuidarnos entre nosotros y para ayudar siempre que podamos a quien m\u00e1s lo necesita.<\/p>\n\n\n\n<p>Si quieres saber m\u00e1s sobre este proyecto puedes visitar la p\u00e1gina web oficial del proyecto&nbsp;<a href=\"http:\/\/solidaritat.santjoandedeu.org\/lascarasdelavulnerabilidad\/?lang=es\">Las caras de la vulnerabilidad.<\/a><\/p>\n","protected":false},"excerpt":{"rendered":"<p>Cada 20 de diciembre se celebra El D\u00eda Internacional de la Solidaridad Humana desde 2005. La celebraci\u00f3n de este d\u00eda llega despu\u00e9s de la adopci\u00f3n de los ODS- Objetivos de Desarrollo Sostenible- para erradicar la pobreza, proteger el planeta y garantizar la dignidad para todos. Un d\u00eda en el que se conmemora la solidaridad como [&hellip;]<\/p>\n","protected":false},"author":16,"featured_media":14170,"comment_status":"closed","ping_status":"open","sticky":false,"template":"","format":"standard","meta":{"_acf_changed":false,"site-sidebar-layout":"default","site-content-layout":"default","ast-site-content-layout":"","site-content-style":"default","site-sidebar-style":"default","ast-global-header-display":"","ast-banner-title-visibility":"","ast-main-header-display":"","ast-hfb-above-header-display":"","ast-hfb-below-header-display":"","ast-hfb-mobile-header-display":"","site-post-title":"","ast-breadcrumbs-content":"","ast-featured-img":"","footer-sml-layout":"","theme-transparent-header-meta":"default","adv-header-id-meta":"","stick-header-meta":"","header-above-stick-meta":"","header-main-stick-meta":"","header-below-stick-meta":"","astra-migrate-meta-layouts":"default","ast-page-background-enabled":"default","ast-page-background-meta":{"desktop":{"background-color":"var(--ast-global-color-4)","background-image":"","background-repeat":"repeat","background-position":"center center","background-size":"auto","background-attachment":"scroll","background-type":"","background-media":"","overlay-type":"","overlay-color":"","overlay-opacity":"","overlay-gradient":""},"tablet":{"background-color":"","background-image":"","background-repeat":"repeat","background-position":"center center","background-size":"auto","background-attachment":"scroll","background-type":"","background-media":"","overlay-type":"","overlay-color":"","overlay-opacity":"","overlay-gradient":""},"mobile":{"background-color":"","background-image":"","background-repeat":"repeat","background-position":"center center","background-size":"auto","background-attachment":"scroll","background-type":"","background-media":"","overlay-type":"","overlay-color":"","overlay-opacity":"","overlay-gradient":""}},"ast-content-background-meta":{"desktop":{"background-color":"var(--ast-global-color-5)","background-image":"","background-repeat":"repeat","background-position":"center center","background-size":"auto","background-attachment":"scroll","background-type":"","background-media":"","overlay-type":"","overlay-color":"","overlay-opacity":"","overlay-gradient":""},"tablet":{"background-color":"var(--ast-global-color-5)","background-image":"","background-repeat":"repeat","background-position":"center center","background-size":"auto","background-attachment":"scroll","background-type":"","background-media":"","overlay-type":"","overlay-color":"","overlay-opacity":"","overlay-gradient":""},"mobile":{"background-color":"var(--ast-global-color-5)","background-image":"","background-repeat":"repeat","background-position":"center center","background-size":"auto","background-attachment":"scroll","background-type":"","background-media":"","overlay-type":"","overlay-color":"","overlay-opacity":"","overlay-gradient":""}},"footnotes":""},"categories":[829],"tags":[792,925,926],"class_list":["post-14169","post","type-post","status-publish","format-standard","has-post-thumbnail","hentry","category-grup-barcelonesa","tag-covid-19","tag-dia-de-la-solidaridad","tag-san-juan-de-dios"],"acf":[],"yoast_head":"<!-- This site is optimized with the Yoast SEO plugin v27.2 - https:\/\/yoast.com\/product\/yoast-seo-wordpress\/ -->\n<title>Las caras de la vulnerabilidad, iniciativa de San Juan de Dios. - Barcelonesa<\/title>\n<meta name=\"robots\" content=\"index, follow, max-snippet:-1, max-image-preview:large, max-video-preview:-1\" \/>\n<link rel=\"canonical\" href=\"https:\/\/www.barcelonesa.com\/es\/blog\/las-caras-de-la-vulnerabilidad-iniciativa-de-san-juan-de-dios\/\" \/>\n<meta property=\"og:locale\" content=\"es_ES\" \/>\n<meta property=\"og:type\" content=\"article\" \/>\n<meta property=\"og:title\" content=\"Las caras de la vulnerabilidad, iniciativa de San Juan de Dios. - Barcelonesa\" \/>\n<meta property=\"og:description\" content=\"Cada 20 de diciembre se celebra El D\u00eda Internacional de la Solidaridad Humana desde 2005. La celebraci\u00f3n de este d\u00eda llega despu\u00e9s de la adopci\u00f3n de los ODS- Objetivos de Desarrollo Sostenible- para erradicar la pobreza, proteger el planeta y garantizar la dignidad para todos. Un d\u00eda en el que se conmemora la solidaridad como [&hellip;]\" \/>\n<meta property=\"og:url\" content=\"https:\/\/www.barcelonesa.com\/es\/blog\/las-caras-de-la-vulnerabilidad-iniciativa-de-san-juan-de-dios\/\" \/>\n<meta property=\"og:site_name\" content=\"Barcelonesa\" \/>\n<meta property=\"article:published_time\" content=\"2020-12-17T13:57:14+00:00\" \/>\n<meta property=\"article:modified_time\" content=\"2026-01-15T10:31:07+00:00\" \/>\n<meta property=\"og:image\" content=\"https:\/\/www.barcelonesa.com\/wp-content\/uploads\/2021\/05\/post-blog-sjd_0.jpeg\" \/>\n\t<meta property=\"og:image:width\" content=\"1200\" \/>\n\t<meta property=\"og:image:height\" content=\"600\" \/>\n\t<meta property=\"og:image:type\" content=\"image\/jpeg\" \/>\n<meta name=\"author\" content=\"Barcelonesa\" \/>\n<meta name=\"twitter:card\" content=\"summary_large_image\" \/>\n<meta name=\"twitter:label1\" content=\"Escrito por\" \/>\n\t<meta name=\"twitter:data1\" content=\"Barcelonesa\" \/>\n\t<meta name=\"twitter:label2\" content=\"Tiempo de lectura\" \/>\n\t<meta name=\"twitter:data2\" content=\"5 minutos\" \/>\n<script type=\"application\/ld+json\" class=\"yoast-schema-graph\">{\"@context\":\"https:\/\/schema.org\",\"@graph\":[{\"@type\":\"Article\",\"@id\":\"https:\/\/www.barcelonesa.com\/es\/blog\/las-caras-de-la-vulnerabilidad-iniciativa-de-san-juan-de-dios\/#article\",\"isPartOf\":{\"@id\":\"https:\/\/www.barcelonesa.com\/es\/blog\/las-caras-de-la-vulnerabilidad-iniciativa-de-san-juan-de-dios\/\"},\"author\":{\"name\":\"Barcelonesa\",\"@id\":\"https:\/\/www.barcelonesa.com\/es\/#\/schema\/person\/82f9fae0b3816b103d36cce5a5b81f8e\"},\"headline\":\"Las caras de la vulnerabilidad, iniciativa de San Juan de Dios.\",\"datePublished\":\"2020-12-17T13:57:14+00:00\",\"dateModified\":\"2026-01-15T10:31:07+00:00\",\"mainEntityOfPage\":{\"@id\":\"https:\/\/www.barcelonesa.com\/es\/blog\/las-caras-de-la-vulnerabilidad-iniciativa-de-san-juan-de-dios\/\"},\"wordCount\":955,\"publisher\":{\"@id\":\"https:\/\/www.barcelonesa.com\/es\/#organization\"},\"image\":{\"@id\":\"https:\/\/www.barcelonesa.com\/es\/blog\/las-caras-de-la-vulnerabilidad-iniciativa-de-san-juan-de-dios\/#primaryimage\"},\"thumbnailUrl\":\"https:\/\/www.barcelonesa.com\/wp-content\/uploads\/2021\/05\/post-blog-sjd_0.jpeg\",\"keywords\":[\"COVID-19\",\"D\u00eda de la solidaridad\",\"San Juan de Dios\"],\"articleSection\":[\"Barcelonesa Group\"],\"inLanguage\":\"es\"},{\"@type\":\"WebPage\",\"@id\":\"https:\/\/www.barcelonesa.com\/es\/blog\/las-caras-de-la-vulnerabilidad-iniciativa-de-san-juan-de-dios\/\",\"url\":\"https:\/\/www.barcelonesa.com\/es\/blog\/las-caras-de-la-vulnerabilidad-iniciativa-de-san-juan-de-dios\/\",\"name\":\"Las caras de la vulnerabilidad, iniciativa de San Juan de Dios. - Barcelonesa\",\"isPartOf\":{\"@id\":\"https:\/\/www.barcelonesa.com\/es\/#website\"},\"primaryImageOfPage\":{\"@id\":\"https:\/\/www.barcelonesa.com\/es\/blog\/las-caras-de-la-vulnerabilidad-iniciativa-de-san-juan-de-dios\/#primaryimage\"},\"image\":{\"@id\":\"https:\/\/www.barcelonesa.com\/es\/blog\/las-caras-de-la-vulnerabilidad-iniciativa-de-san-juan-de-dios\/#primaryimage\"},\"thumbnailUrl\":\"https:\/\/www.barcelonesa.com\/wp-content\/uploads\/2021\/05\/post-blog-sjd_0.jpeg\",\"datePublished\":\"2020-12-17T13:57:14+00:00\",\"dateModified\":\"2026-01-15T10:31:07+00:00\",\"breadcrumb\":{\"@id\":\"https:\/\/www.barcelonesa.com\/es\/blog\/las-caras-de-la-vulnerabilidad-iniciativa-de-san-juan-de-dios\/#breadcrumb\"},\"inLanguage\":\"es\",\"potentialAction\":[{\"@type\":\"ReadAction\",\"target\":[\"https:\/\/www.barcelonesa.com\/es\/blog\/las-caras-de-la-vulnerabilidad-iniciativa-de-san-juan-de-dios\/\"]}]},{\"@type\":\"ImageObject\",\"inLanguage\":\"es\",\"@id\":\"https:\/\/www.barcelonesa.com\/es\/blog\/las-caras-de-la-vulnerabilidad-iniciativa-de-san-juan-de-dios\/#primaryimage\",\"url\":\"https:\/\/www.barcelonesa.com\/wp-content\/uploads\/2021\/05\/post-blog-sjd_0.jpeg\",\"contentUrl\":\"https:\/\/www.barcelonesa.com\/wp-content\/uploads\/2021\/05\/post-blog-sjd_0.jpeg\",\"width\":1200,\"height\":600},{\"@type\":\"BreadcrumbList\",\"@id\":\"https:\/\/www.barcelonesa.com\/es\/blog\/las-caras-de-la-vulnerabilidad-iniciativa-de-san-juan-de-dios\/#breadcrumb\",\"itemListElement\":[{\"@type\":\"ListItem\",\"position\":1,\"name\":\"Home\",\"item\":\"https:\/\/www.barcelonesa.com\/es\/\"},{\"@type\":\"ListItem\",\"position\":2,\"name\":\"Las caras de la vulnerabilidad, iniciativa de San Juan de Dios.\"}]},{\"@type\":\"WebSite\",\"@id\":\"https:\/\/www.barcelonesa.com\/es\/#website\",\"url\":\"https:\/\/www.barcelonesa.com\/es\/\",\"name\":\"Barcelonesa\",\"description\":\"Tu partner global de productos y especialidades qu\u00edmicas, est\u00e9s donde est\u00e9s.\",\"publisher\":{\"@id\":\"https:\/\/www.barcelonesa.com\/es\/#organization\"},\"potentialAction\":[{\"@type\":\"SearchAction\",\"target\":{\"@type\":\"EntryPoint\",\"urlTemplate\":\"https:\/\/www.barcelonesa.com\/es\/?s={search_term_string}\"},\"query-input\":{\"@type\":\"PropertyValueSpecification\",\"valueRequired\":true,\"valueName\":\"search_term_string\"}}],\"inLanguage\":\"es\"},{\"@type\":\"Organization\",\"@id\":\"https:\/\/www.barcelonesa.com\/es\/#organization\",\"name\":\"Barcelonesa\",\"url\":\"https:\/\/www.barcelonesa.com\/es\/\",\"logo\":{\"@type\":\"ImageObject\",\"inLanguage\":\"es\",\"@id\":\"https:\/\/www.barcelonesa.com\/es\/#\/schema\/logo\/image\/\",\"url\":\"https:\/\/www.barcelonesa.com\/wp-content\/uploads\/2023\/09\/logo_header.svg\",\"contentUrl\":\"https:\/\/www.barcelonesa.com\/wp-content\/uploads\/2023\/09\/logo_header.svg\",\"width\":230,\"height\":44,\"caption\":\"Barcelonesa\"},\"image\":{\"@id\":\"https:\/\/www.barcelonesa.com\/es\/#\/schema\/logo\/image\/\"},\"sameAs\":[\"https:\/\/www.linkedin.com\/company\/barcelonesa-chemicals\"]},{\"@type\":\"Person\",\"@id\":\"https:\/\/www.barcelonesa.com\/es\/#\/schema\/person\/82f9fae0b3816b103d36cce5a5b81f8e\",\"name\":\"Barcelonesa\",\"image\":{\"@type\":\"ImageObject\",\"inLanguage\":\"es\",\"@id\":\"https:\/\/www.barcelonesa.com\/wp-content\/uploads\/2023\/11\/B-Simbolo-Green-2-96x96.png\",\"url\":\"https:\/\/www.barcelonesa.com\/wp-content\/uploads\/2023\/11\/B-Simbolo-Green-2-96x96.png\",\"contentUrl\":\"https:\/\/www.barcelonesa.com\/wp-content\/uploads\/2023\/11\/B-Simbolo-Green-2-96x96.png\",\"caption\":\"Barcelonesa\"},\"url\":\"https:\/\/www.barcelonesa.com\/es\/author\/barcelonesa\/\"}]}<\/script>\n<!-- \/ Yoast SEO plugin. -->","yoast_head_json":{"title":"Las caras de la vulnerabilidad, iniciativa de San Juan de Dios. - Barcelonesa","robots":{"index":"index","follow":"follow","max-snippet":"max-snippet:-1","max-image-preview":"max-image-preview:large","max-video-preview":"max-video-preview:-1"},"canonical":"https:\/\/www.barcelonesa.com\/es\/blog\/las-caras-de-la-vulnerabilidad-iniciativa-de-san-juan-de-dios\/","og_locale":"es_ES","og_type":"article","og_title":"Las caras de la vulnerabilidad, iniciativa de San Juan de Dios. - Barcelonesa","og_description":"Cada 20 de diciembre se celebra El D\u00eda Internacional de la Solidaridad Humana desde 2005. La celebraci\u00f3n de este d\u00eda llega despu\u00e9s de la adopci\u00f3n de los ODS- Objetivos de Desarrollo Sostenible- para erradicar la pobreza, proteger el planeta y garantizar la dignidad para todos. Un d\u00eda en el que se conmemora la solidaridad como [&hellip;]","og_url":"https:\/\/www.barcelonesa.com\/es\/blog\/las-caras-de-la-vulnerabilidad-iniciativa-de-san-juan-de-dios\/","og_site_name":"Barcelonesa","article_published_time":"2020-12-17T13:57:14+00:00","article_modified_time":"2026-01-15T10:31:07+00:00","og_image":[{"width":1200,"height":600,"url":"https:\/\/www.barcelonesa.com\/wp-content\/uploads\/2021\/05\/post-blog-sjd_0.jpeg","type":"image\/jpeg"}],"author":"Barcelonesa","twitter_card":"summary_large_image","twitter_misc":{"Escrito por":"Barcelonesa","Tiempo de lectura":"5 minutos"},"schema":{"@context":"https:\/\/schema.org","@graph":[{"@type":"Article","@id":"https:\/\/www.barcelonesa.com\/es\/blog\/las-caras-de-la-vulnerabilidad-iniciativa-de-san-juan-de-dios\/#article","isPartOf":{"@id":"https:\/\/www.barcelonesa.com\/es\/blog\/las-caras-de-la-vulnerabilidad-iniciativa-de-san-juan-de-dios\/"},"author":{"name":"Barcelonesa","@id":"https:\/\/www.barcelonesa.com\/es\/#\/schema\/person\/82f9fae0b3816b103d36cce5a5b81f8e"},"headline":"Las caras de la vulnerabilidad, iniciativa de San Juan de Dios.","datePublished":"2020-12-17T13:57:14+00:00","dateModified":"2026-01-15T10:31:07+00:00","mainEntityOfPage":{"@id":"https:\/\/www.barcelonesa.com\/es\/blog\/las-caras-de-la-vulnerabilidad-iniciativa-de-san-juan-de-dios\/"},"wordCount":955,"publisher":{"@id":"https:\/\/www.barcelonesa.com\/es\/#organization"},"image":{"@id":"https:\/\/www.barcelonesa.com\/es\/blog\/las-caras-de-la-vulnerabilidad-iniciativa-de-san-juan-de-dios\/#primaryimage"},"thumbnailUrl":"https:\/\/www.barcelonesa.com\/wp-content\/uploads\/2021\/05\/post-blog-sjd_0.jpeg","keywords":["COVID-19","D\u00eda de la solidaridad","San Juan de Dios"],"articleSection":["Barcelonesa Group"],"inLanguage":"es"},{"@type":"WebPage","@id":"https:\/\/www.barcelonesa.com\/es\/blog\/las-caras-de-la-vulnerabilidad-iniciativa-de-san-juan-de-dios\/","url":"https:\/\/www.barcelonesa.com\/es\/blog\/las-caras-de-la-vulnerabilidad-iniciativa-de-san-juan-de-dios\/","name":"Las caras de la vulnerabilidad, iniciativa de San Juan de Dios. - Barcelonesa","isPartOf":{"@id":"https:\/\/www.barcelonesa.com\/es\/#website"},"primaryImageOfPage":{"@id":"https:\/\/www.barcelonesa.com\/es\/blog\/las-caras-de-la-vulnerabilidad-iniciativa-de-san-juan-de-dios\/#primaryimage"},"image":{"@id":"https:\/\/www.barcelonesa.com\/es\/blog\/las-caras-de-la-vulnerabilidad-iniciativa-de-san-juan-de-dios\/#primaryimage"},"thumbnailUrl":"https:\/\/www.barcelonesa.com\/wp-content\/uploads\/2021\/05\/post-blog-sjd_0.jpeg","datePublished":"2020-12-17T13:57:14+00:00","dateModified":"2026-01-15T10:31:07+00:00","breadcrumb":{"@id":"https:\/\/www.barcelonesa.com\/es\/blog\/las-caras-de-la-vulnerabilidad-iniciativa-de-san-juan-de-dios\/#breadcrumb"},"inLanguage":"es","potentialAction":[{"@type":"ReadAction","target":["https:\/\/www.barcelonesa.com\/es\/blog\/las-caras-de-la-vulnerabilidad-iniciativa-de-san-juan-de-dios\/"]}]},{"@type":"ImageObject","inLanguage":"es","@id":"https:\/\/www.barcelonesa.com\/es\/blog\/las-caras-de-la-vulnerabilidad-iniciativa-de-san-juan-de-dios\/#primaryimage","url":"https:\/\/www.barcelonesa.com\/wp-content\/uploads\/2021\/05\/post-blog-sjd_0.jpeg","contentUrl":"https:\/\/www.barcelonesa.com\/wp-content\/uploads\/2021\/05\/post-blog-sjd_0.jpeg","width":1200,"height":600},{"@type":"BreadcrumbList","@id":"https:\/\/www.barcelonesa.com\/es\/blog\/las-caras-de-la-vulnerabilidad-iniciativa-de-san-juan-de-dios\/#breadcrumb","itemListElement":[{"@type":"ListItem","position":1,"name":"Home","item":"https:\/\/www.barcelonesa.com\/es\/"},{"@type":"ListItem","position":2,"name":"Las caras de la vulnerabilidad, iniciativa de San Juan de Dios."}]},{"@type":"WebSite","@id":"https:\/\/www.barcelonesa.com\/es\/#website","url":"https:\/\/www.barcelonesa.com\/es\/","name":"Barcelonesa","description":"Tu partner global de productos y especialidades qu\u00edmicas, est\u00e9s donde est\u00e9s.","publisher":{"@id":"https:\/\/www.barcelonesa.com\/es\/#organization"},"potentialAction":[{"@type":"SearchAction","target":{"@type":"EntryPoint","urlTemplate":"https:\/\/www.barcelonesa.com\/es\/?s={search_term_string}"},"query-input":{"@type":"PropertyValueSpecification","valueRequired":true,"valueName":"search_term_string"}}],"inLanguage":"es"},{"@type":"Organization","@id":"https:\/\/www.barcelonesa.com\/es\/#organization","name":"Barcelonesa","url":"https:\/\/www.barcelonesa.com\/es\/","logo":{"@type":"ImageObject","inLanguage":"es","@id":"https:\/\/www.barcelonesa.com\/es\/#\/schema\/logo\/image\/","url":"https:\/\/www.barcelonesa.com\/wp-content\/uploads\/2023\/09\/logo_header.svg","contentUrl":"https:\/\/www.barcelonesa.com\/wp-content\/uploads\/2023\/09\/logo_header.svg","width":230,"height":44,"caption":"Barcelonesa"},"image":{"@id":"https:\/\/www.barcelonesa.com\/es\/#\/schema\/logo\/image\/"},"sameAs":["https:\/\/www.linkedin.com\/company\/barcelonesa-chemicals"]},{"@type":"Person","@id":"https:\/\/www.barcelonesa.com\/es\/#\/schema\/person\/82f9fae0b3816b103d36cce5a5b81f8e","name":"Barcelonesa","image":{"@type":"ImageObject","inLanguage":"es","@id":"https:\/\/www.barcelonesa.com\/wp-content\/uploads\/2023\/11\/B-Simbolo-Green-2-96x96.png","url":"https:\/\/www.barcelonesa.com\/wp-content\/uploads\/2023\/11\/B-Simbolo-Green-2-96x96.png","contentUrl":"https:\/\/www.barcelonesa.com\/wp-content\/uploads\/2023\/11\/B-Simbolo-Green-2-96x96.png","caption":"Barcelonesa"},"url":"https:\/\/www.barcelonesa.com\/es\/author\/barcelonesa\/"}]}},"_links":{"self":[{"href":"https:\/\/www.barcelonesa.com\/es\/wp-json\/wp\/v2\/posts\/14169","targetHints":{"allow":["GET"]}}],"collection":[{"href":"https:\/\/www.barcelonesa.com\/es\/wp-json\/wp\/v2\/posts"}],"about":[{"href":"https:\/\/www.barcelonesa.com\/es\/wp-json\/wp\/v2\/types\/post"}],"author":[{"embeddable":true,"href":"https:\/\/www.barcelonesa.com\/es\/wp-json\/wp\/v2\/users\/16"}],"replies":[{"embeddable":true,"href":"https:\/\/www.barcelonesa.com\/es\/wp-json\/wp\/v2\/comments?post=14169"}],"version-history":[{"count":3,"href":"https:\/\/www.barcelonesa.com\/es\/wp-json\/wp\/v2\/posts\/14169\/revisions"}],"predecessor-version":[{"id":20662,"href":"https:\/\/www.barcelonesa.com\/es\/wp-json\/wp\/v2\/posts\/14169\/revisions\/20662"}],"wp:featuredmedia":[{"embeddable":true,"href":"https:\/\/www.barcelonesa.com\/es\/wp-json\/wp\/v2\/media\/14170"}],"wp:attachment":[{"href":"https:\/\/www.barcelonesa.com\/es\/wp-json\/wp\/v2\/media?parent=14169"}],"wp:term":[{"taxonomy":"category","embeddable":true,"href":"https:\/\/www.barcelonesa.com\/es\/wp-json\/wp\/v2\/categories?post=14169"},{"taxonomy":"post_tag","embeddable":true,"href":"https:\/\/www.barcelonesa.com\/es\/wp-json\/wp\/v2\/tags?post=14169"}],"curies":[{"name":"wp","href":"https:\/\/api.w.org\/{rel}","templated":true}]}}