{"id":16172,"date":"2018-05-17T09:56:48","date_gmt":"2018-05-17T07:56:48","guid":{"rendered":"https:\/\/www.barcelonesa.com\/?p=16172"},"modified":"2021-06-11T16:41:03","modified_gmt":"2021-06-11T14:41:03","slug":"barcelonesa-foodtech-presento-su-gama-de-productos-en-la-feria-foodtech-barcelona-2018","status":"publish","type":"post","link":"https:\/\/www.barcelonesa.com\/es\/blog\/barcelonesa-foodtech-presento-su-gama-de-productos-en-la-feria-foodtech-barcelona-2018\/","title":{"rendered":"Barcelonesa FoodTech present\u00f3 su gama de productos en la Feria FoodTech Barcelona 2018"},"content":{"rendered":"\n<p><strong>Barcelonesa Food Tech<\/strong>&nbsp;estuvo presente en la FoodTech Barcelona 2018 celebrada los pasados 8, 9, 10 y 11 de mayo en el recinto de Gran V\u00eda de Fira de Barcelona. La nueva apuesta de la divisi\u00f3n food de Barcelonesa, centrada en ofrecer una soluci\u00f3n integral para la industria alimentaria, dio a conocer su nueva gama de agentes texturizantes con sus 3 marcas propias adaptadas a las tendencias del mercado:&nbsp;<strong>Carratext, Protean y Fibrean<\/strong>.&nbsp;<\/p>\n\n\n\n<p>Adem\u00e1s, aprovechamos nuestra presencia en este evento para presentar nuestra gama de sales bajas en sodio, un producto con excelentes resultados organol\u00e9pticos, similares a la sal com\u00fan, en reducciones de sodio a partir de -50%.&nbsp;&nbsp;<\/p>\n\n\n\n<p>La feria, centrada este a\u00f1o en el ciclo de vida del producto alimentario, desde el ingrediente hasta los equipos y tecnolog\u00edas utilizados, ha contado con la participaci\u00f3n de aproximadamente 1.100 expositores directos de 30 pa\u00edses diferentes. La sostenibilidad y la digitalizaci\u00f3n de la&nbsp;<strong>industria alimentaria<\/strong>&nbsp;han sido los grandes ejes que han marcado la edici\u00f3n conjunta de Hispack (la Feria de packaging para la alimentaci\u00f3n) y FoodTech Barcelona, y que ha registrado un 5% m\u00e1s de visitantes que en la \u00faltima edici\u00f3n celebrada en 2015, seg\u00fan datos de Fira Barcelona.&nbsp;<\/p>\n\n\n\n<p>Para Barcelonesa ha sido su primera edici\u00f3n y una oportunidad para dar a conocer sus productos y establecer contactos que generen acuerdos y\/o negocios beneficiosos para nuestra actividad en el sector.&nbsp;&nbsp;<\/p>\n\n\n\n<p>La pr\u00f3xima edici\u00f3n de FoodTech Barcelona se celebrar\u00e1 en octubre de 2020 bajo la denominaci\u00f3n Alimentaria FoodTech, con la que quieren reforzar su posicionamiento en el calendario internacional y reunir la oferta m\u00e1s completa de la cadena de valor de la industria agroalimentaria.&nbsp;<\/p>\n\n\n\n<p>Una nueva cita en la que esperamos volver a participar y llevar as\u00ed nuevas propuestas que mejoren las cualidades de los&nbsp;<strong>productos alimentarios<\/strong>.&nbsp;&nbsp;<\/p>\n","protected":false},"excerpt":{"rendered":"<p>Barcelonesa Food Tech&nbsp;estuvo presente en la FoodTech Barcelona 2018 celebrada los pasados 8, 9, 10 y 11 de mayo en el recinto de Gran V\u00eda de Fira de Barcelona. La nueva apuesta de la divisi\u00f3n food de Barcelonesa, centrada en ofrecer una soluci\u00f3n integral para la industria alimentaria, dio a conocer su nueva gama de [&hellip;]<\/p>\n","protected":false},"author":13,"featured_media":16869,"comment_status":"open","ping_status":"open","sticky":false,"template":"","format":"standard","meta":{"_acf_changed":false,"site-sidebar-layout":"default","site-content-layout":"default","ast-site-content-layout":"","site-content-style":"default","site-sidebar-style":"default","ast-global-header-display":"","ast-banner-title-visibility":"","ast-main-header-display":"","ast-hfb-above-header-display":"","ast-hfb-below-header-display":"","ast-hfb-mobile-header-display":"","site-post-title":"","ast-breadcrumbs-content":"","ast-featured-img":"","footer-sml-layout":"","theme-transparent-header-meta":"default","adv-header-id-meta":"","stick-header-meta":"","header-above-stick-meta":"","header-main-stick-meta":"","header-below-stick-meta":"","astra-migrate-meta-layouts":"default","ast-page-background-enabled":"default","ast-page-background-meta":{"desktop":{"background-color":"var(--ast-global-color-4)","background-image":"","background-repeat":"repeat","background-position":"center center","background-size":"auto","background-attachment":"scroll","background-type":"","background-media":"","overlay-type":"","overlay-color":"","overlay-opacity":"","overlay-gradient":""},"tablet":{"background-color":"","background-image":"","background-repeat":"repeat","background-position":"center center","background-size":"auto","background-attachment":"scroll","background-type":"","background-media":"","overlay-type":"","overlay-color":"","overlay-opacity":"","overlay-gradient":""},"mobile":{"background-color":"","background-image":"","background-repeat":"repeat","background-position":"center center","background-size":"auto","background-attachment":"scroll","background-type":"","background-media":"","overlay-type":"","overlay-color":"","overlay-opacity":"","overlay-gradient":""}},"ast-content-background-meta":{"desktop":{"background-color":"var(--ast-global-color-5)","background-image":"","background-repeat":"repeat","background-position":"center center","background-size":"auto","background-attachment":"scroll","background-type":"","background-media":"","overlay-type":"","overlay-color":"","overlay-opacity":"","overlay-gradient":""},"tablet":{"background-color":"var(--ast-global-color-5)","background-image":"","background-repeat":"repeat","background-position":"center center","background-size":"auto","background-attachment":"scroll","background-type":"","background-media":"","overlay-type":"","overlay-color":"","overlay-opacity":"","overlay-gradient":""},"mobile":{"background-color":"var(--ast-global-color-5)","background-image":"","background-repeat":"repeat","background-position":"center center","background-size":"auto","background-attachment":"scroll","background-type":"","background-media":"","overlay-type":"","overlay-color":"","overlay-opacity":"","overlay-gradient":""}},"footnotes":""},"categories":[827],"tags":[],"class_list":["post-16172","post","type-post","status-publish","format-standard","has-post-thumbnail","hentry","category-alimentacion-humana"],"acf":[],"yoast_head":"<!-- This site is optimized with the Yoast SEO plugin v27.2 - https:\/\/yoast.com\/product\/yoast-seo-wordpress\/ -->\n<title>Barcelonesa FoodTech present\u00f3 su gama de productos en la Feria FoodTech Barcelona 2018 - Barcelonesa<\/title>\n<meta name=\"robots\" content=\"index, follow, max-snippet:-1, max-image-preview:large, max-video-preview:-1\" \/>\n<link rel=\"canonical\" href=\"https:\/\/www.barcelonesa.com\/es\/blog\/barcelonesa-foodtech-presento-su-gama-de-productos-en-la-feria-foodtech-barcelona-2018\/\" \/>\n<meta property=\"og:locale\" content=\"es_ES\" \/>\n<meta property=\"og:type\" content=\"article\" \/>\n<meta property=\"og:title\" content=\"Barcelonesa FoodTech present\u00f3 su gama de productos en la Feria FoodTech Barcelona 2018 - Barcelonesa\" \/>\n<meta property=\"og:description\" content=\"Barcelonesa Food Tech&nbsp;estuvo presente en la FoodTech Barcelona 2018 celebrada los pasados 8, 9, 10 y 11 de mayo en el recinto de Gran V\u00eda de Fira de Barcelona. La nueva apuesta de la divisi\u00f3n food de Barcelonesa, centrada en ofrecer una soluci\u00f3n integral para la industria alimentaria, dio a conocer su nueva gama de [&hellip;]\" \/>\n<meta property=\"og:url\" content=\"https:\/\/www.barcelonesa.com\/es\/blog\/barcelonesa-foodtech-presento-su-gama-de-productos-en-la-feria-foodtech-barcelona-2018\/\" \/>\n<meta property=\"og:site_name\" content=\"Barcelonesa\" \/>\n<meta property=\"article:published_time\" content=\"2018-05-17T07:56:48+00:00\" \/>\n<meta property=\"article:modified_time\" content=\"2021-06-11T14:41:03+00:00\" \/>\n<meta property=\"og:image\" content=\"https:\/\/www.barcelonesa.com\/wp-content\/uploads\/2018\/05\/foodtech18-45.jpg\" \/>\n\t<meta property=\"og:image:width\" content=\"1276\" \/>\n\t<meta property=\"og:image:height\" content=\"851\" \/>\n\t<meta property=\"og:image:type\" content=\"image\/jpeg\" \/>\n<meta name=\"author\" content=\"Jaume Casas\" \/>\n<meta name=\"twitter:card\" content=\"summary_large_image\" \/>\n<meta name=\"twitter:label1\" content=\"Escrito por\" \/>\n\t<meta name=\"twitter:data1\" content=\"Jaume Casas\" \/>\n\t<meta name=\"twitter:label2\" content=\"Tiempo de lectura\" \/>\n\t<meta name=\"twitter:data2\" content=\"2 minutos\" \/>\n<script type=\"application\/ld+json\" class=\"yoast-schema-graph\">{\"@context\":\"https:\/\/schema.org\",\"@graph\":[{\"@type\":\"Article\",\"@id\":\"https:\/\/www.barcelonesa.com\/es\/blog\/barcelonesa-foodtech-presento-su-gama-de-productos-en-la-feria-foodtech-barcelona-2018\/#article\",\"isPartOf\":{\"@id\":\"https:\/\/www.barcelonesa.com\/es\/blog\/barcelonesa-foodtech-presento-su-gama-de-productos-en-la-feria-foodtech-barcelona-2018\/\"},\"author\":{\"name\":\"Jaume Casas\",\"@id\":\"https:\/\/www.barcelonesa.com\/es\/#\/schema\/person\/a178cf2e65a40b80b33f3b5844529840\"},\"headline\":\"Barcelonesa FoodTech present\u00f3 su gama de productos en la Feria FoodTech Barcelona 2018\",\"datePublished\":\"2018-05-17T07:56:48+00:00\",\"dateModified\":\"2021-06-11T14:41:03+00:00\",\"mainEntityOfPage\":{\"@id\":\"https:\/\/www.barcelonesa.com\/es\/blog\/barcelonesa-foodtech-presento-su-gama-de-productos-en-la-feria-foodtech-barcelona-2018\/\"},\"wordCount\":332,\"commentCount\":0,\"publisher\":{\"@id\":\"https:\/\/www.barcelonesa.com\/es\/#organization\"},\"image\":{\"@id\":\"https:\/\/www.barcelonesa.com\/es\/blog\/barcelonesa-foodtech-presento-su-gama-de-productos-en-la-feria-foodtech-barcelona-2018\/#primaryimage\"},\"thumbnailUrl\":\"https:\/\/www.barcelonesa.com\/wp-content\/uploads\/2018\/05\/foodtech18-45.jpg\",\"articleSection\":[\"Alimentaci\u00f3n Humana\"],\"inLanguage\":\"es\",\"potentialAction\":[{\"@type\":\"CommentAction\",\"name\":\"Comment\",\"target\":[\"https:\/\/www.barcelonesa.com\/es\/blog\/barcelonesa-foodtech-presento-su-gama-de-productos-en-la-feria-foodtech-barcelona-2018\/#respond\"]}]},{\"@type\":\"WebPage\",\"@id\":\"https:\/\/www.barcelonesa.com\/es\/blog\/barcelonesa-foodtech-presento-su-gama-de-productos-en-la-feria-foodtech-barcelona-2018\/\",\"url\":\"https:\/\/www.barcelonesa.com\/es\/blog\/barcelonesa-foodtech-presento-su-gama-de-productos-en-la-feria-foodtech-barcelona-2018\/\",\"name\":\"Barcelonesa FoodTech present\u00f3 su gama de productos en la Feria FoodTech Barcelona 2018 - Barcelonesa\",\"isPartOf\":{\"@id\":\"https:\/\/www.barcelonesa.com\/es\/#website\"},\"primaryImageOfPage\":{\"@id\":\"https:\/\/www.barcelonesa.com\/es\/blog\/barcelonesa-foodtech-presento-su-gama-de-productos-en-la-feria-foodtech-barcelona-2018\/#primaryimage\"},\"image\":{\"@id\":\"https:\/\/www.barcelonesa.com\/es\/blog\/barcelonesa-foodtech-presento-su-gama-de-productos-en-la-feria-foodtech-barcelona-2018\/#primaryimage\"},\"thumbnailUrl\":\"https:\/\/www.barcelonesa.com\/wp-content\/uploads\/2018\/05\/foodtech18-45.jpg\",\"datePublished\":\"2018-05-17T07:56:48+00:00\",\"dateModified\":\"2021-06-11T14:41:03+00:00\",\"breadcrumb\":{\"@id\":\"https:\/\/www.barcelonesa.com\/es\/blog\/barcelonesa-foodtech-presento-su-gama-de-productos-en-la-feria-foodtech-barcelona-2018\/#breadcrumb\"},\"inLanguage\":\"es\",\"potentialAction\":[{\"@type\":\"ReadAction\",\"target\":[\"https:\/\/www.barcelonesa.com\/es\/blog\/barcelonesa-foodtech-presento-su-gama-de-productos-en-la-feria-foodtech-barcelona-2018\/\"]}]},{\"@type\":\"ImageObject\",\"inLanguage\":\"es\",\"@id\":\"https:\/\/www.barcelonesa.com\/es\/blog\/barcelonesa-foodtech-presento-su-gama-de-productos-en-la-feria-foodtech-barcelona-2018\/#primaryimage\",\"url\":\"https:\/\/www.barcelonesa.com\/wp-content\/uploads\/2018\/05\/foodtech18-45.jpg\",\"contentUrl\":\"https:\/\/www.barcelonesa.com\/wp-content\/uploads\/2018\/05\/foodtech18-45.jpg\",\"width\":1276,\"height\":851},{\"@type\":\"BreadcrumbList\",\"@id\":\"https:\/\/www.barcelonesa.com\/es\/blog\/barcelonesa-foodtech-presento-su-gama-de-productos-en-la-feria-foodtech-barcelona-2018\/#breadcrumb\",\"itemListElement\":[{\"@type\":\"ListItem\",\"position\":1,\"name\":\"Home\",\"item\":\"https:\/\/www.barcelonesa.com\/es\/\"},{\"@type\":\"ListItem\",\"position\":2,\"name\":\"Barcelonesa FoodTech present\u00f3 su gama de productos en la Feria FoodTech Barcelona 2018\"}]},{\"@type\":\"WebSite\",\"@id\":\"https:\/\/www.barcelonesa.com\/es\/#website\",\"url\":\"https:\/\/www.barcelonesa.com\/es\/\",\"name\":\"Barcelonesa\",\"description\":\"Tu partner global de productos y especialidades qu\u00edmicas, est\u00e9s donde est\u00e9s.\",\"publisher\":{\"@id\":\"https:\/\/www.barcelonesa.com\/es\/#organization\"},\"potentialAction\":[{\"@type\":\"SearchAction\",\"target\":{\"@type\":\"EntryPoint\",\"urlTemplate\":\"https:\/\/www.barcelonesa.com\/es\/?s={search_term_string}\"},\"query-input\":{\"@type\":\"PropertyValueSpecification\",\"valueRequired\":true,\"valueName\":\"search_term_string\"}}],\"inLanguage\":\"es\"},{\"@type\":\"Organization\",\"@id\":\"https:\/\/www.barcelonesa.com\/es\/#organization\",\"name\":\"Barcelonesa\",\"url\":\"https:\/\/www.barcelonesa.com\/es\/\",\"logo\":{\"@type\":\"ImageObject\",\"inLanguage\":\"es\",\"@id\":\"https:\/\/www.barcelonesa.com\/es\/#\/schema\/logo\/image\/\",\"url\":\"https:\/\/www.barcelonesa.com\/wp-content\/uploads\/2023\/09\/logo_header.svg\",\"contentUrl\":\"https:\/\/www.barcelonesa.com\/wp-content\/uploads\/2023\/09\/logo_header.svg\",\"width\":230,\"height\":44,\"caption\":\"Barcelonesa\"},\"image\":{\"@id\":\"https:\/\/www.barcelonesa.com\/es\/#\/schema\/logo\/image\/\"},\"sameAs\":[\"https:\/\/www.linkedin.com\/company\/barcelonesa-chemicals\"]},{\"@type\":\"Person\",\"@id\":\"https:\/\/www.barcelonesa.com\/es\/#\/schema\/person\/a178cf2e65a40b80b33f3b5844529840\",\"name\":\"Jaume Casas\",\"image\":{\"@type\":\"ImageObject\",\"inLanguage\":\"es\",\"@id\":\"https:\/\/www.barcelonesa.com\/wp-content\/uploads\/2021\/05\/jaume-casas-96x96.jpg\",\"url\":\"https:\/\/www.barcelonesa.com\/wp-content\/uploads\/2021\/05\/jaume-casas-96x96.jpg\",\"contentUrl\":\"https:\/\/www.barcelonesa.com\/wp-content\/uploads\/2021\/05\/jaume-casas-96x96.jpg\",\"caption\":\"Jaume Casas\"},\"sameAs\":[\"http:\/\/www.grupbarcelonesa.com\/es\/nutricion-humana\"],\"url\":\"https:\/\/www.barcelonesa.com\/es\/author\/jaume-casas\/\"}]}<\/script>\n<!-- \/ Yoast SEO plugin. -->","yoast_head_json":{"title":"Barcelonesa FoodTech present\u00f3 su gama de productos en la Feria FoodTech Barcelona 2018 - Barcelonesa","robots":{"index":"index","follow":"follow","max-snippet":"max-snippet:-1","max-image-preview":"max-image-preview:large","max-video-preview":"max-video-preview:-1"},"canonical":"https:\/\/www.barcelonesa.com\/es\/blog\/barcelonesa-foodtech-presento-su-gama-de-productos-en-la-feria-foodtech-barcelona-2018\/","og_locale":"es_ES","og_type":"article","og_title":"Barcelonesa FoodTech present\u00f3 su gama de productos en la Feria FoodTech Barcelona 2018 - Barcelonesa","og_description":"Barcelonesa Food Tech&nbsp;estuvo presente en la FoodTech Barcelona 2018 celebrada los pasados 8, 9, 10 y 11 de mayo en el recinto de Gran V\u00eda de Fira de Barcelona. La nueva apuesta de la divisi\u00f3n food de Barcelonesa, centrada en ofrecer una soluci\u00f3n integral para la industria alimentaria, dio a conocer su nueva gama de [&hellip;]","og_url":"https:\/\/www.barcelonesa.com\/es\/blog\/barcelonesa-foodtech-presento-su-gama-de-productos-en-la-feria-foodtech-barcelona-2018\/","og_site_name":"Barcelonesa","article_published_time":"2018-05-17T07:56:48+00:00","article_modified_time":"2021-06-11T14:41:03+00:00","og_image":[{"width":1276,"height":851,"url":"https:\/\/www.barcelonesa.com\/wp-content\/uploads\/2018\/05\/foodtech18-45.jpg","type":"image\/jpeg"}],"author":"Jaume Casas","twitter_card":"summary_large_image","twitter_misc":{"Escrito por":"Jaume Casas","Tiempo de lectura":"2 minutos"},"schema":{"@context":"https:\/\/schema.org","@graph":[{"@type":"Article","@id":"https:\/\/www.barcelonesa.com\/es\/blog\/barcelonesa-foodtech-presento-su-gama-de-productos-en-la-feria-foodtech-barcelona-2018\/#article","isPartOf":{"@id":"https:\/\/www.barcelonesa.com\/es\/blog\/barcelonesa-foodtech-presento-su-gama-de-productos-en-la-feria-foodtech-barcelona-2018\/"},"author":{"name":"Jaume Casas","@id":"https:\/\/www.barcelonesa.com\/es\/#\/schema\/person\/a178cf2e65a40b80b33f3b5844529840"},"headline":"Barcelonesa FoodTech present\u00f3 su gama de productos en la Feria FoodTech Barcelona 2018","datePublished":"2018-05-17T07:56:48+00:00","dateModified":"2021-06-11T14:41:03+00:00","mainEntityOfPage":{"@id":"https:\/\/www.barcelonesa.com\/es\/blog\/barcelonesa-foodtech-presento-su-gama-de-productos-en-la-feria-foodtech-barcelona-2018\/"},"wordCount":332,"commentCount":0,"publisher":{"@id":"https:\/\/www.barcelonesa.com\/es\/#organization"},"image":{"@id":"https:\/\/www.barcelonesa.com\/es\/blog\/barcelonesa-foodtech-presento-su-gama-de-productos-en-la-feria-foodtech-barcelona-2018\/#primaryimage"},"thumbnailUrl":"https:\/\/www.barcelonesa.com\/wp-content\/uploads\/2018\/05\/foodtech18-45.jpg","articleSection":["Alimentaci\u00f3n Humana"],"inLanguage":"es","potentialAction":[{"@type":"CommentAction","name":"Comment","target":["https:\/\/www.barcelonesa.com\/es\/blog\/barcelonesa-foodtech-presento-su-gama-de-productos-en-la-feria-foodtech-barcelona-2018\/#respond"]}]},{"@type":"WebPage","@id":"https:\/\/www.barcelonesa.com\/es\/blog\/barcelonesa-foodtech-presento-su-gama-de-productos-en-la-feria-foodtech-barcelona-2018\/","url":"https:\/\/www.barcelonesa.com\/es\/blog\/barcelonesa-foodtech-presento-su-gama-de-productos-en-la-feria-foodtech-barcelona-2018\/","name":"Barcelonesa FoodTech present\u00f3 su gama de productos en la Feria FoodTech Barcelona 2018 - Barcelonesa","isPartOf":{"@id":"https:\/\/www.barcelonesa.com\/es\/#website"},"primaryImageOfPage":{"@id":"https:\/\/www.barcelonesa.com\/es\/blog\/barcelonesa-foodtech-presento-su-gama-de-productos-en-la-feria-foodtech-barcelona-2018\/#primaryimage"},"image":{"@id":"https:\/\/www.barcelonesa.com\/es\/blog\/barcelonesa-foodtech-presento-su-gama-de-productos-en-la-feria-foodtech-barcelona-2018\/#primaryimage"},"thumbnailUrl":"https:\/\/www.barcelonesa.com\/wp-content\/uploads\/2018\/05\/foodtech18-45.jpg","datePublished":"2018-05-17T07:56:48+00:00","dateModified":"2021-06-11T14:41:03+00:00","breadcrumb":{"@id":"https:\/\/www.barcelonesa.com\/es\/blog\/barcelonesa-foodtech-presento-su-gama-de-productos-en-la-feria-foodtech-barcelona-2018\/#breadcrumb"},"inLanguage":"es","potentialAction":[{"@type":"ReadAction","target":["https:\/\/www.barcelonesa.com\/es\/blog\/barcelonesa-foodtech-presento-su-gama-de-productos-en-la-feria-foodtech-barcelona-2018\/"]}]},{"@type":"ImageObject","inLanguage":"es","@id":"https:\/\/www.barcelonesa.com\/es\/blog\/barcelonesa-foodtech-presento-su-gama-de-productos-en-la-feria-foodtech-barcelona-2018\/#primaryimage","url":"https:\/\/www.barcelonesa.com\/wp-content\/uploads\/2018\/05\/foodtech18-45.jpg","contentUrl":"https:\/\/www.barcelonesa.com\/wp-content\/uploads\/2018\/05\/foodtech18-45.jpg","width":1276,"height":851},{"@type":"BreadcrumbList","@id":"https:\/\/www.barcelonesa.com\/es\/blog\/barcelonesa-foodtech-presento-su-gama-de-productos-en-la-feria-foodtech-barcelona-2018\/#breadcrumb","itemListElement":[{"@type":"ListItem","position":1,"name":"Home","item":"https:\/\/www.barcelonesa.com\/es\/"},{"@type":"ListItem","position":2,"name":"Barcelonesa FoodTech present\u00f3 su gama de productos en la Feria FoodTech Barcelona 2018"}]},{"@type":"WebSite","@id":"https:\/\/www.barcelonesa.com\/es\/#website","url":"https:\/\/www.barcelonesa.com\/es\/","name":"Barcelonesa","description":"Tu partner global de productos y especialidades qu\u00edmicas, est\u00e9s donde est\u00e9s.","publisher":{"@id":"https:\/\/www.barcelonesa.com\/es\/#organization"},"potentialAction":[{"@type":"SearchAction","target":{"@type":"EntryPoint","urlTemplate":"https:\/\/www.barcelonesa.com\/es\/?s={search_term_string}"},"query-input":{"@type":"PropertyValueSpecification","valueRequired":true,"valueName":"search_term_string"}}],"inLanguage":"es"},{"@type":"Organization","@id":"https:\/\/www.barcelonesa.com\/es\/#organization","name":"Barcelonesa","url":"https:\/\/www.barcelonesa.com\/es\/","logo":{"@type":"ImageObject","inLanguage":"es","@id":"https:\/\/www.barcelonesa.com\/es\/#\/schema\/logo\/image\/","url":"https:\/\/www.barcelonesa.com\/wp-content\/uploads\/2023\/09\/logo_header.svg","contentUrl":"https:\/\/www.barcelonesa.com\/wp-content\/uploads\/2023\/09\/logo_header.svg","width":230,"height":44,"caption":"Barcelonesa"},"image":{"@id":"https:\/\/www.barcelonesa.com\/es\/#\/schema\/logo\/image\/"},"sameAs":["https:\/\/www.linkedin.com\/company\/barcelonesa-chemicals"]},{"@type":"Person","@id":"https:\/\/www.barcelonesa.com\/es\/#\/schema\/person\/a178cf2e65a40b80b33f3b5844529840","name":"Jaume Casas","image":{"@type":"ImageObject","inLanguage":"es","@id":"https:\/\/www.barcelonesa.com\/wp-content\/uploads\/2021\/05\/jaume-casas-96x96.jpg","url":"https:\/\/www.barcelonesa.com\/wp-content\/uploads\/2021\/05\/jaume-casas-96x96.jpg","contentUrl":"https:\/\/www.barcelonesa.com\/wp-content\/uploads\/2021\/05\/jaume-casas-96x96.jpg","caption":"Jaume Casas"},"sameAs":["http:\/\/www.grupbarcelonesa.com\/es\/nutricion-humana"],"url":"https:\/\/www.barcelonesa.com\/es\/author\/jaume-casas\/"}]}},"_links":{"self":[{"href":"https:\/\/www.barcelonesa.com\/es\/wp-json\/wp\/v2\/posts\/16172","targetHints":{"allow":["GET"]}}],"collection":[{"href":"https:\/\/www.barcelonesa.com\/es\/wp-json\/wp\/v2\/posts"}],"about":[{"href":"https:\/\/www.barcelonesa.com\/es\/wp-json\/wp\/v2\/types\/post"}],"author":[{"embeddable":true,"href":"https:\/\/www.barcelonesa.com\/es\/wp-json\/wp\/v2\/users\/13"}],"replies":[{"embeddable":true,"href":"https:\/\/www.barcelonesa.com\/es\/wp-json\/wp\/v2\/comments?post=16172"}],"version-history":[{"count":2,"href":"https:\/\/www.barcelonesa.com\/es\/wp-json\/wp\/v2\/posts\/16172\/revisions"}],"predecessor-version":[{"id":16851,"href":"https:\/\/www.barcelonesa.com\/es\/wp-json\/wp\/v2\/posts\/16172\/revisions\/16851"}],"wp:featuredmedia":[{"embeddable":true,"href":"https:\/\/www.barcelonesa.com\/es\/wp-json\/wp\/v2\/media\/16869"}],"wp:attachment":[{"href":"https:\/\/www.barcelonesa.com\/es\/wp-json\/wp\/v2\/media?parent=16172"}],"wp:term":[{"taxonomy":"category","embeddable":true,"href":"https:\/\/www.barcelonesa.com\/es\/wp-json\/wp\/v2\/categories?post=16172"},{"taxonomy":"post_tag","embeddable":true,"href":"https:\/\/www.barcelonesa.com\/es\/wp-json\/wp\/v2\/tags?post=16172"}],"curies":[{"name":"wp","href":"https:\/\/api.w.org\/{rel}","templated":true}]}}