{"id":18539,"date":"2021-06-28T17:05:00","date_gmt":"2021-06-28T15:05:00","guid":{"rendered":"https:\/\/www.barcelonesa.com\/?p=18539"},"modified":"2026-01-15T11:30:34","modified_gmt":"2026-01-15T10:30:34","slug":"apertura-de-nuestro-nuevo-centro-logistico-dedicado-al-sector-alimentario","status":"publish","type":"post","link":"https:\/\/www.barcelonesa.com\/es\/blog\/apertura-de-nuestro-nuevo-centro-logistico-dedicado-al-sector-alimentario\/","title":{"rendered":"Apertura de nuestro nuevo centro log\u00edstico dedicado al sector alimentario"},"content":{"rendered":"\n<p>En Grup Barcelonesa siempre estamos mejorando para ofrecer el servicio m\u00e1s completo a nuestros clientes.&nbsp;<\/p>\n\n\n\n<p>En esta ocasi\u00f3n todo est\u00e1 a punto&nbsp;<strong>para ampliar nuestras instalaciones y optimizar nuestros servicios<\/strong>&nbsp;con un nuevo centro log\u00edstico dedicado al segmento alimentario de nuestra empresa.&nbsp;<\/p>\n\n\n\n<p>\u00bfQuieres saber m\u00e1s sobre estas nuevas instalaciones?<\/p>\n\n\n\n<p>Sigue leyendo porque seguro que te va a interesar.<\/p>\n\n\n\n<h2 class=\"wp-block-heading\">Reforzando nuestro servicio en el segmento de la alimentaci\u00f3n<\/h2>\n\n\n\n<p>Como ya sabr\u00e1s, en Grup Barcelonesa estamos especializados en gesti\u00f3n, distribuci\u00f3n y almacenamiento de productos qu\u00edmicos. Pero no solo nos dedicamos a este tipo de productos.&nbsp;<\/p>\n\n\n\n<p>Tambi\u00e9n operamos en otros sectores industriales como la construcci\u00f3n, ganader\u00eda, metalurgia&#8230; y alimentaci\u00f3n.<\/p>\n\n\n\n<p>En este \u00faltimo sector, ofrecemos un servicio integral de distribuci\u00f3n, mezclado, envasado, etiquetado, almacenaje y transporte de todo tipo de ingredientes y aditivos alimentarios.<\/p>\n\n\n\n<p>Todo esto bajo nuestra marca \u201cBarcelonesa Food Solutions\u201d.&nbsp;<\/p>\n\n\n\n<p>Al disponer de unas nuevas instalaciones, nos proponemos:<\/p>\n\n\n\n<ul class=\"wp-block-list\"><li>Potenciar el sector alimentario de Grup Barcelonesa.<\/li><li>Ampliar nuestra propuesta de soluciones para la industria alimentaria.<\/li><li>Adaptarnos a los requerimientos de nuestros clientes.<\/li><li>Prestar un mejor servicio.<\/li><\/ul>\n\n\n\n<p>Por todo esto, a lo largo de este a\u00f1o, pondremos en funcionamiento un nuevo centro log\u00edstico y productivo en Parets del Vall\u00e8s.<\/p>\n\n\n\n<h2 class=\"wp-block-heading\">Nuestra nave log\u00edstica en Parets del Vall\u00e8s<\/h2>\n\n\n\n<p>Esta reciente inversi\u00f3n surge a ra\u00edz&nbsp;<strong>del crecimiento que hemos experimentado<\/strong>&nbsp;en el sector de la alimentaci\u00f3n,&nbsp;<\/p>\n\n\n\n<p>Para que te hagas una idea,&nbsp;<strong>estas son algunas de las caracter\u00edsticas<\/strong>&nbsp;de la que en breve ser\u00e1 nuestra nueva planta alimentaria:<\/p>\n\n\n\n<ul class=\"wp-block-list\"><li>Nave log\u00edstica de nueva construcci\u00f3n de 6.660 metros cuadrados<\/li><li>Estructura de hormig\u00f3n con cubierta de tipo sandwich.&nbsp;<\/li><li>Estar\u00e1 especializada para cubrir todo lo referente a la log\u00edstica y a la manipulaci\u00f3n de aditivos e ingredientes alimentarios.<\/li><li>Localizada en el pol\u00edgono industrial Sector Autopista.<\/li><li>5.685 m\u00b2 del espacio estar\u00e1n destinados al almac\u00e9n.<\/li><li>975 m\u00b2 que se habilitar\u00e1n para oficinas.<\/li><li>El patio contar\u00e1 con una extensi\u00f3n de 5.000 m\u00b2.<\/li><\/ul>\n\n\n\n<p>Las instalaciones se encuentran en fase de construcci\u00f3n, pero se espera que est\u00e9n listas y funcionando dentro de poco tiempo. Los tr\u00e1mites van por buen camino y la nueva plataforma ya es casi una realidad.&nbsp;<\/p>\n\n\n\n<h2 class=\"wp-block-heading\">Un lugar id\u00f3neo para operar en todo el territorio<\/h2>\n\n\n\n<p>Como has podido comprobar, las caracter\u00edsticas de la nave son perfectas para albergar todo lo relacionado con nuestra actividad.&nbsp;<\/p>\n\n\n\n<p>Adem\u00e1s de eso, se encuentra en una localizaci\u00f3n privilegiada: el pol\u00edgono industrial Sector Autopista, que es una zona especialmente reconocida por sus buenas conexiones por carretera y con el transporte p\u00fablico y situado a 30 km del puerto y aeropuerto de Barcelona.<\/p>\n\n\n\n<p>Desde ah\u00ed, es posible trasladarse de forma r\u00e1pida a la ciudad de Barcelona y a su \u00e1rea metropolitana.&nbsp;<\/p>\n\n\n\n<p>Adem\u00e1s, tambi\u00e9n se puede<strong>&nbsp;acceder directamente a la carretera C-17 y a la autopista AP-7<\/strong>&nbsp;(la conocida autopista del Mediterr\u00e1neo que conecta toda la costa mediterr\u00e1nea espa\u00f1ola desde la frontera con Francia hasta Guadiaro, en C\u00e1diz).<\/p>\n\n\n\n<p>Conecta, adem\u00e1s, con varias l\u00edneas de autobuses interurbanos y con los servicios de tren de Renfe (concretamente con la l\u00ednea R3).&nbsp;<\/p>\n\n\n\n<h2 class=\"wp-block-heading\">Creciendo gracias a la confianza de nuestros clientes<\/h2>\n\n\n\n<p>Desde Grup Barcelonesa nos afanamos por ofrecer un servicio de calidad. Y por ello, estamos deseando que nuestro centro est\u00e9 plenamente operativo para seguir atendi\u00e9ndote en las mejores condiciones.&nbsp;<\/p>\n\n\n\n<p>Esperamos que esta tendencia positiva se siga manteniendo para as\u00ed poder seguir ampliando nuestro cat\u00e1logo y optimizando nuestros servicios.<\/p>\n\n\n\n<p>\u00bfY t\u00fa tienes un negocio relacionado con el sector alimentario?<\/p>\n\n\n\n<p>Nuestras nuevas instalaciones pronto estar\u00e1n listas para recibirte. Mientras tanto, nosotros estaremos encantados de atender a tus propuestas y resolver cualquier duda que pueda surgirte.<\/p>\n\n\n\n<p>Para ello, cont\u00e1ctanos rellenando el formulario que encontrar\u00e1s m\u00e1s abajo.<\/p>\n","protected":false},"excerpt":{"rendered":"<p>En Grup Barcelonesa siempre estamos mejorando para ofrecer el servicio m\u00e1s completo a nuestros clientes.&nbsp; En esta ocasi\u00f3n todo est\u00e1 a punto&nbsp;para ampliar nuestras instalaciones y optimizar nuestros servicios&nbsp;con un nuevo centro log\u00edstico dedicado al segmento alimentario de nuestra empresa.&nbsp; \u00bfQuieres saber m\u00e1s sobre estas nuevas instalaciones? Sigue leyendo porque seguro que te va a [&hellip;]<\/p>\n","protected":false},"author":13,"featured_media":18544,"comment_status":"closed","ping_status":"open","sticky":false,"template":"","format":"standard","meta":{"_acf_changed":false,"site-sidebar-layout":"default","site-content-layout":"default","ast-site-content-layout":"","site-content-style":"default","site-sidebar-style":"default","ast-global-header-display":"","ast-banner-title-visibility":"","ast-main-header-display":"","ast-hfb-above-header-display":"","ast-hfb-below-header-display":"","ast-hfb-mobile-header-display":"","site-post-title":"","ast-breadcrumbs-content":"","ast-featured-img":"","footer-sml-layout":"","theme-transparent-header-meta":"default","adv-header-id-meta":"","stick-header-meta":"","header-above-stick-meta":"","header-main-stick-meta":"","header-below-stick-meta":"","astra-migrate-meta-layouts":"default","ast-page-background-enabled":"default","ast-page-background-meta":{"desktop":{"background-color":"var(--ast-global-color-4)","background-image":"","background-repeat":"repeat","background-position":"center center","background-size":"auto","background-attachment":"scroll","background-type":"","background-media":"","overlay-type":"","overlay-color":"","overlay-opacity":"","overlay-gradient":""},"tablet":{"background-color":"","background-image":"","background-repeat":"repeat","background-position":"center center","background-size":"auto","background-attachment":"scroll","background-type":"","background-media":"","overlay-type":"","overlay-color":"","overlay-opacity":"","overlay-gradient":""},"mobile":{"background-color":"","background-image":"","background-repeat":"repeat","background-position":"center center","background-size":"auto","background-attachment":"scroll","background-type":"","background-media":"","overlay-type":"","overlay-color":"","overlay-opacity":"","overlay-gradient":""}},"ast-content-background-meta":{"desktop":{"background-color":"var(--ast-global-color-5)","background-image":"","background-repeat":"repeat","background-position":"center center","background-size":"auto","background-attachment":"scroll","background-type":"","background-media":"","overlay-type":"","overlay-color":"","overlay-opacity":"","overlay-gradient":""},"tablet":{"background-color":"var(--ast-global-color-5)","background-image":"","background-repeat":"repeat","background-position":"center center","background-size":"auto","background-attachment":"scroll","background-type":"","background-media":"","overlay-type":"","overlay-color":"","overlay-opacity":"","overlay-gradient":""},"mobile":{"background-color":"var(--ast-global-color-5)","background-image":"","background-repeat":"repeat","background-position":"center center","background-size":"auto","background-attachment":"scroll","background-type":"","background-media":"","overlay-type":"","overlay-color":"","overlay-opacity":"","overlay-gradient":""}},"footnotes":""},"categories":[827],"tags":[],"class_list":["post-18539","post","type-post","status-publish","format-standard","has-post-thumbnail","hentry","category-alimentacion-humana"],"acf":[],"yoast_head":"<!-- This site is optimized with the Yoast SEO plugin v27.2 - https:\/\/yoast.com\/product\/yoast-seo-wordpress\/ -->\n<title>Apertura de nuestro nuevo centro log\u00edstico dedicado al sector alimentario - Barcelonesa<\/title>\n<meta name=\"description\" content=\"Ampliamos nuestras instalaciones y optimizamos nuestros servicios con un nuevo centro log\u00edstico dedicado al segmento alimentario de nuestra empresa.\" \/>\n<meta name=\"robots\" content=\"index, follow, max-snippet:-1, max-image-preview:large, max-video-preview:-1\" \/>\n<link rel=\"canonical\" href=\"https:\/\/www.barcelonesa.com\/es\/blog\/apertura-de-nuestro-nuevo-centro-logistico-dedicado-al-sector-alimentario\/\" \/>\n<meta property=\"og:locale\" content=\"es_ES\" \/>\n<meta property=\"og:type\" content=\"article\" \/>\n<meta property=\"og:title\" content=\"Apertura de nuestro nuevo centro log\u00edstico dedicado al sector alimentario - Barcelonesa\" \/>\n<meta property=\"og:description\" content=\"Ampliamos nuestras instalaciones y optimizamos nuestros servicios con un nuevo centro log\u00edstico dedicado al segmento alimentario de nuestra empresa.\" \/>\n<meta property=\"og:url\" content=\"https:\/\/www.barcelonesa.com\/es\/blog\/apertura-de-nuestro-nuevo-centro-logistico-dedicado-al-sector-alimentario\/\" \/>\n<meta property=\"og:site_name\" content=\"Barcelonesa\" \/>\n<meta property=\"article:published_time\" content=\"2021-06-28T15:05:00+00:00\" \/>\n<meta property=\"article:modified_time\" content=\"2026-01-15T10:30:34+00:00\" \/>\n<meta property=\"og:image\" content=\"https:\/\/www.barcelonesa.com\/wp-content\/uploads\/2021\/06\/apertura-nuevo-centro-logistico-alimentario.jpg\" \/>\n\t<meta property=\"og:image:width\" content=\"1600\" \/>\n\t<meta property=\"og:image:height\" content=\"760\" \/>\n\t<meta property=\"og:image:type\" content=\"image\/jpeg\" \/>\n<meta name=\"author\" content=\"Jaume Casas\" \/>\n<meta name=\"twitter:card\" content=\"summary_large_image\" \/>\n<meta name=\"twitter:label1\" content=\"Escrito por\" \/>\n\t<meta name=\"twitter:data1\" content=\"Jaume Casas\" \/>\n\t<meta name=\"twitter:label2\" content=\"Tiempo de lectura\" \/>\n\t<meta name=\"twitter:data2\" content=\"3 minutos\" \/>\n<script type=\"application\/ld+json\" class=\"yoast-schema-graph\">{\"@context\":\"https:\/\/schema.org\",\"@graph\":[{\"@type\":\"Article\",\"@id\":\"https:\/\/www.barcelonesa.com\/es\/blog\/apertura-de-nuestro-nuevo-centro-logistico-dedicado-al-sector-alimentario\/#article\",\"isPartOf\":{\"@id\":\"https:\/\/www.barcelonesa.com\/es\/blog\/apertura-de-nuestro-nuevo-centro-logistico-dedicado-al-sector-alimentario\/\"},\"author\":{\"name\":\"Jaume Casas\",\"@id\":\"https:\/\/www.barcelonesa.com\/es\/#\/schema\/person\/a178cf2e65a40b80b33f3b5844529840\"},\"headline\":\"Apertura de nuestro nuevo centro log\u00edstico dedicado al sector alimentario\",\"datePublished\":\"2021-06-28T15:05:00+00:00\",\"dateModified\":\"2026-01-15T10:30:34+00:00\",\"mainEntityOfPage\":{\"@id\":\"https:\/\/www.barcelonesa.com\/es\/blog\/apertura-de-nuestro-nuevo-centro-logistico-dedicado-al-sector-alimentario\/\"},\"wordCount\":672,\"publisher\":{\"@id\":\"https:\/\/www.barcelonesa.com\/es\/#organization\"},\"image\":{\"@id\":\"https:\/\/www.barcelonesa.com\/es\/blog\/apertura-de-nuestro-nuevo-centro-logistico-dedicado-al-sector-alimentario\/#primaryimage\"},\"thumbnailUrl\":\"https:\/\/www.barcelonesa.com\/wp-content\/uploads\/2021\/06\/apertura-nuevo-centro-logistico-alimentario.jpg\",\"articleSection\":[\"Alimentaci\u00f3n Humana\"],\"inLanguage\":\"es\"},{\"@type\":\"WebPage\",\"@id\":\"https:\/\/www.barcelonesa.com\/es\/blog\/apertura-de-nuestro-nuevo-centro-logistico-dedicado-al-sector-alimentario\/\",\"url\":\"https:\/\/www.barcelonesa.com\/es\/blog\/apertura-de-nuestro-nuevo-centro-logistico-dedicado-al-sector-alimentario\/\",\"name\":\"Apertura de nuestro nuevo centro log\u00edstico dedicado al sector alimentario - Barcelonesa\",\"isPartOf\":{\"@id\":\"https:\/\/www.barcelonesa.com\/es\/#website\"},\"primaryImageOfPage\":{\"@id\":\"https:\/\/www.barcelonesa.com\/es\/blog\/apertura-de-nuestro-nuevo-centro-logistico-dedicado-al-sector-alimentario\/#primaryimage\"},\"image\":{\"@id\":\"https:\/\/www.barcelonesa.com\/es\/blog\/apertura-de-nuestro-nuevo-centro-logistico-dedicado-al-sector-alimentario\/#primaryimage\"},\"thumbnailUrl\":\"https:\/\/www.barcelonesa.com\/wp-content\/uploads\/2021\/06\/apertura-nuevo-centro-logistico-alimentario.jpg\",\"datePublished\":\"2021-06-28T15:05:00+00:00\",\"dateModified\":\"2026-01-15T10:30:34+00:00\",\"description\":\"Ampliamos nuestras instalaciones y optimizamos nuestros servicios con un nuevo centro log\u00edstico dedicado al segmento alimentario de nuestra empresa.\",\"breadcrumb\":{\"@id\":\"https:\/\/www.barcelonesa.com\/es\/blog\/apertura-de-nuestro-nuevo-centro-logistico-dedicado-al-sector-alimentario\/#breadcrumb\"},\"inLanguage\":\"es\",\"potentialAction\":[{\"@type\":\"ReadAction\",\"target\":[\"https:\/\/www.barcelonesa.com\/es\/blog\/apertura-de-nuestro-nuevo-centro-logistico-dedicado-al-sector-alimentario\/\"]}]},{\"@type\":\"ImageObject\",\"inLanguage\":\"es\",\"@id\":\"https:\/\/www.barcelonesa.com\/es\/blog\/apertura-de-nuestro-nuevo-centro-logistico-dedicado-al-sector-alimentario\/#primaryimage\",\"url\":\"https:\/\/www.barcelonesa.com\/wp-content\/uploads\/2021\/06\/apertura-nuevo-centro-logistico-alimentario.jpg\",\"contentUrl\":\"https:\/\/www.barcelonesa.com\/wp-content\/uploads\/2021\/06\/apertura-nuevo-centro-logistico-alimentario.jpg\",\"width\":1600,\"height\":760},{\"@type\":\"BreadcrumbList\",\"@id\":\"https:\/\/www.barcelonesa.com\/es\/blog\/apertura-de-nuestro-nuevo-centro-logistico-dedicado-al-sector-alimentario\/#breadcrumb\",\"itemListElement\":[{\"@type\":\"ListItem\",\"position\":1,\"name\":\"Home\",\"item\":\"https:\/\/www.barcelonesa.com\/es\/\"},{\"@type\":\"ListItem\",\"position\":2,\"name\":\"Apertura de nuestro nuevo centro log\u00edstico dedicado al sector alimentario\"}]},{\"@type\":\"WebSite\",\"@id\":\"https:\/\/www.barcelonesa.com\/es\/#website\",\"url\":\"https:\/\/www.barcelonesa.com\/es\/\",\"name\":\"Barcelonesa\",\"description\":\"Tu partner global de productos y especialidades qu\u00edmicas, est\u00e9s donde est\u00e9s.\",\"publisher\":{\"@id\":\"https:\/\/www.barcelonesa.com\/es\/#organization\"},\"potentialAction\":[{\"@type\":\"SearchAction\",\"target\":{\"@type\":\"EntryPoint\",\"urlTemplate\":\"https:\/\/www.barcelonesa.com\/es\/?s={search_term_string}\"},\"query-input\":{\"@type\":\"PropertyValueSpecification\",\"valueRequired\":true,\"valueName\":\"search_term_string\"}}],\"inLanguage\":\"es\"},{\"@type\":\"Organization\",\"@id\":\"https:\/\/www.barcelonesa.com\/es\/#organization\",\"name\":\"Barcelonesa\",\"url\":\"https:\/\/www.barcelonesa.com\/es\/\",\"logo\":{\"@type\":\"ImageObject\",\"inLanguage\":\"es\",\"@id\":\"https:\/\/www.barcelonesa.com\/es\/#\/schema\/logo\/image\/\",\"url\":\"https:\/\/www.barcelonesa.com\/wp-content\/uploads\/2023\/09\/logo_header.svg\",\"contentUrl\":\"https:\/\/www.barcelonesa.com\/wp-content\/uploads\/2023\/09\/logo_header.svg\",\"width\":230,\"height\":44,\"caption\":\"Barcelonesa\"},\"image\":{\"@id\":\"https:\/\/www.barcelonesa.com\/es\/#\/schema\/logo\/image\/\"},\"sameAs\":[\"https:\/\/www.linkedin.com\/company\/barcelonesa-chemicals\"]},{\"@type\":\"Person\",\"@id\":\"https:\/\/www.barcelonesa.com\/es\/#\/schema\/person\/a178cf2e65a40b80b33f3b5844529840\",\"name\":\"Jaume Casas\",\"image\":{\"@type\":\"ImageObject\",\"inLanguage\":\"es\",\"@id\":\"https:\/\/www.barcelonesa.com\/wp-content\/uploads\/2021\/05\/jaume-casas-96x96.jpg\",\"url\":\"https:\/\/www.barcelonesa.com\/wp-content\/uploads\/2021\/05\/jaume-casas-96x96.jpg\",\"contentUrl\":\"https:\/\/www.barcelonesa.com\/wp-content\/uploads\/2021\/05\/jaume-casas-96x96.jpg\",\"caption\":\"Jaume Casas\"},\"sameAs\":[\"http:\/\/www.grupbarcelonesa.com\/es\/nutricion-humana\"],\"url\":\"https:\/\/www.barcelonesa.com\/es\/author\/jaume-casas\/\"}]}<\/script>\n<!-- \/ Yoast SEO plugin. -->","yoast_head_json":{"title":"Apertura de nuestro nuevo centro log\u00edstico dedicado al sector alimentario - Barcelonesa","description":"Ampliamos nuestras instalaciones y optimizamos nuestros servicios con un nuevo centro log\u00edstico dedicado al segmento alimentario de nuestra empresa.","robots":{"index":"index","follow":"follow","max-snippet":"max-snippet:-1","max-image-preview":"max-image-preview:large","max-video-preview":"max-video-preview:-1"},"canonical":"https:\/\/www.barcelonesa.com\/es\/blog\/apertura-de-nuestro-nuevo-centro-logistico-dedicado-al-sector-alimentario\/","og_locale":"es_ES","og_type":"article","og_title":"Apertura de nuestro nuevo centro log\u00edstico dedicado al sector alimentario - Barcelonesa","og_description":"Ampliamos nuestras instalaciones y optimizamos nuestros servicios con un nuevo centro log\u00edstico dedicado al segmento alimentario de nuestra empresa.","og_url":"https:\/\/www.barcelonesa.com\/es\/blog\/apertura-de-nuestro-nuevo-centro-logistico-dedicado-al-sector-alimentario\/","og_site_name":"Barcelonesa","article_published_time":"2021-06-28T15:05:00+00:00","article_modified_time":"2026-01-15T10:30:34+00:00","og_image":[{"width":1600,"height":760,"url":"https:\/\/www.barcelonesa.com\/wp-content\/uploads\/2021\/06\/apertura-nuevo-centro-logistico-alimentario.jpg","type":"image\/jpeg"}],"author":"Jaume Casas","twitter_card":"summary_large_image","twitter_misc":{"Escrito por":"Jaume Casas","Tiempo de lectura":"3 minutos"},"schema":{"@context":"https:\/\/schema.org","@graph":[{"@type":"Article","@id":"https:\/\/www.barcelonesa.com\/es\/blog\/apertura-de-nuestro-nuevo-centro-logistico-dedicado-al-sector-alimentario\/#article","isPartOf":{"@id":"https:\/\/www.barcelonesa.com\/es\/blog\/apertura-de-nuestro-nuevo-centro-logistico-dedicado-al-sector-alimentario\/"},"author":{"name":"Jaume Casas","@id":"https:\/\/www.barcelonesa.com\/es\/#\/schema\/person\/a178cf2e65a40b80b33f3b5844529840"},"headline":"Apertura de nuestro nuevo centro log\u00edstico dedicado al sector alimentario","datePublished":"2021-06-28T15:05:00+00:00","dateModified":"2026-01-15T10:30:34+00:00","mainEntityOfPage":{"@id":"https:\/\/www.barcelonesa.com\/es\/blog\/apertura-de-nuestro-nuevo-centro-logistico-dedicado-al-sector-alimentario\/"},"wordCount":672,"publisher":{"@id":"https:\/\/www.barcelonesa.com\/es\/#organization"},"image":{"@id":"https:\/\/www.barcelonesa.com\/es\/blog\/apertura-de-nuestro-nuevo-centro-logistico-dedicado-al-sector-alimentario\/#primaryimage"},"thumbnailUrl":"https:\/\/www.barcelonesa.com\/wp-content\/uploads\/2021\/06\/apertura-nuevo-centro-logistico-alimentario.jpg","articleSection":["Alimentaci\u00f3n Humana"],"inLanguage":"es"},{"@type":"WebPage","@id":"https:\/\/www.barcelonesa.com\/es\/blog\/apertura-de-nuestro-nuevo-centro-logistico-dedicado-al-sector-alimentario\/","url":"https:\/\/www.barcelonesa.com\/es\/blog\/apertura-de-nuestro-nuevo-centro-logistico-dedicado-al-sector-alimentario\/","name":"Apertura de nuestro nuevo centro log\u00edstico dedicado al sector alimentario - Barcelonesa","isPartOf":{"@id":"https:\/\/www.barcelonesa.com\/es\/#website"},"primaryImageOfPage":{"@id":"https:\/\/www.barcelonesa.com\/es\/blog\/apertura-de-nuestro-nuevo-centro-logistico-dedicado-al-sector-alimentario\/#primaryimage"},"image":{"@id":"https:\/\/www.barcelonesa.com\/es\/blog\/apertura-de-nuestro-nuevo-centro-logistico-dedicado-al-sector-alimentario\/#primaryimage"},"thumbnailUrl":"https:\/\/www.barcelonesa.com\/wp-content\/uploads\/2021\/06\/apertura-nuevo-centro-logistico-alimentario.jpg","datePublished":"2021-06-28T15:05:00+00:00","dateModified":"2026-01-15T10:30:34+00:00","description":"Ampliamos nuestras instalaciones y optimizamos nuestros servicios con un nuevo centro log\u00edstico dedicado al segmento alimentario de nuestra empresa.","breadcrumb":{"@id":"https:\/\/www.barcelonesa.com\/es\/blog\/apertura-de-nuestro-nuevo-centro-logistico-dedicado-al-sector-alimentario\/#breadcrumb"},"inLanguage":"es","potentialAction":[{"@type":"ReadAction","target":["https:\/\/www.barcelonesa.com\/es\/blog\/apertura-de-nuestro-nuevo-centro-logistico-dedicado-al-sector-alimentario\/"]}]},{"@type":"ImageObject","inLanguage":"es","@id":"https:\/\/www.barcelonesa.com\/es\/blog\/apertura-de-nuestro-nuevo-centro-logistico-dedicado-al-sector-alimentario\/#primaryimage","url":"https:\/\/www.barcelonesa.com\/wp-content\/uploads\/2021\/06\/apertura-nuevo-centro-logistico-alimentario.jpg","contentUrl":"https:\/\/www.barcelonesa.com\/wp-content\/uploads\/2021\/06\/apertura-nuevo-centro-logistico-alimentario.jpg","width":1600,"height":760},{"@type":"BreadcrumbList","@id":"https:\/\/www.barcelonesa.com\/es\/blog\/apertura-de-nuestro-nuevo-centro-logistico-dedicado-al-sector-alimentario\/#breadcrumb","itemListElement":[{"@type":"ListItem","position":1,"name":"Home","item":"https:\/\/www.barcelonesa.com\/es\/"},{"@type":"ListItem","position":2,"name":"Apertura de nuestro nuevo centro log\u00edstico dedicado al sector alimentario"}]},{"@type":"WebSite","@id":"https:\/\/www.barcelonesa.com\/es\/#website","url":"https:\/\/www.barcelonesa.com\/es\/","name":"Barcelonesa","description":"Tu partner global de productos y especialidades qu\u00edmicas, est\u00e9s donde est\u00e9s.","publisher":{"@id":"https:\/\/www.barcelonesa.com\/es\/#organization"},"potentialAction":[{"@type":"SearchAction","target":{"@type":"EntryPoint","urlTemplate":"https:\/\/www.barcelonesa.com\/es\/?s={search_term_string}"},"query-input":{"@type":"PropertyValueSpecification","valueRequired":true,"valueName":"search_term_string"}}],"inLanguage":"es"},{"@type":"Organization","@id":"https:\/\/www.barcelonesa.com\/es\/#organization","name":"Barcelonesa","url":"https:\/\/www.barcelonesa.com\/es\/","logo":{"@type":"ImageObject","inLanguage":"es","@id":"https:\/\/www.barcelonesa.com\/es\/#\/schema\/logo\/image\/","url":"https:\/\/www.barcelonesa.com\/wp-content\/uploads\/2023\/09\/logo_header.svg","contentUrl":"https:\/\/www.barcelonesa.com\/wp-content\/uploads\/2023\/09\/logo_header.svg","width":230,"height":44,"caption":"Barcelonesa"},"image":{"@id":"https:\/\/www.barcelonesa.com\/es\/#\/schema\/logo\/image\/"},"sameAs":["https:\/\/www.linkedin.com\/company\/barcelonesa-chemicals"]},{"@type":"Person","@id":"https:\/\/www.barcelonesa.com\/es\/#\/schema\/person\/a178cf2e65a40b80b33f3b5844529840","name":"Jaume Casas","image":{"@type":"ImageObject","inLanguage":"es","@id":"https:\/\/www.barcelonesa.com\/wp-content\/uploads\/2021\/05\/jaume-casas-96x96.jpg","url":"https:\/\/www.barcelonesa.com\/wp-content\/uploads\/2021\/05\/jaume-casas-96x96.jpg","contentUrl":"https:\/\/www.barcelonesa.com\/wp-content\/uploads\/2021\/05\/jaume-casas-96x96.jpg","caption":"Jaume Casas"},"sameAs":["http:\/\/www.grupbarcelonesa.com\/es\/nutricion-humana"],"url":"https:\/\/www.barcelonesa.com\/es\/author\/jaume-casas\/"}]}},"_links":{"self":[{"href":"https:\/\/www.barcelonesa.com\/es\/wp-json\/wp\/v2\/posts\/18539","targetHints":{"allow":["GET"]}}],"collection":[{"href":"https:\/\/www.barcelonesa.com\/es\/wp-json\/wp\/v2\/posts"}],"about":[{"href":"https:\/\/www.barcelonesa.com\/es\/wp-json\/wp\/v2\/types\/post"}],"author":[{"embeddable":true,"href":"https:\/\/www.barcelonesa.com\/es\/wp-json\/wp\/v2\/users\/13"}],"replies":[{"embeddable":true,"href":"https:\/\/www.barcelonesa.com\/es\/wp-json\/wp\/v2\/comments?post=18539"}],"version-history":[{"count":1,"href":"https:\/\/www.barcelonesa.com\/es\/wp-json\/wp\/v2\/posts\/18539\/revisions"}],"predecessor-version":[{"id":18548,"href":"https:\/\/www.barcelonesa.com\/es\/wp-json\/wp\/v2\/posts\/18539\/revisions\/18548"}],"wp:featuredmedia":[{"embeddable":true,"href":"https:\/\/www.barcelonesa.com\/es\/wp-json\/wp\/v2\/media\/18544"}],"wp:attachment":[{"href":"https:\/\/www.barcelonesa.com\/es\/wp-json\/wp\/v2\/media?parent=18539"}],"wp:term":[{"taxonomy":"category","embeddable":true,"href":"https:\/\/www.barcelonesa.com\/es\/wp-json\/wp\/v2\/categories?post=18539"},{"taxonomy":"post_tag","embeddable":true,"href":"https:\/\/www.barcelonesa.com\/es\/wp-json\/wp\/v2\/tags?post=18539"}],"curies":[{"name":"wp","href":"https:\/\/api.w.org\/{rel}","templated":true}]}}