{"id":3970,"date":"2020-07-15T10:30:21","date_gmt":"2020-07-15T08:30:21","guid":{"rendered":"https:\/\/www.barcelonesa.com\/sal-vacuum-microfina-para-la-industria-alimentaria\/"},"modified":"2021-07-22T17:09:40","modified_gmt":"2021-07-22T15:09:40","slug":"sal-vacuum-microfina-para-la-industria-alimentaria","status":"publish","type":"post","link":"https:\/\/www.barcelonesa.com\/es\/blog\/sal-vacuum-microfina-para-la-industria-alimentaria\/","title":{"rendered":"Sal Vacuum microfina para la Industria Alimentaria"},"content":{"rendered":"<p>La necesidad de una sal m\u00e1s pura, m\u00e1s f\u00e1cil de aplicar y que se comercialice a un precio asequible es b\u00e1sica para industrias punteras de la alimentaci\u00f3n, y a\u00fan m\u00e1s para los fabricantes de snacks o de aromas.<\/p>\n<p>El problema es que, hasta ahora, la adquisici\u00f3n de una sal espec\u00edfica para este tipo de empresas era complicado y costoso por la escasez de oferta en el mercado.<\/p>\n<p>Pero todo esto ha cambiado porque Grup Barcelonesa ha iniciado la comercializaci\u00f3n de una <strong>sal vacuum microfina, con un di\u00e1metro por debajo de 0,250 MM a un precio competitivo.<\/strong><\/p>\n<p>Sigue leyendo si quieres saber <strong>c\u00f3mo te puede ayudar este novedoso formato de sal a tu empresa alimentaria.\u00a0<\/strong><\/p>\n<h2><strong><span style=\"color: #2e8682;\">Sal Vacuum de\u00a0granulometr\u00eda microfina<\/span><\/strong><\/h2>\n<p>Mientras que la sal vacuum frecuente en el mercado suele comercializarse con una granulometr\u00eda que oscila entre 0,600 y 1,000 MM, la sal vacuum microfina que comercializamos tiene una granulometr\u00eda inferior a 0,250 MM.<\/p>\n<p>Esto hace que los beneficios de esta sal vacuum microfina sean todav\u00eda mayores que los de la sal vacuum normal:<\/p>\n<ul>\n<li><strong>Se va a aplicar todav\u00eda mejor<\/strong> que si es sal vacuum normal, con lo que se pueden acortar a\u00fan m\u00e1s los procesos de producci\u00f3n.<\/li>\n<li>Como la sal se va a repartir mejor por todo el producto, <strong>el sabor va a potenciarse notablemente.\u00a0<\/strong><\/li>\n<li>Los granos tan finos tambi\u00e9n <strong>mejoran la textura del producto final.<\/strong><\/li>\n<li><strong>El poder conservante<\/strong> de sazonar tus productos con esta sal vacuum microfina tambi\u00e9n es mayor.<\/li>\n<\/ul>\n<p>A parte de las ventajas a nivel tecnol\u00f3gico, este tipo de sal tiene tambi\u00e9n otras ventajas desde un punto de vista econ\u00f3mico:<\/p>\n<ul>\n<li><strong>Precio competitivo<\/strong>: ofrecemos esta sal especial y de gran calidad a un precio muy competitivo en el mercado tanto en Espa\u00f1a como en cualquier parte del mundo.<\/li>\n<li><strong>Disponible todo el a\u00f1o<\/strong>: mientras que otros distribuidores que comercializan este tipo de sales vacuum de granulometr\u00eda fina (por debajo de 0,500 MM) suelen tener problemas para abastecer a sus clientes durante todo el a\u00f1o, nuestra sal vacuum microfina (de menos de 0,250 MM) estar\u00e1 disponible en cualquier \u00e9poca del a\u00f1o, sin problemas de abastecimiento.<\/li>\n<\/ul>\n<h2><strong><span style=\"color: #2e8682;\">Las industrias que m\u00e1s partido le pueden sacar a esta sal vacuum microfina<\/span><\/strong><\/h2>\n<p>Aunque, en general, la sal vacuum microfina le puede resultar beneficiosa a toda la industria alimentaria (como los fabricantes de sopas, aderezos, encurtidos, l\u00e1cteos, etc.), hay dos sectores para los que es especialmente indicada:<\/p>\n<ul>\n<li><strong>Industria de elaboraci\u00f3n de aromas<\/strong>: si fabricas aromas, con este tipo de sal de gran calidad podr\u00e1s potenciar mucho el sabor y el olor de los productos que se produzcan con ellos.<\/li>\n<li><strong>Industria de fabricaci\u00f3n de snacks<\/strong>: nuestra sal vacuum microfina se dispersa muy bien por toda la superficie del snack. Y, adem\u00e1s, al ser microfina, en productos secos como las patatas fritas, las pipas con sal o las galletas saladas no se nota apenas la sal superficial.<\/li>\n<\/ul>\n<h2><strong><span style=\"color: #2e8682;\">Contacta con Barcelonesa para conseguir m\u00e1s informaci\u00f3n y precio de esta sal vacuum microfina<\/span><\/strong><\/h2>\n<p>El producto est\u00e1 disponible en sacos de 25kg.<\/p>\n<p>Si quieres empezar a probar, directamente en tu negocio, los resultados de esta sal, <a href=\"https:\/\/www.barcelonesa.com\/es\/contacto\">aqu\u00ed puedes contactar con nuestro departamento comercial.<\/a><\/p>\n<p>Estaremos encantados de enviarles las especificaciones t\u00e9cnicas del producto, una oferta de precio y muestras para realizar las pruebas oportunas.<\/p>\n","protected":false},"excerpt":{"rendered":"<p>La necesidad de una sal m\u00e1s pura, m\u00e1s f\u00e1cil de aplicar y que se comercialice a un precio asequible es b\u00e1sica para industrias punteras de la alimentaci\u00f3n, y a\u00fan m\u00e1s para los fabricantes de snacks o de aromas. El problema es que, hasta ahora, la adquisici\u00f3n de una sal espec\u00edfica para este tipo de empresas [&hellip;]<\/p>\n","protected":false},"author":13,"featured_media":3971,"comment_status":"open","ping_status":"open","sticky":false,"template":"","format":"standard","meta":{"_acf_changed":false,"site-sidebar-layout":"default","site-content-layout":"default","ast-site-content-layout":"","site-content-style":"default","site-sidebar-style":"default","ast-global-header-display":"","ast-banner-title-visibility":"","ast-main-header-display":"","ast-hfb-above-header-display":"","ast-hfb-below-header-display":"","ast-hfb-mobile-header-display":"","site-post-title":"","ast-breadcrumbs-content":"","ast-featured-img":"","footer-sml-layout":"","theme-transparent-header-meta":"default","adv-header-id-meta":"","stick-header-meta":"","header-above-stick-meta":"","header-main-stick-meta":"","header-below-stick-meta":"","astra-migrate-meta-layouts":"default","ast-page-background-enabled":"default","ast-page-background-meta":{"desktop":{"background-color":"var(--ast-global-color-4)","background-image":"","background-repeat":"repeat","background-position":"center center","background-size":"auto","background-attachment":"scroll","background-type":"","background-media":"","overlay-type":"","overlay-color":"","overlay-opacity":"","overlay-gradient":""},"tablet":{"background-color":"","background-image":"","background-repeat":"repeat","background-position":"center center","background-size":"auto","background-attachment":"scroll","background-type":"","background-media":"","overlay-type":"","overlay-color":"","overlay-opacity":"","overlay-gradient":""},"mobile":{"background-color":"","background-image":"","background-repeat":"repeat","background-position":"center center","background-size":"auto","background-attachment":"scroll","background-type":"","background-media":"","overlay-type":"","overlay-color":"","overlay-opacity":"","overlay-gradient":""}},"ast-content-background-meta":{"desktop":{"background-color":"var(--ast-global-color-5)","background-image":"","background-repeat":"repeat","background-position":"center center","background-size":"auto","background-attachment":"scroll","background-type":"","background-media":"","overlay-type":"","overlay-color":"","overlay-opacity":"","overlay-gradient":""},"tablet":{"background-color":"var(--ast-global-color-5)","background-image":"","background-repeat":"repeat","background-position":"center center","background-size":"auto","background-attachment":"scroll","background-type":"","background-media":"","overlay-type":"","overlay-color":"","overlay-opacity":"","overlay-gradient":""},"mobile":{"background-color":"var(--ast-global-color-5)","background-image":"","background-repeat":"repeat","background-position":"center center","background-size":"auto","background-attachment":"scroll","background-type":"","background-media":"","overlay-type":"","overlay-color":"","overlay-opacity":"","overlay-gradient":""}},"footnotes":""},"categories":[827],"tags":[570,822],"class_list":["post-3970","post","type-post","status-publish","format-standard","has-post-thumbnail","hentry","category-alimentacion-humana","tag-alimentacion-humana","tag-sal-vacuum-microfina"],"acf":[],"yoast_head":"<!-- This site is optimized with the Yoast SEO plugin v27.2 - https:\/\/yoast.com\/product\/yoast-seo-wordpress\/ -->\n<title>Distribuidor Sal Vacuum - Barcelonesa<\/title>\n<meta name=\"description\" content=\"Distribuidor de sal vacuum microfina, con un di\u00e1metro por debajo de 0,250 MM a un precio competitivo. Contacta con nosotros!\" \/>\n<meta name=\"robots\" content=\"index, follow, max-snippet:-1, max-image-preview:large, max-video-preview:-1\" \/>\n<link rel=\"canonical\" href=\"https:\/\/www.barcelonesa.com\/es\/blog\/sal-vacuum-microfina-para-la-industria-alimentaria\/\" \/>\n<meta property=\"og:locale\" content=\"es_ES\" \/>\n<meta property=\"og:type\" content=\"article\" \/>\n<meta property=\"og:title\" content=\"Distribuidor Sal Vacuum - Barcelonesa\" \/>\n<meta property=\"og:description\" content=\"Distribuidor de sal vacuum microfina, con un di\u00e1metro por debajo de 0,250 MM a un precio competitivo. Contacta con nosotros!\" \/>\n<meta property=\"og:url\" content=\"https:\/\/www.barcelonesa.com\/es\/blog\/sal-vacuum-microfina-para-la-industria-alimentaria\/\" \/>\n<meta property=\"og:site_name\" content=\"Barcelonesa\" \/>\n<meta property=\"article:published_time\" content=\"2020-07-15T08:30:21+00:00\" \/>\n<meta property=\"article:modified_time\" content=\"2021-07-22T15:09:40+00:00\" \/>\n<meta property=\"og:image\" content=\"https:\/\/www.barcelonesa.com\/wp-content\/uploads\/2020\/07\/sal-microfina-vacuum-grado-alimentario_0.png\" \/>\n\t<meta property=\"og:image:width\" content=\"1200\" \/>\n\t<meta property=\"og:image:height\" content=\"600\" \/>\n\t<meta property=\"og:image:type\" content=\"image\/png\" \/>\n<meta name=\"author\" content=\"Jaume Casas\" \/>\n<meta name=\"twitter:card\" content=\"summary_large_image\" \/>\n<meta name=\"twitter:label1\" content=\"Escrito por\" \/>\n\t<meta name=\"twitter:data1\" content=\"Jaume Casas\" \/>\n\t<meta name=\"twitter:label2\" content=\"Tiempo de lectura\" \/>\n\t<meta name=\"twitter:data2\" content=\"3 minutos\" \/>\n<script type=\"application\/ld+json\" class=\"yoast-schema-graph\">{\"@context\":\"https:\/\/schema.org\",\"@graph\":[{\"@type\":\"Article\",\"@id\":\"https:\/\/www.barcelonesa.com\/es\/blog\/sal-vacuum-microfina-para-la-industria-alimentaria\/#article\",\"isPartOf\":{\"@id\":\"https:\/\/www.barcelonesa.com\/es\/blog\/sal-vacuum-microfina-para-la-industria-alimentaria\/\"},\"author\":{\"name\":\"Jaume Casas\",\"@id\":\"https:\/\/www.barcelonesa.com\/es\/#\/schema\/person\/a178cf2e65a40b80b33f3b5844529840\"},\"headline\":\"Sal Vacuum microfina para la Industria Alimentaria\",\"datePublished\":\"2020-07-15T08:30:21+00:00\",\"dateModified\":\"2021-07-22T15:09:40+00:00\",\"mainEntityOfPage\":{\"@id\":\"https:\/\/www.barcelonesa.com\/es\/blog\/sal-vacuum-microfina-para-la-industria-alimentaria\/\"},\"wordCount\":573,\"commentCount\":0,\"publisher\":{\"@id\":\"https:\/\/www.barcelonesa.com\/es\/#organization\"},\"image\":{\"@id\":\"https:\/\/www.barcelonesa.com\/es\/blog\/sal-vacuum-microfina-para-la-industria-alimentaria\/#primaryimage\"},\"thumbnailUrl\":\"https:\/\/www.barcelonesa.com\/wp-content\/uploads\/2020\/07\/sal-microfina-vacuum-grado-alimentario_0.png\",\"keywords\":[\"alimentaci\u00f3n humana\",\"Sal Vacuum Microfina\"],\"articleSection\":[\"Alimentaci\u00f3n Humana\"],\"inLanguage\":\"es\",\"potentialAction\":[{\"@type\":\"CommentAction\",\"name\":\"Comment\",\"target\":[\"https:\/\/www.barcelonesa.com\/es\/blog\/sal-vacuum-microfina-para-la-industria-alimentaria\/#respond\"]}]},{\"@type\":\"WebPage\",\"@id\":\"https:\/\/www.barcelonesa.com\/es\/blog\/sal-vacuum-microfina-para-la-industria-alimentaria\/\",\"url\":\"https:\/\/www.barcelonesa.com\/es\/blog\/sal-vacuum-microfina-para-la-industria-alimentaria\/\",\"name\":\"Distribuidor Sal Vacuum - Barcelonesa\",\"isPartOf\":{\"@id\":\"https:\/\/www.barcelonesa.com\/es\/#website\"},\"primaryImageOfPage\":{\"@id\":\"https:\/\/www.barcelonesa.com\/es\/blog\/sal-vacuum-microfina-para-la-industria-alimentaria\/#primaryimage\"},\"image\":{\"@id\":\"https:\/\/www.barcelonesa.com\/es\/blog\/sal-vacuum-microfina-para-la-industria-alimentaria\/#primaryimage\"},\"thumbnailUrl\":\"https:\/\/www.barcelonesa.com\/wp-content\/uploads\/2020\/07\/sal-microfina-vacuum-grado-alimentario_0.png\",\"datePublished\":\"2020-07-15T08:30:21+00:00\",\"dateModified\":\"2021-07-22T15:09:40+00:00\",\"description\":\"Distribuidor de sal vacuum microfina, con un di\u00e1metro por debajo de 0,250 MM a un precio competitivo. Contacta con nosotros!\",\"breadcrumb\":{\"@id\":\"https:\/\/www.barcelonesa.com\/es\/blog\/sal-vacuum-microfina-para-la-industria-alimentaria\/#breadcrumb\"},\"inLanguage\":\"es\",\"potentialAction\":[{\"@type\":\"ReadAction\",\"target\":[\"https:\/\/www.barcelonesa.com\/es\/blog\/sal-vacuum-microfina-para-la-industria-alimentaria\/\"]}]},{\"@type\":\"ImageObject\",\"inLanguage\":\"es\",\"@id\":\"https:\/\/www.barcelonesa.com\/es\/blog\/sal-vacuum-microfina-para-la-industria-alimentaria\/#primaryimage\",\"url\":\"https:\/\/www.barcelonesa.com\/wp-content\/uploads\/2020\/07\/sal-microfina-vacuum-grado-alimentario_0.png\",\"contentUrl\":\"https:\/\/www.barcelonesa.com\/wp-content\/uploads\/2020\/07\/sal-microfina-vacuum-grado-alimentario_0.png\",\"width\":1200,\"height\":600,\"caption\":\"sal-microfina-vacuum-grado-alimentario\"},{\"@type\":\"BreadcrumbList\",\"@id\":\"https:\/\/www.barcelonesa.com\/es\/blog\/sal-vacuum-microfina-para-la-industria-alimentaria\/#breadcrumb\",\"itemListElement\":[{\"@type\":\"ListItem\",\"position\":1,\"name\":\"Home\",\"item\":\"https:\/\/www.barcelonesa.com\/es\/\"},{\"@type\":\"ListItem\",\"position\":2,\"name\":\"Sal Vacuum microfina para la Industria Alimentaria\"}]},{\"@type\":\"WebSite\",\"@id\":\"https:\/\/www.barcelonesa.com\/es\/#website\",\"url\":\"https:\/\/www.barcelonesa.com\/es\/\",\"name\":\"Barcelonesa\",\"description\":\"Tu partner global de productos y especialidades qu\u00edmicas, est\u00e9s donde est\u00e9s.\",\"publisher\":{\"@id\":\"https:\/\/www.barcelonesa.com\/es\/#organization\"},\"potentialAction\":[{\"@type\":\"SearchAction\",\"target\":{\"@type\":\"EntryPoint\",\"urlTemplate\":\"https:\/\/www.barcelonesa.com\/es\/?s={search_term_string}\"},\"query-input\":{\"@type\":\"PropertyValueSpecification\",\"valueRequired\":true,\"valueName\":\"search_term_string\"}}],\"inLanguage\":\"es\"},{\"@type\":\"Organization\",\"@id\":\"https:\/\/www.barcelonesa.com\/es\/#organization\",\"name\":\"Barcelonesa\",\"url\":\"https:\/\/www.barcelonesa.com\/es\/\",\"logo\":{\"@type\":\"ImageObject\",\"inLanguage\":\"es\",\"@id\":\"https:\/\/www.barcelonesa.com\/es\/#\/schema\/logo\/image\/\",\"url\":\"https:\/\/www.barcelonesa.com\/wp-content\/uploads\/2023\/09\/logo_header.svg\",\"contentUrl\":\"https:\/\/www.barcelonesa.com\/wp-content\/uploads\/2023\/09\/logo_header.svg\",\"width\":230,\"height\":44,\"caption\":\"Barcelonesa\"},\"image\":{\"@id\":\"https:\/\/www.barcelonesa.com\/es\/#\/schema\/logo\/image\/\"},\"sameAs\":[\"https:\/\/www.linkedin.com\/company\/barcelonesa-chemicals\"]},{\"@type\":\"Person\",\"@id\":\"https:\/\/www.barcelonesa.com\/es\/#\/schema\/person\/a178cf2e65a40b80b33f3b5844529840\",\"name\":\"Jaume Casas\",\"image\":{\"@type\":\"ImageObject\",\"inLanguage\":\"es\",\"@id\":\"https:\/\/www.barcelonesa.com\/wp-content\/uploads\/2021\/05\/jaume-casas-96x96.jpg\",\"url\":\"https:\/\/www.barcelonesa.com\/wp-content\/uploads\/2021\/05\/jaume-casas-96x96.jpg\",\"contentUrl\":\"https:\/\/www.barcelonesa.com\/wp-content\/uploads\/2021\/05\/jaume-casas-96x96.jpg\",\"caption\":\"Jaume Casas\"},\"sameAs\":[\"http:\/\/www.grupbarcelonesa.com\/es\/nutricion-humana\"],\"url\":\"https:\/\/www.barcelonesa.com\/es\/author\/jaume-casas\/\"}]}<\/script>\n<!-- \/ Yoast SEO plugin. -->","yoast_head_json":{"title":"Distribuidor Sal Vacuum - Barcelonesa","description":"Distribuidor de sal vacuum microfina, con un di\u00e1metro por debajo de 0,250 MM a un precio competitivo. Contacta con nosotros!","robots":{"index":"index","follow":"follow","max-snippet":"max-snippet:-1","max-image-preview":"max-image-preview:large","max-video-preview":"max-video-preview:-1"},"canonical":"https:\/\/www.barcelonesa.com\/es\/blog\/sal-vacuum-microfina-para-la-industria-alimentaria\/","og_locale":"es_ES","og_type":"article","og_title":"Distribuidor Sal Vacuum - Barcelonesa","og_description":"Distribuidor de sal vacuum microfina, con un di\u00e1metro por debajo de 0,250 MM a un precio competitivo. Contacta con nosotros!","og_url":"https:\/\/www.barcelonesa.com\/es\/blog\/sal-vacuum-microfina-para-la-industria-alimentaria\/","og_site_name":"Barcelonesa","article_published_time":"2020-07-15T08:30:21+00:00","article_modified_time":"2021-07-22T15:09:40+00:00","og_image":[{"width":1200,"height":600,"url":"https:\/\/www.barcelonesa.com\/wp-content\/uploads\/2020\/07\/sal-microfina-vacuum-grado-alimentario_0.png","type":"image\/png"}],"author":"Jaume Casas","twitter_card":"summary_large_image","twitter_misc":{"Escrito por":"Jaume Casas","Tiempo de lectura":"3 minutos"},"schema":{"@context":"https:\/\/schema.org","@graph":[{"@type":"Article","@id":"https:\/\/www.barcelonesa.com\/es\/blog\/sal-vacuum-microfina-para-la-industria-alimentaria\/#article","isPartOf":{"@id":"https:\/\/www.barcelonesa.com\/es\/blog\/sal-vacuum-microfina-para-la-industria-alimentaria\/"},"author":{"name":"Jaume Casas","@id":"https:\/\/www.barcelonesa.com\/es\/#\/schema\/person\/a178cf2e65a40b80b33f3b5844529840"},"headline":"Sal Vacuum microfina para la Industria Alimentaria","datePublished":"2020-07-15T08:30:21+00:00","dateModified":"2021-07-22T15:09:40+00:00","mainEntityOfPage":{"@id":"https:\/\/www.barcelonesa.com\/es\/blog\/sal-vacuum-microfina-para-la-industria-alimentaria\/"},"wordCount":573,"commentCount":0,"publisher":{"@id":"https:\/\/www.barcelonesa.com\/es\/#organization"},"image":{"@id":"https:\/\/www.barcelonesa.com\/es\/blog\/sal-vacuum-microfina-para-la-industria-alimentaria\/#primaryimage"},"thumbnailUrl":"https:\/\/www.barcelonesa.com\/wp-content\/uploads\/2020\/07\/sal-microfina-vacuum-grado-alimentario_0.png","keywords":["alimentaci\u00f3n humana","Sal Vacuum Microfina"],"articleSection":["Alimentaci\u00f3n Humana"],"inLanguage":"es","potentialAction":[{"@type":"CommentAction","name":"Comment","target":["https:\/\/www.barcelonesa.com\/es\/blog\/sal-vacuum-microfina-para-la-industria-alimentaria\/#respond"]}]},{"@type":"WebPage","@id":"https:\/\/www.barcelonesa.com\/es\/blog\/sal-vacuum-microfina-para-la-industria-alimentaria\/","url":"https:\/\/www.barcelonesa.com\/es\/blog\/sal-vacuum-microfina-para-la-industria-alimentaria\/","name":"Distribuidor Sal Vacuum - Barcelonesa","isPartOf":{"@id":"https:\/\/www.barcelonesa.com\/es\/#website"},"primaryImageOfPage":{"@id":"https:\/\/www.barcelonesa.com\/es\/blog\/sal-vacuum-microfina-para-la-industria-alimentaria\/#primaryimage"},"image":{"@id":"https:\/\/www.barcelonesa.com\/es\/blog\/sal-vacuum-microfina-para-la-industria-alimentaria\/#primaryimage"},"thumbnailUrl":"https:\/\/www.barcelonesa.com\/wp-content\/uploads\/2020\/07\/sal-microfina-vacuum-grado-alimentario_0.png","datePublished":"2020-07-15T08:30:21+00:00","dateModified":"2021-07-22T15:09:40+00:00","description":"Distribuidor de sal vacuum microfina, con un di\u00e1metro por debajo de 0,250 MM a un precio competitivo. Contacta con nosotros!","breadcrumb":{"@id":"https:\/\/www.barcelonesa.com\/es\/blog\/sal-vacuum-microfina-para-la-industria-alimentaria\/#breadcrumb"},"inLanguage":"es","potentialAction":[{"@type":"ReadAction","target":["https:\/\/www.barcelonesa.com\/es\/blog\/sal-vacuum-microfina-para-la-industria-alimentaria\/"]}]},{"@type":"ImageObject","inLanguage":"es","@id":"https:\/\/www.barcelonesa.com\/es\/blog\/sal-vacuum-microfina-para-la-industria-alimentaria\/#primaryimage","url":"https:\/\/www.barcelonesa.com\/wp-content\/uploads\/2020\/07\/sal-microfina-vacuum-grado-alimentario_0.png","contentUrl":"https:\/\/www.barcelonesa.com\/wp-content\/uploads\/2020\/07\/sal-microfina-vacuum-grado-alimentario_0.png","width":1200,"height":600,"caption":"sal-microfina-vacuum-grado-alimentario"},{"@type":"BreadcrumbList","@id":"https:\/\/www.barcelonesa.com\/es\/blog\/sal-vacuum-microfina-para-la-industria-alimentaria\/#breadcrumb","itemListElement":[{"@type":"ListItem","position":1,"name":"Home","item":"https:\/\/www.barcelonesa.com\/es\/"},{"@type":"ListItem","position":2,"name":"Sal Vacuum microfina para la Industria Alimentaria"}]},{"@type":"WebSite","@id":"https:\/\/www.barcelonesa.com\/es\/#website","url":"https:\/\/www.barcelonesa.com\/es\/","name":"Barcelonesa","description":"Tu partner global de productos y especialidades qu\u00edmicas, est\u00e9s donde est\u00e9s.","publisher":{"@id":"https:\/\/www.barcelonesa.com\/es\/#organization"},"potentialAction":[{"@type":"SearchAction","target":{"@type":"EntryPoint","urlTemplate":"https:\/\/www.barcelonesa.com\/es\/?s={search_term_string}"},"query-input":{"@type":"PropertyValueSpecification","valueRequired":true,"valueName":"search_term_string"}}],"inLanguage":"es"},{"@type":"Organization","@id":"https:\/\/www.barcelonesa.com\/es\/#organization","name":"Barcelonesa","url":"https:\/\/www.barcelonesa.com\/es\/","logo":{"@type":"ImageObject","inLanguage":"es","@id":"https:\/\/www.barcelonesa.com\/es\/#\/schema\/logo\/image\/","url":"https:\/\/www.barcelonesa.com\/wp-content\/uploads\/2023\/09\/logo_header.svg","contentUrl":"https:\/\/www.barcelonesa.com\/wp-content\/uploads\/2023\/09\/logo_header.svg","width":230,"height":44,"caption":"Barcelonesa"},"image":{"@id":"https:\/\/www.barcelonesa.com\/es\/#\/schema\/logo\/image\/"},"sameAs":["https:\/\/www.linkedin.com\/company\/barcelonesa-chemicals"]},{"@type":"Person","@id":"https:\/\/www.barcelonesa.com\/es\/#\/schema\/person\/a178cf2e65a40b80b33f3b5844529840","name":"Jaume Casas","image":{"@type":"ImageObject","inLanguage":"es","@id":"https:\/\/www.barcelonesa.com\/wp-content\/uploads\/2021\/05\/jaume-casas-96x96.jpg","url":"https:\/\/www.barcelonesa.com\/wp-content\/uploads\/2021\/05\/jaume-casas-96x96.jpg","contentUrl":"https:\/\/www.barcelonesa.com\/wp-content\/uploads\/2021\/05\/jaume-casas-96x96.jpg","caption":"Jaume Casas"},"sameAs":["http:\/\/www.grupbarcelonesa.com\/es\/nutricion-humana"],"url":"https:\/\/www.barcelonesa.com\/es\/author\/jaume-casas\/"}]}},"_links":{"self":[{"href":"https:\/\/www.barcelonesa.com\/es\/wp-json\/wp\/v2\/posts\/3970","targetHints":{"allow":["GET"]}}],"collection":[{"href":"https:\/\/www.barcelonesa.com\/es\/wp-json\/wp\/v2\/posts"}],"about":[{"href":"https:\/\/www.barcelonesa.com\/es\/wp-json\/wp\/v2\/types\/post"}],"author":[{"embeddable":true,"href":"https:\/\/www.barcelonesa.com\/es\/wp-json\/wp\/v2\/users\/13"}],"replies":[{"embeddable":true,"href":"https:\/\/www.barcelonesa.com\/es\/wp-json\/wp\/v2\/comments?post=3970"}],"version-history":[{"count":2,"href":"https:\/\/www.barcelonesa.com\/es\/wp-json\/wp\/v2\/posts\/3970\/revisions"}],"predecessor-version":[{"id":20601,"href":"https:\/\/www.barcelonesa.com\/es\/wp-json\/wp\/v2\/posts\/3970\/revisions\/20601"}],"wp:featuredmedia":[{"embeddable":true,"href":"https:\/\/www.barcelonesa.com\/es\/wp-json\/wp\/v2\/media\/3971"}],"wp:attachment":[{"href":"https:\/\/www.barcelonesa.com\/es\/wp-json\/wp\/v2\/media?parent=3970"}],"wp:term":[{"taxonomy":"category","embeddable":true,"href":"https:\/\/www.barcelonesa.com\/es\/wp-json\/wp\/v2\/categories?post=3970"},{"taxonomy":"post_tag","embeddable":true,"href":"https:\/\/www.barcelonesa.com\/es\/wp-json\/wp\/v2\/tags?post=3970"}],"curies":[{"name":"wp","href":"https:\/\/api.w.org\/{rel}","templated":true}]}}