{"id":14179,"date":"2020-12-17T14:57:14","date_gmt":"2020-12-17T13:57:14","guid":{"rendered":"https:\/\/www.barcelonesa.com\/las-caras-de-la-vulnerabilidad-iniciativa-de-san-juan-de-dios\/"},"modified":"2021-06-09T10:46:05","modified_gmt":"2021-06-09T08:46:05","slug":"las-caras-de-la-vulnerabilidad-une-initiative-de-san-juan-de-dios","status":"publish","type":"post","link":"https:\/\/www.barcelonesa.com\/fr\/blog\/las-caras-de-la-vulnerabilidad-une-initiative-de-san-juan-de-dios\/","title":{"rendered":"Las caras de la vulnerabilidad, une initiative de San Juan de Dios."},"content":{"rendered":"\n<p>Depuis 2005, tous les 20 d\u00e9cembre on c\u00e9l\u00e8bre la Journ\u00e9e internationale de la solidarit\u00e9 humaine.<\/p>\n\n\n\n<p>La c\u00e9l\u00e9bration de cette journ\u00e9e intervient apr\u00e8s l&rsquo;adoption des ODD, les objectifs de d\u00e9veloppement durable, qui visent \u00e0 \u00e9radiquer la pauvret\u00e9, \u00e0 prot\u00e9ger la plan\u00e8te et \u00e0 assurer la dignit\u00e9 de tous.<\/p>\n\n\n\n<p>Une journ\u00e9e o\u00f9 la solidarit\u00e9 est comm\u00e9mor\u00e9e comme une valeur humaine fondamentale et universelle.<\/p>\n\n\n\n<p><strong>Au milieu de la crise provoqu\u00e9e par la pand\u00e9mie de COVID-19, nous avons vu de nombreuses initiatives refaire surface.<\/strong><\/p>\n\n\n\n<p>Des concerts de solidarit\u00e9 pour rendre les journ\u00e9es plus agr\u00e9ables. Des masques cousus \u00e0 la main ou le don de nourriture gratuite pour le personnel de sant\u00e9 sont quelques-unes des initiatives de solidarit\u00e9 auxquelles nous avons assist\u00e9 au cours des premi\u00e8res semaines de l&rsquo;\u00e9tat d&rsquo;urgence.<\/p>\n\n\n\n<p>Des associations, des ONG et aussi des citoyens anonymes en ont \u00e9t\u00e9 les promoteurs.<\/p>\n\n\n\n<p>\u00c0 l&rsquo;occasion de cette journ\u00e9e, nous avons voulu consacrer un espace de notre blog au projet Las caras de la vulnerabilidad \u2013 une initiative de l&rsquo;\u0152uvre sociale de San Juan de Dios \u2013 qui vise \u00e0 aider dans les nouvelles r\u00e9alit\u00e9s \u00e9mergeant de la COVID-19 dans les groupes les plus vuln\u00e9rables.<\/p>\n\n\n\n<p>Notre objectif n&rsquo;est autre que de donner de la visibilit\u00e9 \u00e0 l&rsquo;excellent travail accompli par les b\u00e9n\u00e9voles et les travailleurs qui ont \u00e9t\u00e9 \u2013 et continuent d&rsquo;\u00eatre \u2013 en premi\u00e8re ligne pour soutenir les diff\u00e9rents groupes qui ont \u00e9t\u00e9 touch\u00e9s par la pand\u00e9mie.<\/p>\n\n\n\n<h2 class=\"wp-block-heading\"><br><strong>Las caras de la vulnerabilidad&nbsp;<\/strong><\/h2>\n\n\n\n<p>Cette ann\u00e9e 2020 n&rsquo;a ressembl\u00e9 \u00e0 aucune autre.<\/p>\n\n\n\n<p>Une ann\u00e9e qui nous a tous contraints \u00e0 faire une pause et qui marquera sans aucun doute un avant et un apr\u00e8s dans nos vies et dans l&rsquo;histoire.<\/p>\n\n\n\n<p>Las caras de la vulnerabilidad est le nom de l&rsquo;initiative de San Juan de Dios qui rassemble des t\u00e9moignages, des actions et des initiatives visant \u00e0 soutenir les plus vuln\u00e9rables.<\/p>\n\n\n\n<p>Le fait est que cette pand\u00e9mie a touch\u00e9 toutes les couches de la soci\u00e9t\u00e9, g\u00e9n\u00e9rant une situation d&rsquo;urgence mondiale.<\/p>\n\n\n\n<p>Dans ce contexte, il n&rsquo;est pas difficile de comprendre que&nbsp;<strong>les personnes en situation de vuln\u00e9rabilit\u00e9<\/strong>&nbsp;ont \u00e9t\u00e9 gravement frapp\u00e9es par cette crise sanitaire et ses cons\u00e9quences.<\/p>\n\n\n\n<p>Le fait est que la COVID-19 a apport\u00e9 avec elle de nouveaux besoins que le projet de l&rsquo;\u0152uvre sociale de San Juan de Dios tente de combattre. Pour mieux comprendre les diff\u00e9rentes r\u00e9alit\u00e9s et optimiser les ressources, le programme a \u00e9t\u00e9 organis\u00e9 en quatre piliers fondamentaux expliqu\u00e9s plus en d\u00e9tail ci-dessous.&nbsp;<br><br><img decoding=\"async\" alt=\"\" src=\"https:\/\/www.barcelonesa.com\/sites\/default\/files\/Blog\/General\/sjd-caras-vulnerabilidad_0.jpg\"><\/p>\n\n\n\n<h2 class=\"wp-block-heading\"><strong>1.- Premi\u00e8res n\u00e9cessit\u00e9s:<\/strong><\/h2>\n\n\n\n<p>Les banques alimentaires et autres organisations qui aident \u00e0 r\u00e9pondre aux besoins fondamentaux ont \u00e9t\u00e9 d\u00e9bord\u00e9es.<\/p>\n\n\n\n<p>Dans ce programme, l&rsquo;objectif est de garantir la satisfaction&nbsp;<strong>des besoins fondamentaux de tous les San Juan de Dios groupes<\/strong>:<\/p>\n\n\n\n<p>Donner acc\u00e8s \u00e0 un logement, \u00e0 la nourriture et \u00e0 l&rsquo;hygi\u00e8ne \u00e0 toutes les personnes ayant peu de ressources qui&rsquo;l sont dans leurs centres r\u00e9sidentiels<\/p>\n\n\n\n<p>Les aides sont destin\u00e9es \u00e0 l&rsquo;achat d&rsquo;aliments de base non p\u00e9rissables, de compl\u00e9ments alimentaires pour enfants, \u00e0 l&rsquo;achat de produits d&rsquo;hygi\u00e8ne, entre autres.&nbsp;<\/p>\n\n\n\n<h2 class=\"wp-block-heading\"><strong>2.- Construire la \u2018\u2019nouvelle normalit\u00e9\u2019\u2019:<\/strong><\/h2>\n\n\n\n<p>Revenir \u00e0 la normale \u2013 dans la mesure du possible \u2013 n&rsquo;est pas une t\u00e2che facile.<\/p>\n\n\n\n<p>Surtout lorsque certains des services de soins ont ferm\u00e9 leurs portes ou ont \u00e9t\u00e9 limit\u00e9s du fait des mesures de distanciation sociale.<\/p>\n\n\n\n<p>Ce programme vise \u00e0&nbsp;<strong>r\u00e9activer certains des services de soins de base&nbsp;<\/strong>tels que les activit\u00e9s th\u00e9rapeutiques, les ateliers ou autres traitements gr\u00e2ce \u00e0 l&rsquo;adaptation de nouveaux espaces o\u00f9 ils peuvent \u00eatre r\u00e9alis\u00e9s en respectant les mesures d&rsquo;hygi\u00e8ne et de s\u00e9curit\u00e9 n\u00e9cessaires.<\/p>\n\n\n\n<p>Vous pouvez en savoir plus sur cette initiative pour&nbsp;<a href=\"https:\/\/solidaritat.santjoandedeu.org\/lascarasdelavulnerabilidad\/?lang=es\">construire la nouvelle normalit\u00e9<\/a>&nbsp;sur son site web.<\/p>\n\n\n\n<h2 class=\"wp-block-heading\"><strong>3.- Recherche biom\u00e9dicale:<\/strong><\/h2>\n\n\n\n<p>La recherche d&rsquo;un \u00e9ventuel rem\u00e8de est au centre des pr\u00e9occupations de nombreuses organisations.<\/p>\n\n\n\n<p>Afin d&rsquo;avancer dans les diff\u00e9rentes lignes de recherche et ainsi parvenir \u00e0 un traitement pour combattre le virus, le SJD a concentr\u00e9 ses efforts sur la r\u00e9ponse naturelle des enfants pour faire face \u00e0 la covid-19, en lan\u00e7ant une plateforme de recherche appel\u00e9e \u00ab&nbsp;Kids Corona&nbsp;\u00bb.<\/p>\n\n\n\n<p>L&rsquo;objectif de cette plateforme est d&rsquo;\u00e9tudier l&rsquo;incidence et l&rsquo;effet de la COVID-19 sur les enfants et les femmes enceintes.<br><br>Vous pouvez voir les premiers r\u00e9sultats de l&rsquo;\u00e9tude&nbsp;<a href=\"https:\/\/solidaritat.santjoandedeu.org\/es\/campanya\/investigacion-biomedica\">Kids Corona<\/a>&nbsp;sur son site web.<\/p>\n\n\n\n<h2 class=\"wp-block-heading\"><strong>4.- Bien-\u00eatre \u00e9motionnel&nbsp;:<\/strong><\/h2>\n\n\n\n<p>La crisis sanitaria ha tenido un gran impacto en la salud mental de la sociedad.<\/p>\n\n\n\n<p>Este programa de bienestar emocional busca dar respuesta a las secuelas de la emergencia gracias al desarrollo de proyectos e iniciativas que sirvan de apoyo a personas en situaci\u00f3n de exclusi\u00f3n, personas afectadas con trastornos de salud mental y sociedad en general.&nbsp;<\/p>\n\n\n\n<p>En este programa est\u00e1n incluidas iniciativas c\u00f3mo el acompa\u00f1amiento a personas mayores o programas para la gesti\u00f3n del duelo.<\/p>\n\n\n\n<p>Si quieres conocer m\u00e1s sobre el programa del&nbsp;<a href=\"https:\/\/solidaritat.santjoandedeu.org\/es\/campanya\/bienestar-emocional\">Bienestar emocional<\/a>, entra en su p\u00e1gina web e inf\u00f3rmate.&nbsp;&nbsp;<\/p>\n\n\n\n<h2 class=\"wp-block-heading\"><strong>Grup Barcelonesa, une entreprise participant<\/strong><\/h2>\n\n\n\n<p>Les sans-abri ont \u00e9t\u00e9 l&rsquo;un des groupes les plus vuln\u00e9rables dans ce contexte.<\/p>\n\n\n\n<p>Depuis le d\u00e9but de cette crise sanitaire, les autorit\u00e9s ont appel\u00e9 \u00e0 rester chez soi, mais que faire si l&rsquo;on n&rsquo;a pas de maison&nbsp;?<\/p>\n\n\n\n<p>\u00c0 San Juan de Dios, diff\u00e9rentes initiatives et plusieurs centres r\u00e9sidentiels sont l\u00e0 pour r\u00e9pondre \u00e0 tous ces besoins et pour pouvoir accueillir les personnes qui vivent dans la rue.<\/p>\n\n\n\n<p>Chez Grup Barcelonesa, nous avons remplac\u00e9 la conception, la production et la distribution des actions sur lesquelles nous travaillons habituellement en ce moment par une collaboration avec le projet &lt;&lt; Las caras de la vulnerabilidad&gt;&gt; en appuyant l&rsquo;initiative de soutien au bien-\u00eatre \u00e9motionnel des sans-abri.<\/p>\n\n\n\n<p>Nous avons la conviction qu&rsquo;il est temps de prendre soin les uns des autres et d&rsquo;aider ceux qui en ont le plus besoin chaque fois que nous le pouvons.<\/p>\n\n\n\n<p>Si vous voulez en savoir plus sur ce projet, vous pouvez consulter:&nbsp;<a href=\"https:\/\/solidaritat.santjoandedeu.org\/lascarasdelavulnerabilidad\/?lang=es\">Las caras de la vulnerabilidad.<\/a><\/p>\n","protected":false},"excerpt":{"rendered":"<p>Depuis 2005, tous les 20 d\u00e9cembre on c\u00e9l\u00e8bre la Journ\u00e9e internationale de la solidarit\u00e9 humaine. La c\u00e9l\u00e9bration de cette journ\u00e9e intervient apr\u00e8s l&rsquo;adoption des ODD, les objectifs de d\u00e9veloppement durable, qui visent \u00e0 \u00e9radiquer la pauvret\u00e9, \u00e0 prot\u00e9ger la plan\u00e8te et \u00e0 assurer la dignit\u00e9 de tous. Une journ\u00e9e o\u00f9 la solidarit\u00e9 est comm\u00e9mor\u00e9e comme [&hellip;]<\/p>\n","protected":false},"author":16,"featured_media":14172,"comment_status":"closed","ping_status":"open","sticky":false,"template":"","format":"standard","meta":{"_acf_changed":false,"site-sidebar-layout":"default","site-content-layout":"default","ast-site-content-layout":"","site-content-style":"default","site-sidebar-style":"default","ast-global-header-display":"","ast-banner-title-visibility":"","ast-main-header-display":"","ast-hfb-above-header-display":"","ast-hfb-below-header-display":"","ast-hfb-mobile-header-display":"","site-post-title":"","ast-breadcrumbs-content":"","ast-featured-img":"","footer-sml-layout":"","theme-transparent-header-meta":"default","adv-header-id-meta":"","stick-header-meta":"","header-above-stick-meta":"","header-main-stick-meta":"","header-below-stick-meta":"","astra-migrate-meta-layouts":"default","ast-page-background-enabled":"default","ast-page-background-meta":{"desktop":{"background-color":"var(--ast-global-color-4)","background-image":"","background-repeat":"repeat","background-position":"center center","background-size":"auto","background-attachment":"scroll","background-type":"","background-media":"","overlay-type":"","overlay-color":"","overlay-opacity":"","overlay-gradient":""},"tablet":{"background-color":"","background-image":"","background-repeat":"repeat","background-position":"center center","background-size":"auto","background-attachment":"scroll","background-type":"","background-media":"","overlay-type":"","overlay-color":"","overlay-opacity":"","overlay-gradient":""},"mobile":{"background-color":"","background-image":"","background-repeat":"repeat","background-position":"center center","background-size":"auto","background-attachment":"scroll","background-type":"","background-media":"","overlay-type":"","overlay-color":"","overlay-opacity":"","overlay-gradient":""}},"ast-content-background-meta":{"desktop":{"background-color":"var(--ast-global-color-5)","background-image":"","background-repeat":"repeat","background-position":"center center","background-size":"auto","background-attachment":"scroll","background-type":"","background-media":"","overlay-type":"","overlay-color":"","overlay-opacity":"","overlay-gradient":""},"tablet":{"background-color":"var(--ast-global-color-5)","background-image":"","background-repeat":"repeat","background-position":"center center","background-size":"auto","background-attachment":"scroll","background-type":"","background-media":"","overlay-type":"","overlay-color":"","overlay-opacity":"","overlay-gradient":""},"mobile":{"background-color":"var(--ast-global-color-5)","background-image":"","background-repeat":"repeat","background-position":"center center","background-size":"auto","background-attachment":"scroll","background-type":"","background-media":"","overlay-type":"","overlay-color":"","overlay-opacity":"","overlay-gradient":""}},"footnotes":""},"categories":[885],"tags":[930,931,932],"class_list":["post-14179","post","type-post","status-publish","format-standard","has-post-thumbnail","hentry","category-grup-barcelonesa","tag-covid-19-fr","tag-dia-de-la-solidaridad-fr","tag-san-juan-de-dios-fr"],"acf":[],"yoast_head":"<!-- This site is optimized with the Yoast SEO plugin v27.2 - https:\/\/yoast.com\/product\/yoast-seo-wordpress\/ -->\n<title>Las caras de la vulnerabilidad, une initiative de San Juan de Dios. - Barcelonesa<\/title>\n<meta name=\"robots\" content=\"index, follow, max-snippet:-1, max-image-preview:large, max-video-preview:-1\" \/>\n<link rel=\"canonical\" href=\"https:\/\/www.barcelonesa.com\/fr\/blog\/las-caras-de-la-vulnerabilidad-une-initiative-de-san-juan-de-dios\/\" \/>\n<meta property=\"og:locale\" content=\"fr_FR\" \/>\n<meta property=\"og:type\" content=\"article\" \/>\n<meta property=\"og:title\" content=\"Las caras de la vulnerabilidad, une initiative de San Juan de Dios. - Barcelonesa\" \/>\n<meta property=\"og:description\" content=\"Depuis 2005, tous les 20 d\u00e9cembre on c\u00e9l\u00e8bre la Journ\u00e9e internationale de la solidarit\u00e9 humaine. La c\u00e9l\u00e9bration de cette journ\u00e9e intervient apr\u00e8s l&rsquo;adoption des ODD, les objectifs de d\u00e9veloppement durable, qui visent \u00e0 \u00e9radiquer la pauvret\u00e9, \u00e0 prot\u00e9ger la plan\u00e8te et \u00e0 assurer la dignit\u00e9 de tous. Une journ\u00e9e o\u00f9 la solidarit\u00e9 est comm\u00e9mor\u00e9e comme [&hellip;]\" \/>\n<meta property=\"og:url\" content=\"https:\/\/www.barcelonesa.com\/fr\/blog\/las-caras-de-la-vulnerabilidad-une-initiative-de-san-juan-de-dios\/\" \/>\n<meta property=\"og:site_name\" content=\"Barcelonesa\" \/>\n<meta property=\"article:published_time\" content=\"2020-12-17T13:57:14+00:00\" \/>\n<meta property=\"article:modified_time\" content=\"2021-06-09T08:46:05+00:00\" \/>\n<meta property=\"og:image\" content=\"https:\/\/www.barcelonesa.com\/wp-content\/uploads\/2021\/05\/post-blog-sjd_0.jpeg\" \/>\n\t<meta property=\"og:image:width\" content=\"1200\" \/>\n\t<meta property=\"og:image:height\" content=\"600\" \/>\n\t<meta property=\"og:image:type\" content=\"image\/jpeg\" \/>\n<meta name=\"author\" content=\"Barcelonesa\" \/>\n<meta name=\"twitter:card\" content=\"summary_large_image\" \/>\n<meta name=\"twitter:label1\" content=\"\u00c9crit par\" \/>\n\t<meta name=\"twitter:data1\" content=\"Barcelonesa\" \/>\n\t<meta name=\"twitter:label2\" content=\"Dur\u00e9e de lecture estim\u00e9e\" \/>\n\t<meta name=\"twitter:data2\" content=\"5 minutes\" \/>\n<script type=\"application\/ld+json\" class=\"yoast-schema-graph\">{\"@context\":\"https:\/\/schema.org\",\"@graph\":[{\"@type\":\"Article\",\"@id\":\"https:\/\/www.barcelonesa.com\/fr\/blog\/las-caras-de-la-vulnerabilidad-une-initiative-de-san-juan-de-dios\/#article\",\"isPartOf\":{\"@id\":\"https:\/\/www.barcelonesa.com\/fr\/blog\/las-caras-de-la-vulnerabilidad-une-initiative-de-san-juan-de-dios\/\"},\"author\":{\"name\":\"Barcelonesa\",\"@id\":\"https:\/\/www.barcelonesa.com\/fr\/#\/schema\/person\/82f9fae0b3816b103d36cce5a5b81f8e\"},\"headline\":\"Las caras de la vulnerabilidad, une initiative de San Juan de Dios.\",\"datePublished\":\"2020-12-17T13:57:14+00:00\",\"dateModified\":\"2021-06-09T08:46:05+00:00\",\"mainEntityOfPage\":{\"@id\":\"https:\/\/www.barcelonesa.com\/fr\/blog\/las-caras-de-la-vulnerabilidad-une-initiative-de-san-juan-de-dios\/\"},\"wordCount\":1077,\"publisher\":{\"@id\":\"https:\/\/www.barcelonesa.com\/fr\/#organization\"},\"image\":{\"@id\":\"https:\/\/www.barcelonesa.com\/fr\/blog\/las-caras-de-la-vulnerabilidad-une-initiative-de-san-juan-de-dios\/#primaryimage\"},\"thumbnailUrl\":\"https:\/\/www.barcelonesa.com\/wp-content\/uploads\/2021\/05\/post-blog-sjd_0.jpeg\",\"keywords\":[\"COVID-19\",\"D\u00eda de la solidaridad\",\"San Juan de Dios\"],\"articleSection\":[\"Barcelonesa Group\"],\"inLanguage\":\"fr-FR\"},{\"@type\":\"WebPage\",\"@id\":\"https:\/\/www.barcelonesa.com\/fr\/blog\/las-caras-de-la-vulnerabilidad-une-initiative-de-san-juan-de-dios\/\",\"url\":\"https:\/\/www.barcelonesa.com\/fr\/blog\/las-caras-de-la-vulnerabilidad-une-initiative-de-san-juan-de-dios\/\",\"name\":\"Las caras de la vulnerabilidad, une initiative de San Juan de Dios. - Barcelonesa\",\"isPartOf\":{\"@id\":\"https:\/\/www.barcelonesa.com\/fr\/#website\"},\"primaryImageOfPage\":{\"@id\":\"https:\/\/www.barcelonesa.com\/fr\/blog\/las-caras-de-la-vulnerabilidad-une-initiative-de-san-juan-de-dios\/#primaryimage\"},\"image\":{\"@id\":\"https:\/\/www.barcelonesa.com\/fr\/blog\/las-caras-de-la-vulnerabilidad-une-initiative-de-san-juan-de-dios\/#primaryimage\"},\"thumbnailUrl\":\"https:\/\/www.barcelonesa.com\/wp-content\/uploads\/2021\/05\/post-blog-sjd_0.jpeg\",\"datePublished\":\"2020-12-17T13:57:14+00:00\",\"dateModified\":\"2021-06-09T08:46:05+00:00\",\"breadcrumb\":{\"@id\":\"https:\/\/www.barcelonesa.com\/fr\/blog\/las-caras-de-la-vulnerabilidad-une-initiative-de-san-juan-de-dios\/#breadcrumb\"},\"inLanguage\":\"fr-FR\",\"potentialAction\":[{\"@type\":\"ReadAction\",\"target\":[\"https:\/\/www.barcelonesa.com\/fr\/blog\/las-caras-de-la-vulnerabilidad-une-initiative-de-san-juan-de-dios\/\"]}]},{\"@type\":\"ImageObject\",\"inLanguage\":\"fr-FR\",\"@id\":\"https:\/\/www.barcelonesa.com\/fr\/blog\/las-caras-de-la-vulnerabilidad-une-initiative-de-san-juan-de-dios\/#primaryimage\",\"url\":\"https:\/\/www.barcelonesa.com\/wp-content\/uploads\/2021\/05\/post-blog-sjd_0.jpeg\",\"contentUrl\":\"https:\/\/www.barcelonesa.com\/wp-content\/uploads\/2021\/05\/post-blog-sjd_0.jpeg\",\"width\":1200,\"height\":600},{\"@type\":\"BreadcrumbList\",\"@id\":\"https:\/\/www.barcelonesa.com\/fr\/blog\/las-caras-de-la-vulnerabilidad-une-initiative-de-san-juan-de-dios\/#breadcrumb\",\"itemListElement\":[{\"@type\":\"ListItem\",\"position\":1,\"name\":\"Home\",\"item\":\"https:\/\/www.barcelonesa.com\/fr\/\"},{\"@type\":\"ListItem\",\"position\":2,\"name\":\"Las caras de la vulnerabilidad, une initiative de San Juan de Dios.\"}]},{\"@type\":\"WebSite\",\"@id\":\"https:\/\/www.barcelonesa.com\/fr\/#website\",\"url\":\"https:\/\/www.barcelonesa.com\/fr\/\",\"name\":\"Barcelonesa\",\"description\":\"Tu partner global de productos y especialidades qu\u00edmicas, est\u00e9s donde est\u00e9s.\",\"publisher\":{\"@id\":\"https:\/\/www.barcelonesa.com\/fr\/#organization\"},\"potentialAction\":[{\"@type\":\"SearchAction\",\"target\":{\"@type\":\"EntryPoint\",\"urlTemplate\":\"https:\/\/www.barcelonesa.com\/fr\/?s={search_term_string}\"},\"query-input\":{\"@type\":\"PropertyValueSpecification\",\"valueRequired\":true,\"valueName\":\"search_term_string\"}}],\"inLanguage\":\"fr-FR\"},{\"@type\":\"Organization\",\"@id\":\"https:\/\/www.barcelonesa.com\/fr\/#organization\",\"name\":\"Barcelonesa\",\"url\":\"https:\/\/www.barcelonesa.com\/fr\/\",\"logo\":{\"@type\":\"ImageObject\",\"inLanguage\":\"fr-FR\",\"@id\":\"https:\/\/www.barcelonesa.com\/fr\/#\/schema\/logo\/image\/\",\"url\":\"https:\/\/www.barcelonesa.com\/wp-content\/uploads\/2023\/09\/logo_header.svg\",\"contentUrl\":\"https:\/\/www.barcelonesa.com\/wp-content\/uploads\/2023\/09\/logo_header.svg\",\"width\":230,\"height\":44,\"caption\":\"Barcelonesa\"},\"image\":{\"@id\":\"https:\/\/www.barcelonesa.com\/fr\/#\/schema\/logo\/image\/\"},\"sameAs\":[\"https:\/\/www.linkedin.com\/company\/barcelonesa-chemicals\"]},{\"@type\":\"Person\",\"@id\":\"https:\/\/www.barcelonesa.com\/fr\/#\/schema\/person\/82f9fae0b3816b103d36cce5a5b81f8e\",\"name\":\"Barcelonesa\",\"image\":{\"@type\":\"ImageObject\",\"inLanguage\":\"fr-FR\",\"@id\":\"https:\/\/www.barcelonesa.com\/wp-content\/uploads\/2023\/11\/B-Simbolo-Green-2-96x96.png\",\"url\":\"https:\/\/www.barcelonesa.com\/wp-content\/uploads\/2023\/11\/B-Simbolo-Green-2-96x96.png\",\"contentUrl\":\"https:\/\/www.barcelonesa.com\/wp-content\/uploads\/2023\/11\/B-Simbolo-Green-2-96x96.png\",\"caption\":\"Barcelonesa\"},\"url\":\"https:\/\/www.barcelonesa.com\/fr\/author\/barcelonesa\/\"}]}<\/script>\n<!-- \/ Yoast SEO plugin. -->","yoast_head_json":{"title":"Las caras de la vulnerabilidad, une initiative de San Juan de Dios. - Barcelonesa","robots":{"index":"index","follow":"follow","max-snippet":"max-snippet:-1","max-image-preview":"max-image-preview:large","max-video-preview":"max-video-preview:-1"},"canonical":"https:\/\/www.barcelonesa.com\/fr\/blog\/las-caras-de-la-vulnerabilidad-une-initiative-de-san-juan-de-dios\/","og_locale":"fr_FR","og_type":"article","og_title":"Las caras de la vulnerabilidad, une initiative de San Juan de Dios. - Barcelonesa","og_description":"Depuis 2005, tous les 20 d\u00e9cembre on c\u00e9l\u00e8bre la Journ\u00e9e internationale de la solidarit\u00e9 humaine. La c\u00e9l\u00e9bration de cette journ\u00e9e intervient apr\u00e8s l&rsquo;adoption des ODD, les objectifs de d\u00e9veloppement durable, qui visent \u00e0 \u00e9radiquer la pauvret\u00e9, \u00e0 prot\u00e9ger la plan\u00e8te et \u00e0 assurer la dignit\u00e9 de tous. Une journ\u00e9e o\u00f9 la solidarit\u00e9 est comm\u00e9mor\u00e9e comme [&hellip;]","og_url":"https:\/\/www.barcelonesa.com\/fr\/blog\/las-caras-de-la-vulnerabilidad-une-initiative-de-san-juan-de-dios\/","og_site_name":"Barcelonesa","article_published_time":"2020-12-17T13:57:14+00:00","article_modified_time":"2021-06-09T08:46:05+00:00","og_image":[{"width":1200,"height":600,"url":"https:\/\/www.barcelonesa.com\/wp-content\/uploads\/2021\/05\/post-blog-sjd_0.jpeg","type":"image\/jpeg"}],"author":"Barcelonesa","twitter_card":"summary_large_image","twitter_misc":{"\u00c9crit par":"Barcelonesa","Dur\u00e9e de lecture estim\u00e9e":"5 minutes"},"schema":{"@context":"https:\/\/schema.org","@graph":[{"@type":"Article","@id":"https:\/\/www.barcelonesa.com\/fr\/blog\/las-caras-de-la-vulnerabilidad-une-initiative-de-san-juan-de-dios\/#article","isPartOf":{"@id":"https:\/\/www.barcelonesa.com\/fr\/blog\/las-caras-de-la-vulnerabilidad-une-initiative-de-san-juan-de-dios\/"},"author":{"name":"Barcelonesa","@id":"https:\/\/www.barcelonesa.com\/fr\/#\/schema\/person\/82f9fae0b3816b103d36cce5a5b81f8e"},"headline":"Las caras de la vulnerabilidad, une initiative de San Juan de Dios.","datePublished":"2020-12-17T13:57:14+00:00","dateModified":"2021-06-09T08:46:05+00:00","mainEntityOfPage":{"@id":"https:\/\/www.barcelonesa.com\/fr\/blog\/las-caras-de-la-vulnerabilidad-une-initiative-de-san-juan-de-dios\/"},"wordCount":1077,"publisher":{"@id":"https:\/\/www.barcelonesa.com\/fr\/#organization"},"image":{"@id":"https:\/\/www.barcelonesa.com\/fr\/blog\/las-caras-de-la-vulnerabilidad-une-initiative-de-san-juan-de-dios\/#primaryimage"},"thumbnailUrl":"https:\/\/www.barcelonesa.com\/wp-content\/uploads\/2021\/05\/post-blog-sjd_0.jpeg","keywords":["COVID-19","D\u00eda de la solidaridad","San Juan de Dios"],"articleSection":["Barcelonesa Group"],"inLanguage":"fr-FR"},{"@type":"WebPage","@id":"https:\/\/www.barcelonesa.com\/fr\/blog\/las-caras-de-la-vulnerabilidad-une-initiative-de-san-juan-de-dios\/","url":"https:\/\/www.barcelonesa.com\/fr\/blog\/las-caras-de-la-vulnerabilidad-une-initiative-de-san-juan-de-dios\/","name":"Las caras de la vulnerabilidad, une initiative de San Juan de Dios. - Barcelonesa","isPartOf":{"@id":"https:\/\/www.barcelonesa.com\/fr\/#website"},"primaryImageOfPage":{"@id":"https:\/\/www.barcelonesa.com\/fr\/blog\/las-caras-de-la-vulnerabilidad-une-initiative-de-san-juan-de-dios\/#primaryimage"},"image":{"@id":"https:\/\/www.barcelonesa.com\/fr\/blog\/las-caras-de-la-vulnerabilidad-une-initiative-de-san-juan-de-dios\/#primaryimage"},"thumbnailUrl":"https:\/\/www.barcelonesa.com\/wp-content\/uploads\/2021\/05\/post-blog-sjd_0.jpeg","datePublished":"2020-12-17T13:57:14+00:00","dateModified":"2021-06-09T08:46:05+00:00","breadcrumb":{"@id":"https:\/\/www.barcelonesa.com\/fr\/blog\/las-caras-de-la-vulnerabilidad-une-initiative-de-san-juan-de-dios\/#breadcrumb"},"inLanguage":"fr-FR","potentialAction":[{"@type":"ReadAction","target":["https:\/\/www.barcelonesa.com\/fr\/blog\/las-caras-de-la-vulnerabilidad-une-initiative-de-san-juan-de-dios\/"]}]},{"@type":"ImageObject","inLanguage":"fr-FR","@id":"https:\/\/www.barcelonesa.com\/fr\/blog\/las-caras-de-la-vulnerabilidad-une-initiative-de-san-juan-de-dios\/#primaryimage","url":"https:\/\/www.barcelonesa.com\/wp-content\/uploads\/2021\/05\/post-blog-sjd_0.jpeg","contentUrl":"https:\/\/www.barcelonesa.com\/wp-content\/uploads\/2021\/05\/post-blog-sjd_0.jpeg","width":1200,"height":600},{"@type":"BreadcrumbList","@id":"https:\/\/www.barcelonesa.com\/fr\/blog\/las-caras-de-la-vulnerabilidad-une-initiative-de-san-juan-de-dios\/#breadcrumb","itemListElement":[{"@type":"ListItem","position":1,"name":"Home","item":"https:\/\/www.barcelonesa.com\/fr\/"},{"@type":"ListItem","position":2,"name":"Las caras de la vulnerabilidad, une initiative de San Juan de Dios."}]},{"@type":"WebSite","@id":"https:\/\/www.barcelonesa.com\/fr\/#website","url":"https:\/\/www.barcelonesa.com\/fr\/","name":"Barcelonesa","description":"Tu partner global de productos y especialidades qu\u00edmicas, est\u00e9s donde est\u00e9s.","publisher":{"@id":"https:\/\/www.barcelonesa.com\/fr\/#organization"},"potentialAction":[{"@type":"SearchAction","target":{"@type":"EntryPoint","urlTemplate":"https:\/\/www.barcelonesa.com\/fr\/?s={search_term_string}"},"query-input":{"@type":"PropertyValueSpecification","valueRequired":true,"valueName":"search_term_string"}}],"inLanguage":"fr-FR"},{"@type":"Organization","@id":"https:\/\/www.barcelonesa.com\/fr\/#organization","name":"Barcelonesa","url":"https:\/\/www.barcelonesa.com\/fr\/","logo":{"@type":"ImageObject","inLanguage":"fr-FR","@id":"https:\/\/www.barcelonesa.com\/fr\/#\/schema\/logo\/image\/","url":"https:\/\/www.barcelonesa.com\/wp-content\/uploads\/2023\/09\/logo_header.svg","contentUrl":"https:\/\/www.barcelonesa.com\/wp-content\/uploads\/2023\/09\/logo_header.svg","width":230,"height":44,"caption":"Barcelonesa"},"image":{"@id":"https:\/\/www.barcelonesa.com\/fr\/#\/schema\/logo\/image\/"},"sameAs":["https:\/\/www.linkedin.com\/company\/barcelonesa-chemicals"]},{"@type":"Person","@id":"https:\/\/www.barcelonesa.com\/fr\/#\/schema\/person\/82f9fae0b3816b103d36cce5a5b81f8e","name":"Barcelonesa","image":{"@type":"ImageObject","inLanguage":"fr-FR","@id":"https:\/\/www.barcelonesa.com\/wp-content\/uploads\/2023\/11\/B-Simbolo-Green-2-96x96.png","url":"https:\/\/www.barcelonesa.com\/wp-content\/uploads\/2023\/11\/B-Simbolo-Green-2-96x96.png","contentUrl":"https:\/\/www.barcelonesa.com\/wp-content\/uploads\/2023\/11\/B-Simbolo-Green-2-96x96.png","caption":"Barcelonesa"},"url":"https:\/\/www.barcelonesa.com\/fr\/author\/barcelonesa\/"}]}},"_links":{"self":[{"href":"https:\/\/www.barcelonesa.com\/fr\/wp-json\/wp\/v2\/posts\/14179","targetHints":{"allow":["GET"]}}],"collection":[{"href":"https:\/\/www.barcelonesa.com\/fr\/wp-json\/wp\/v2\/posts"}],"about":[{"href":"https:\/\/www.barcelonesa.com\/fr\/wp-json\/wp\/v2\/types\/post"}],"author":[{"embeddable":true,"href":"https:\/\/www.barcelonesa.com\/fr\/wp-json\/wp\/v2\/users\/16"}],"replies":[{"embeddable":true,"href":"https:\/\/www.barcelonesa.com\/fr\/wp-json\/wp\/v2\/comments?post=14179"}],"version-history":[{"count":2,"href":"https:\/\/www.barcelonesa.com\/fr\/wp-json\/wp\/v2\/posts\/14179\/revisions"}],"predecessor-version":[{"id":14197,"href":"https:\/\/www.barcelonesa.com\/fr\/wp-json\/wp\/v2\/posts\/14179\/revisions\/14197"}],"wp:featuredmedia":[{"embeddable":true,"href":"https:\/\/www.barcelonesa.com\/fr\/wp-json\/wp\/v2\/media\/14172"}],"wp:attachment":[{"href":"https:\/\/www.barcelonesa.com\/fr\/wp-json\/wp\/v2\/media?parent=14179"}],"wp:term":[{"taxonomy":"category","embeddable":true,"href":"https:\/\/www.barcelonesa.com\/fr\/wp-json\/wp\/v2\/categories?post=14179"},{"taxonomy":"post_tag","embeddable":true,"href":"https:\/\/www.barcelonesa.com\/fr\/wp-json\/wp\/v2\/tags?post=14179"}],"curies":[{"name":"wp","href":"https:\/\/api.w.org\/{rel}","templated":true}]}}