{"id":18551,"date":"2021-06-28T17:05:00","date_gmt":"2021-06-28T15:05:00","guid":{"rendered":"https:\/\/www.barcelonesa.com\/apertura-de-nuestro-nuevo-centro-logistico-dedicado-al-sector-alimentario\/"},"modified":"2021-07-23T09:54:10","modified_gmt":"2021-07-23T07:54:10","slug":"ouverture-de-notre-nouveau-centre-logistique-dedie-au-secteur-alimentaire","status":"publish","type":"post","link":"https:\/\/www.barcelonesa.com\/fr\/blog\/ouverture-de-notre-nouveau-centre-logistique-dedie-au-secteur-alimentaire\/","title":{"rendered":"Ouverture de notre nouveau centre logistique d\u00e9di\u00e9 au secteur alimentaire"},"content":{"rendered":"\n<p>Au Grup Barcelonesa, nous nous am\u00e9liorons constamment pour offrir le service le plus complet \u00e0 nos clients.&nbsp;<\/p>\n\n\n\n<p>Cette fois, tout est pr\u00eat&nbsp;<strong>pour agrandir nos installations et optimiser nos services<\/strong>&nbsp;avec un nouveau centre logistique d\u00e9di\u00e9 au segment alimentaire de notre entreprise.&nbsp;<\/p>\n\n\n\n<p>Vous voulez en savoir plus sur ces nouvelles installations ?<\/p>\n\n\n\n<p>Continuez \u00e0 lire car nous sommes s\u00fbrs que cela vous int\u00e9ressera.<\/p>\n\n\n\n<h2 class=\"wp-block-heading\">RENFORCER NOTRE SERVICE DANS LE SECTEUR ALIMENTAIRE<\/h2>\n\n\n\n<p>Comme vous le savez d\u00e9j\u00e0, le Grup Barcelonesa est sp\u00e9cialis\u00e9 dans la gestion, la distribution et le stockage de produits chimiques. Mais nous ne nous consacrons pas uniquement \u00e0 ce type de produits.&nbsp;<\/p>\n\n\n\n<p>Nous sommes \u00e9galement pr\u00e9sents dans d&rsquo;autres secteurs industriels tels que la construction, l&rsquo;\u00e9levage, la m\u00e9tallurgie&#8230; et l&rsquo;alimentation.<\/p>\n\n\n\n<p>Dans ce dernier secteur, nous offrons un service int\u00e9gral de distribution, de m\u00e9lange, de conditionnement, d&rsquo;\u00e9tiquetage, de stockage et de transport de tout type d&rsquo;ingr\u00e9dients et d&rsquo;additifs alimentaires.<\/p>\n\n\n\n<p>Tout cela sous notre marque \u00ab\u00a0Barcelonesa Food Solutions\u00a0\u00bb.&nbsp;<\/p>\n\n\n\n<p>En disposant de nouvelles installations, nous visons \u00e0 :<\/p>\n\n\n\n<ul class=\"wp-block-list\"><li>Renforcer le secteur alimentaire du Grup Barcelonesa.<\/li><li>\u00c9largir notre proposition de solutions pour l&rsquo;industrie alimentaire.<\/li><li>S&rsquo;adapter aux exigences de nos clients.<\/li><li>Pour fournir un meilleur service.<\/li><\/ul>\n\n\n\n<p>Pour tout cela, au cours de cette ann\u00e9e, nous mettrons en service un nouveau centre de logistique et de production \u00e0 Parets del Vall\u00e8s.<\/p>\n\n\n\n<h2 class=\"wp-block-heading\">NOTRE ENTREP\u00d4T LOGISTIQUE \u00c0 PARETS DEL VALL\u00c8S<\/h2>\n\n\n\n<p>Cet investissement r\u00e9cent est le r\u00e9sultat de la&nbsp;<strong>croissance que nous avons connue<\/strong>&nbsp;dans le secteur alimentaire,&nbsp;<\/p>\n\n\n\n<p>Pour vous donner une id\u00e9e,&nbsp;<strong>voici quelques-unes des caract\u00e9ristiques<\/strong>&nbsp;de ce qui sera bient\u00f4t notre nouvelle usine alimentaire :<\/p>\n\n\n\n<ul class=\"wp-block-list\"><li>Entrep\u00f4t logistique de nouvelle construction de 6.660 m\u00e8tres carr\u00e9s.<\/li><li>Structure en b\u00e9ton avec toit de type sandwich.&nbsp;<\/li><li>Il sera sp\u00e9cialis\u00e9 pour couvrir tout ce qui concerne la logistique et la manutention des additifs et ingr\u00e9dients alimentaires.<\/li><li>Situ\u00e9 dans la zone industrielle du secteur Autopista.<\/li><li>5 685 m\u00b2 de l&rsquo;espace seront utilis\u00e9s pour le stockage.<\/li><li>975 m\u00b2 seront r\u00e9serv\u00e9s aux bureaux.<\/li><li>Le chantier aura une superficie de 5 000 m\u00b2.<\/li><\/ul>\n\n\n\n<p>Les installations sont en phase de construction, mais devraient \u00eatre op\u00e9rationnelles dans un avenir proche. Les proc\u00e9dures sont en bonne voie et la nouvelle plateforme est presque une r\u00e9alit\u00e9.&nbsp;<\/p>\n\n\n\n<h2 class=\"wp-block-heading\">UN LIEU ID\u00c9AL POUR OP\u00c9RER SUR L&rsquo;ENSEMBLE DU TERRITOIRE<\/h2>\n\n\n\n<p>Comme vous avez pu le constater, les caract\u00e9ristiques de l&rsquo;entrep\u00f4t sont parfaites pour accueillir tout ce qui est li\u00e9 \u00e0 notre activit\u00e9.&nbsp;<\/p>\n\n\n\n<p>En outre, il est situ\u00e9 dans un endroit privil\u00e9gi\u00e9 : la zone industrielle Sector Autopista, qui est une zone particuli\u00e8rement reconnue pour ses bonnes connexions routi\u00e8res et de transport public et situ\u00e9e \u00e0 30 km du port et de l&rsquo;a\u00e9roport de Barcelone.<\/p>\n\n\n\n<p>De l\u00e0, il est possible de se rendre rapidement \u00e0 la ville de Barcelone et \u00e0 sa zone m\u00e9tropolitaine.&nbsp;<\/p>\n\n\n\n<p>En outre, vous pouvez \u00e9galement avoir un&nbsp;<strong>acc\u00e8s direct \u00e0 la route C-17 et \u00e0 l&rsquo;autoroute AP-7<\/strong>&nbsp;(la c\u00e9l\u00e8bre autoroute m\u00e9diterran\u00e9enne qui relie toute la c\u00f4te m\u00e9diterran\u00e9enne espagnole de la fronti\u00e8re avec la France \u00e0 Guadiaro, \u00e0 Cadix).<\/p>\n\n\n\n<p>Elle est \u00e9galement reli\u00e9e \u00e0 plusieurs lignes d&rsquo;autobus interurbains et aux services ferroviaires de Renfe (plus pr\u00e9cis\u00e9ment \u00e0 la ligne R3).<\/p>\n\n\n\n<h2 class=\"wp-block-heading\">CROISSANCE GR\u00c2CE \u00c0 LA CONFIANCE DE NOS CLIENTS<\/h2>\n\n\n\n<p>Au Grup Barcelonesa, nous nous effor\u00e7ons d&rsquo;offrir un service de qualit\u00e9. Et donc, nous attendons avec impatience que notre centre soit pleinement op\u00e9rationnel pour continuer \u00e0 vous servir dans les meilleures conditions.&nbsp;<\/p>\n\n\n\n<p>Nous esp\u00e9rons que cette tendance positive se poursuivra afin que nous puissions continuer \u00e0 \u00e9largir notre catalogue et \u00e0 optimiser nos services.<\/p>\n\n\n\n<p>Vous avez une entreprise li\u00e9e au secteur alimentaire ?<\/p>\n\n\n\n<p>Nos nouvelles installations seront bient\u00f4t pr\u00eates \u00e0 vous accueillir. En attendant, nous nous ferons un plaisir de r\u00e9pondre \u00e0 vos propositions et \u00e0 vos questions.<\/p>\n\n\n\n<p>Pour ce faire, veuillez nous contacter en remplissant le formulaire ci-dessous.<\/p>\n","protected":false},"excerpt":{"rendered":"<p>Au Grup Barcelonesa, nous nous am\u00e9liorons constamment pour offrir le service le plus complet \u00e0 nos clients.&nbsp; Cette fois, tout est pr\u00eat&nbsp;pour agrandir nos installations et optimiser nos services&nbsp;avec un nouveau centre logistique d\u00e9di\u00e9 au segment alimentaire de notre entreprise.&nbsp; Vous voulez en savoir plus sur ces nouvelles installations ? Continuez \u00e0 lire car nous [&hellip;]<\/p>\n","protected":false},"author":13,"featured_media":18546,"comment_status":"closed","ping_status":"open","sticky":false,"template":"","format":"standard","meta":{"_acf_changed":false,"site-sidebar-layout":"default","site-content-layout":"default","ast-site-content-layout":"","site-content-style":"default","site-sidebar-style":"default","ast-global-header-display":"","ast-banner-title-visibility":"","ast-main-header-display":"","ast-hfb-above-header-display":"","ast-hfb-below-header-display":"","ast-hfb-mobile-header-display":"","site-post-title":"","ast-breadcrumbs-content":"","ast-featured-img":"","footer-sml-layout":"","theme-transparent-header-meta":"default","adv-header-id-meta":"","stick-header-meta":"","header-above-stick-meta":"","header-main-stick-meta":"","header-below-stick-meta":"","astra-migrate-meta-layouts":"default","ast-page-background-enabled":"default","ast-page-background-meta":{"desktop":{"background-color":"var(--ast-global-color-4)","background-image":"","background-repeat":"repeat","background-position":"center center","background-size":"auto","background-attachment":"scroll","background-type":"","background-media":"","overlay-type":"","overlay-color":"","overlay-opacity":"","overlay-gradient":""},"tablet":{"background-color":"","background-image":"","background-repeat":"repeat","background-position":"center center","background-size":"auto","background-attachment":"scroll","background-type":"","background-media":"","overlay-type":"","overlay-color":"","overlay-opacity":"","overlay-gradient":""},"mobile":{"background-color":"","background-image":"","background-repeat":"repeat","background-position":"center center","background-size":"auto","background-attachment":"scroll","background-type":"","background-media":"","overlay-type":"","overlay-color":"","overlay-opacity":"","overlay-gradient":""}},"ast-content-background-meta":{"desktop":{"background-color":"var(--ast-global-color-5)","background-image":"","background-repeat":"repeat","background-position":"center center","background-size":"auto","background-attachment":"scroll","background-type":"","background-media":"","overlay-type":"","overlay-color":"","overlay-opacity":"","overlay-gradient":""},"tablet":{"background-color":"var(--ast-global-color-5)","background-image":"","background-repeat":"repeat","background-position":"center center","background-size":"auto","background-attachment":"scroll","background-type":"","background-media":"","overlay-type":"","overlay-color":"","overlay-opacity":"","overlay-gradient":""},"mobile":{"background-color":"var(--ast-global-color-5)","background-image":"","background-repeat":"repeat","background-position":"center center","background-size":"auto","background-attachment":"scroll","background-type":"","background-media":"","overlay-type":"","overlay-color":"","overlay-opacity":"","overlay-gradient":""}},"footnotes":""},"categories":[875],"tags":[],"class_list":["post-18551","post","type-post","status-publish","format-standard","has-post-thumbnail","hentry","category-alimentation-humaine"],"acf":[],"yoast_head":"<!-- This site is optimized with the Yoast SEO plugin v27.2 - https:\/\/yoast.com\/product\/yoast-seo-wordpress\/ -->\n<title>Ouverture de notre nouveau centre logistique d\u00e9di\u00e9 au secteur alimentaire - Barcelonesa<\/title>\n<meta name=\"description\" content=\"Nous avons agrandi nos installations et optimis\u00e9 nos services avec un nouveau centre logistique d\u00e9di\u00e9 au segment alimentaire de notre activit\u00e9.\" \/>\n<meta name=\"robots\" content=\"index, follow, max-snippet:-1, max-image-preview:large, max-video-preview:-1\" \/>\n<link rel=\"canonical\" href=\"https:\/\/www.barcelonesa.com\/fr\/blog\/ouverture-de-notre-nouveau-centre-logistique-dedie-au-secteur-alimentaire\/\" \/>\n<meta property=\"og:locale\" content=\"fr_FR\" \/>\n<meta property=\"og:type\" content=\"article\" \/>\n<meta property=\"og:title\" content=\"Ouverture de notre nouveau centre logistique d\u00e9di\u00e9 au secteur alimentaire - Barcelonesa\" \/>\n<meta property=\"og:description\" content=\"Nous avons agrandi nos installations et optimis\u00e9 nos services avec un nouveau centre logistique d\u00e9di\u00e9 au segment alimentaire de notre activit\u00e9.\" \/>\n<meta property=\"og:url\" content=\"https:\/\/www.barcelonesa.com\/fr\/blog\/ouverture-de-notre-nouveau-centre-logistique-dedie-au-secteur-alimentaire\/\" \/>\n<meta property=\"og:site_name\" content=\"Barcelonesa\" \/>\n<meta property=\"article:published_time\" content=\"2021-06-28T15:05:00+00:00\" \/>\n<meta property=\"article:modified_time\" content=\"2021-07-23T07:54:10+00:00\" \/>\n<meta property=\"og:image\" content=\"https:\/\/www.barcelonesa.com\/wp-content\/uploads\/2021\/06\/apertura-nuevo-centro-logistico-alimentario.jpg\" \/>\n\t<meta property=\"og:image:width\" content=\"1600\" \/>\n\t<meta property=\"og:image:height\" content=\"760\" \/>\n\t<meta property=\"og:image:type\" content=\"image\/jpeg\" \/>\n<meta name=\"author\" content=\"Jaume Casas\" \/>\n<meta name=\"twitter:card\" content=\"summary_large_image\" \/>\n<meta name=\"twitter:label1\" content=\"\u00c9crit par\" \/>\n\t<meta name=\"twitter:data1\" content=\"Jaume Casas\" \/>\n\t<meta name=\"twitter:label2\" content=\"Dur\u00e9e de lecture estim\u00e9e\" \/>\n\t<meta name=\"twitter:data2\" content=\"3 minutes\" \/>\n<script type=\"application\/ld+json\" class=\"yoast-schema-graph\">{\"@context\":\"https:\/\/schema.org\",\"@graph\":[{\"@type\":\"Article\",\"@id\":\"https:\/\/www.barcelonesa.com\/fr\/blog\/ouverture-de-notre-nouveau-centre-logistique-dedie-au-secteur-alimentaire\/#article\",\"isPartOf\":{\"@id\":\"https:\/\/www.barcelonesa.com\/fr\/blog\/ouverture-de-notre-nouveau-centre-logistique-dedie-au-secteur-alimentaire\/\"},\"author\":{\"name\":\"Jaume Casas\",\"@id\":\"https:\/\/www.barcelonesa.com\/fr\/#\/schema\/person\/a178cf2e65a40b80b33f3b5844529840\"},\"headline\":\"Ouverture de notre nouveau centre logistique d\u00e9di\u00e9 au secteur alimentaire\",\"datePublished\":\"2021-06-28T15:05:00+00:00\",\"dateModified\":\"2021-07-23T07:54:10+00:00\",\"mainEntityOfPage\":{\"@id\":\"https:\/\/www.barcelonesa.com\/fr\/blog\/ouverture-de-notre-nouveau-centre-logistique-dedie-au-secteur-alimentaire\/\"},\"wordCount\":686,\"publisher\":{\"@id\":\"https:\/\/www.barcelonesa.com\/fr\/#organization\"},\"image\":{\"@id\":\"https:\/\/www.barcelonesa.com\/fr\/blog\/ouverture-de-notre-nouveau-centre-logistique-dedie-au-secteur-alimentaire\/#primaryimage\"},\"thumbnailUrl\":\"https:\/\/www.barcelonesa.com\/wp-content\/uploads\/2021\/06\/apertura-nuevo-centro-logistico-alimentario.jpg\",\"articleSection\":[\"Alimentation Humaine\"],\"inLanguage\":\"fr-FR\"},{\"@type\":\"WebPage\",\"@id\":\"https:\/\/www.barcelonesa.com\/fr\/blog\/ouverture-de-notre-nouveau-centre-logistique-dedie-au-secteur-alimentaire\/\",\"url\":\"https:\/\/www.barcelonesa.com\/fr\/blog\/ouverture-de-notre-nouveau-centre-logistique-dedie-au-secteur-alimentaire\/\",\"name\":\"Ouverture de notre nouveau centre logistique d\u00e9di\u00e9 au secteur alimentaire - Barcelonesa\",\"isPartOf\":{\"@id\":\"https:\/\/www.barcelonesa.com\/fr\/#website\"},\"primaryImageOfPage\":{\"@id\":\"https:\/\/www.barcelonesa.com\/fr\/blog\/ouverture-de-notre-nouveau-centre-logistique-dedie-au-secteur-alimentaire\/#primaryimage\"},\"image\":{\"@id\":\"https:\/\/www.barcelonesa.com\/fr\/blog\/ouverture-de-notre-nouveau-centre-logistique-dedie-au-secteur-alimentaire\/#primaryimage\"},\"thumbnailUrl\":\"https:\/\/www.barcelonesa.com\/wp-content\/uploads\/2021\/06\/apertura-nuevo-centro-logistico-alimentario.jpg\",\"datePublished\":\"2021-06-28T15:05:00+00:00\",\"dateModified\":\"2021-07-23T07:54:10+00:00\",\"description\":\"Nous avons agrandi nos installations et optimis\u00e9 nos services avec un nouveau centre logistique d\u00e9di\u00e9 au segment alimentaire de notre activit\u00e9.\",\"breadcrumb\":{\"@id\":\"https:\/\/www.barcelonesa.com\/fr\/blog\/ouverture-de-notre-nouveau-centre-logistique-dedie-au-secteur-alimentaire\/#breadcrumb\"},\"inLanguage\":\"fr-FR\",\"potentialAction\":[{\"@type\":\"ReadAction\",\"target\":[\"https:\/\/www.barcelonesa.com\/fr\/blog\/ouverture-de-notre-nouveau-centre-logistique-dedie-au-secteur-alimentaire\/\"]}]},{\"@type\":\"ImageObject\",\"inLanguage\":\"fr-FR\",\"@id\":\"https:\/\/www.barcelonesa.com\/fr\/blog\/ouverture-de-notre-nouveau-centre-logistique-dedie-au-secteur-alimentaire\/#primaryimage\",\"url\":\"https:\/\/www.barcelonesa.com\/wp-content\/uploads\/2021\/06\/apertura-nuevo-centro-logistico-alimentario.jpg\",\"contentUrl\":\"https:\/\/www.barcelonesa.com\/wp-content\/uploads\/2021\/06\/apertura-nuevo-centro-logistico-alimentario.jpg\",\"width\":1600,\"height\":760},{\"@type\":\"BreadcrumbList\",\"@id\":\"https:\/\/www.barcelonesa.com\/fr\/blog\/ouverture-de-notre-nouveau-centre-logistique-dedie-au-secteur-alimentaire\/#breadcrumb\",\"itemListElement\":[{\"@type\":\"ListItem\",\"position\":1,\"name\":\"Home\",\"item\":\"https:\/\/www.barcelonesa.com\/fr\/\"},{\"@type\":\"ListItem\",\"position\":2,\"name\":\"Ouverture de notre nouveau centre logistique d\u00e9di\u00e9 au secteur alimentaire\"}]},{\"@type\":\"WebSite\",\"@id\":\"https:\/\/www.barcelonesa.com\/fr\/#website\",\"url\":\"https:\/\/www.barcelonesa.com\/fr\/\",\"name\":\"Barcelonesa\",\"description\":\"Tu partner global de productos y especialidades qu\u00edmicas, est\u00e9s donde est\u00e9s.\",\"publisher\":{\"@id\":\"https:\/\/www.barcelonesa.com\/fr\/#organization\"},\"potentialAction\":[{\"@type\":\"SearchAction\",\"target\":{\"@type\":\"EntryPoint\",\"urlTemplate\":\"https:\/\/www.barcelonesa.com\/fr\/?s={search_term_string}\"},\"query-input\":{\"@type\":\"PropertyValueSpecification\",\"valueRequired\":true,\"valueName\":\"search_term_string\"}}],\"inLanguage\":\"fr-FR\"},{\"@type\":\"Organization\",\"@id\":\"https:\/\/www.barcelonesa.com\/fr\/#organization\",\"name\":\"Barcelonesa\",\"url\":\"https:\/\/www.barcelonesa.com\/fr\/\",\"logo\":{\"@type\":\"ImageObject\",\"inLanguage\":\"fr-FR\",\"@id\":\"https:\/\/www.barcelonesa.com\/fr\/#\/schema\/logo\/image\/\",\"url\":\"https:\/\/www.barcelonesa.com\/wp-content\/uploads\/2023\/09\/logo_header.svg\",\"contentUrl\":\"https:\/\/www.barcelonesa.com\/wp-content\/uploads\/2023\/09\/logo_header.svg\",\"width\":230,\"height\":44,\"caption\":\"Barcelonesa\"},\"image\":{\"@id\":\"https:\/\/www.barcelonesa.com\/fr\/#\/schema\/logo\/image\/\"},\"sameAs\":[\"https:\/\/www.linkedin.com\/company\/barcelonesa-chemicals\"]},{\"@type\":\"Person\",\"@id\":\"https:\/\/www.barcelonesa.com\/fr\/#\/schema\/person\/a178cf2e65a40b80b33f3b5844529840\",\"name\":\"Jaume Casas\",\"image\":{\"@type\":\"ImageObject\",\"inLanguage\":\"fr-FR\",\"@id\":\"https:\/\/www.barcelonesa.com\/wp-content\/uploads\/2021\/05\/jaume-casas-96x96.jpg\",\"url\":\"https:\/\/www.barcelonesa.com\/wp-content\/uploads\/2021\/05\/jaume-casas-96x96.jpg\",\"contentUrl\":\"https:\/\/www.barcelonesa.com\/wp-content\/uploads\/2021\/05\/jaume-casas-96x96.jpg\",\"caption\":\"Jaume Casas\"},\"sameAs\":[\"http:\/\/www.grupbarcelonesa.com\/es\/nutricion-humana\"],\"url\":\"https:\/\/www.barcelonesa.com\/fr\/author\/jaume-casas\/\"}]}<\/script>\n<!-- \/ Yoast SEO plugin. -->","yoast_head_json":{"title":"Ouverture de notre nouveau centre logistique d\u00e9di\u00e9 au secteur alimentaire - Barcelonesa","description":"Nous avons agrandi nos installations et optimis\u00e9 nos services avec un nouveau centre logistique d\u00e9di\u00e9 au segment alimentaire de notre activit\u00e9.","robots":{"index":"index","follow":"follow","max-snippet":"max-snippet:-1","max-image-preview":"max-image-preview:large","max-video-preview":"max-video-preview:-1"},"canonical":"https:\/\/www.barcelonesa.com\/fr\/blog\/ouverture-de-notre-nouveau-centre-logistique-dedie-au-secteur-alimentaire\/","og_locale":"fr_FR","og_type":"article","og_title":"Ouverture de notre nouveau centre logistique d\u00e9di\u00e9 au secteur alimentaire - Barcelonesa","og_description":"Nous avons agrandi nos installations et optimis\u00e9 nos services avec un nouveau centre logistique d\u00e9di\u00e9 au segment alimentaire de notre activit\u00e9.","og_url":"https:\/\/www.barcelonesa.com\/fr\/blog\/ouverture-de-notre-nouveau-centre-logistique-dedie-au-secteur-alimentaire\/","og_site_name":"Barcelonesa","article_published_time":"2021-06-28T15:05:00+00:00","article_modified_time":"2021-07-23T07:54:10+00:00","og_image":[{"width":1600,"height":760,"url":"https:\/\/www.barcelonesa.com\/wp-content\/uploads\/2021\/06\/apertura-nuevo-centro-logistico-alimentario.jpg","type":"image\/jpeg"}],"author":"Jaume Casas","twitter_card":"summary_large_image","twitter_misc":{"\u00c9crit par":"Jaume Casas","Dur\u00e9e de lecture estim\u00e9e":"3 minutes"},"schema":{"@context":"https:\/\/schema.org","@graph":[{"@type":"Article","@id":"https:\/\/www.barcelonesa.com\/fr\/blog\/ouverture-de-notre-nouveau-centre-logistique-dedie-au-secteur-alimentaire\/#article","isPartOf":{"@id":"https:\/\/www.barcelonesa.com\/fr\/blog\/ouverture-de-notre-nouveau-centre-logistique-dedie-au-secteur-alimentaire\/"},"author":{"name":"Jaume Casas","@id":"https:\/\/www.barcelonesa.com\/fr\/#\/schema\/person\/a178cf2e65a40b80b33f3b5844529840"},"headline":"Ouverture de notre nouveau centre logistique d\u00e9di\u00e9 au secteur alimentaire","datePublished":"2021-06-28T15:05:00+00:00","dateModified":"2021-07-23T07:54:10+00:00","mainEntityOfPage":{"@id":"https:\/\/www.barcelonesa.com\/fr\/blog\/ouverture-de-notre-nouveau-centre-logistique-dedie-au-secteur-alimentaire\/"},"wordCount":686,"publisher":{"@id":"https:\/\/www.barcelonesa.com\/fr\/#organization"},"image":{"@id":"https:\/\/www.barcelonesa.com\/fr\/blog\/ouverture-de-notre-nouveau-centre-logistique-dedie-au-secteur-alimentaire\/#primaryimage"},"thumbnailUrl":"https:\/\/www.barcelonesa.com\/wp-content\/uploads\/2021\/06\/apertura-nuevo-centro-logistico-alimentario.jpg","articleSection":["Alimentation Humaine"],"inLanguage":"fr-FR"},{"@type":"WebPage","@id":"https:\/\/www.barcelonesa.com\/fr\/blog\/ouverture-de-notre-nouveau-centre-logistique-dedie-au-secteur-alimentaire\/","url":"https:\/\/www.barcelonesa.com\/fr\/blog\/ouverture-de-notre-nouveau-centre-logistique-dedie-au-secteur-alimentaire\/","name":"Ouverture de notre nouveau centre logistique d\u00e9di\u00e9 au secteur alimentaire - Barcelonesa","isPartOf":{"@id":"https:\/\/www.barcelonesa.com\/fr\/#website"},"primaryImageOfPage":{"@id":"https:\/\/www.barcelonesa.com\/fr\/blog\/ouverture-de-notre-nouveau-centre-logistique-dedie-au-secteur-alimentaire\/#primaryimage"},"image":{"@id":"https:\/\/www.barcelonesa.com\/fr\/blog\/ouverture-de-notre-nouveau-centre-logistique-dedie-au-secteur-alimentaire\/#primaryimage"},"thumbnailUrl":"https:\/\/www.barcelonesa.com\/wp-content\/uploads\/2021\/06\/apertura-nuevo-centro-logistico-alimentario.jpg","datePublished":"2021-06-28T15:05:00+00:00","dateModified":"2021-07-23T07:54:10+00:00","description":"Nous avons agrandi nos installations et optimis\u00e9 nos services avec un nouveau centre logistique d\u00e9di\u00e9 au segment alimentaire de notre activit\u00e9.","breadcrumb":{"@id":"https:\/\/www.barcelonesa.com\/fr\/blog\/ouverture-de-notre-nouveau-centre-logistique-dedie-au-secteur-alimentaire\/#breadcrumb"},"inLanguage":"fr-FR","potentialAction":[{"@type":"ReadAction","target":["https:\/\/www.barcelonesa.com\/fr\/blog\/ouverture-de-notre-nouveau-centre-logistique-dedie-au-secteur-alimentaire\/"]}]},{"@type":"ImageObject","inLanguage":"fr-FR","@id":"https:\/\/www.barcelonesa.com\/fr\/blog\/ouverture-de-notre-nouveau-centre-logistique-dedie-au-secteur-alimentaire\/#primaryimage","url":"https:\/\/www.barcelonesa.com\/wp-content\/uploads\/2021\/06\/apertura-nuevo-centro-logistico-alimentario.jpg","contentUrl":"https:\/\/www.barcelonesa.com\/wp-content\/uploads\/2021\/06\/apertura-nuevo-centro-logistico-alimentario.jpg","width":1600,"height":760},{"@type":"BreadcrumbList","@id":"https:\/\/www.barcelonesa.com\/fr\/blog\/ouverture-de-notre-nouveau-centre-logistique-dedie-au-secteur-alimentaire\/#breadcrumb","itemListElement":[{"@type":"ListItem","position":1,"name":"Home","item":"https:\/\/www.barcelonesa.com\/fr\/"},{"@type":"ListItem","position":2,"name":"Ouverture de notre nouveau centre logistique d\u00e9di\u00e9 au secteur alimentaire"}]},{"@type":"WebSite","@id":"https:\/\/www.barcelonesa.com\/fr\/#website","url":"https:\/\/www.barcelonesa.com\/fr\/","name":"Barcelonesa","description":"Tu partner global de productos y especialidades qu\u00edmicas, est\u00e9s donde est\u00e9s.","publisher":{"@id":"https:\/\/www.barcelonesa.com\/fr\/#organization"},"potentialAction":[{"@type":"SearchAction","target":{"@type":"EntryPoint","urlTemplate":"https:\/\/www.barcelonesa.com\/fr\/?s={search_term_string}"},"query-input":{"@type":"PropertyValueSpecification","valueRequired":true,"valueName":"search_term_string"}}],"inLanguage":"fr-FR"},{"@type":"Organization","@id":"https:\/\/www.barcelonesa.com\/fr\/#organization","name":"Barcelonesa","url":"https:\/\/www.barcelonesa.com\/fr\/","logo":{"@type":"ImageObject","inLanguage":"fr-FR","@id":"https:\/\/www.barcelonesa.com\/fr\/#\/schema\/logo\/image\/","url":"https:\/\/www.barcelonesa.com\/wp-content\/uploads\/2023\/09\/logo_header.svg","contentUrl":"https:\/\/www.barcelonesa.com\/wp-content\/uploads\/2023\/09\/logo_header.svg","width":230,"height":44,"caption":"Barcelonesa"},"image":{"@id":"https:\/\/www.barcelonesa.com\/fr\/#\/schema\/logo\/image\/"},"sameAs":["https:\/\/www.linkedin.com\/company\/barcelonesa-chemicals"]},{"@type":"Person","@id":"https:\/\/www.barcelonesa.com\/fr\/#\/schema\/person\/a178cf2e65a40b80b33f3b5844529840","name":"Jaume Casas","image":{"@type":"ImageObject","inLanguage":"fr-FR","@id":"https:\/\/www.barcelonesa.com\/wp-content\/uploads\/2021\/05\/jaume-casas-96x96.jpg","url":"https:\/\/www.barcelonesa.com\/wp-content\/uploads\/2021\/05\/jaume-casas-96x96.jpg","contentUrl":"https:\/\/www.barcelonesa.com\/wp-content\/uploads\/2021\/05\/jaume-casas-96x96.jpg","caption":"Jaume Casas"},"sameAs":["http:\/\/www.grupbarcelonesa.com\/es\/nutricion-humana"],"url":"https:\/\/www.barcelonesa.com\/fr\/author\/jaume-casas\/"}]}},"_links":{"self":[{"href":"https:\/\/www.barcelonesa.com\/fr\/wp-json\/wp\/v2\/posts\/18551","targetHints":{"allow":["GET"]}}],"collection":[{"href":"https:\/\/www.barcelonesa.com\/fr\/wp-json\/wp\/v2\/posts"}],"about":[{"href":"https:\/\/www.barcelonesa.com\/fr\/wp-json\/wp\/v2\/types\/post"}],"author":[{"embeddable":true,"href":"https:\/\/www.barcelonesa.com\/fr\/wp-json\/wp\/v2\/users\/13"}],"replies":[{"embeddable":true,"href":"https:\/\/www.barcelonesa.com\/fr\/wp-json\/wp\/v2\/comments?post=18551"}],"version-history":[{"count":1,"href":"https:\/\/www.barcelonesa.com\/fr\/wp-json\/wp\/v2\/posts\/18551\/revisions"}],"predecessor-version":[{"id":18552,"href":"https:\/\/www.barcelonesa.com\/fr\/wp-json\/wp\/v2\/posts\/18551\/revisions\/18552"}],"wp:featuredmedia":[{"embeddable":true,"href":"https:\/\/www.barcelonesa.com\/fr\/wp-json\/wp\/v2\/media\/18546"}],"wp:attachment":[{"href":"https:\/\/www.barcelonesa.com\/fr\/wp-json\/wp\/v2\/media?parent=18551"}],"wp:term":[{"taxonomy":"category","embeddable":true,"href":"https:\/\/www.barcelonesa.com\/fr\/wp-json\/wp\/v2\/categories?post=18551"},{"taxonomy":"post_tag","embeddable":true,"href":"https:\/\/www.barcelonesa.com\/fr\/wp-json\/wp\/v2\/tags?post=18551"}],"curies":[{"name":"wp","href":"https:\/\/api.w.org\/{rel}","templated":true}]}}