{"id":3803,"date":"2020-03-18T11:29:25","date_gmt":"2020-03-18T10:29:25","guid":{"rendered":"https:\/\/www.barcelonesa.com\/covid-19-chez-grup-barcelonesa-nous-continuons-de-travailler\/"},"modified":"2021-06-04T15:31:50","modified_gmt":"2021-06-04T13:31:50","slug":"covid-19-chez-grup-barcelonesa-nous-continuons-de-travailler","status":"publish","type":"post","link":"https:\/\/www.barcelonesa.com\/fr\/blog\/covid-19-chez-grup-barcelonesa-nous-continuons-de-travailler\/","title":{"rendered":"COVID-19 : Chez Grup Barcelonesa, nous continuons de travailler !"},"content":{"rendered":"<p>Cependant, du fait de la situation exceptionnelle d&rsquo;alerte dans laquelle nous nous trouvons, et en tant qu&rsquo;entreprise distribuant des produits essentiels pour diff\u00e9rents processus de production, notre objectif est d&#8217;emp\u00eacher, dans la mesure du possible, la propagation de la maladie caus\u00e9e par le COVID-19. C&rsquo;est pourquoi nous avons mis en \u0153uvre depuis vendredi dernier une s\u00e9rie d&rsquo;actions et de proc\u00e9dures d\u00e9finies dans notre plan d&rsquo;urgence. Celles-ci visent \u00e0 garantir la sant\u00e9 de nos employ\u00e9s et la continuit\u00e9 de notre activit\u00e9 aussi normalement que possible&nbsp;:<\/p>\n<h3><font color=\"#2e8682\"><b>Plus de s\u00e9curit\u00e9 et plus d&rsquo;hygi\u00e8ne<\/b><\/font><\/h3>\n<p>Si pour Grup Barcelonesa, la s\u00e9curit\u00e9 a toujours \u00e9t\u00e9 une priorit\u00e9, aujourd&rsquo;hui, c&rsquo;est encore plus vrai. Dans nos usines et nos entrep\u00f4ts, nous avons encore renforc\u00e9 les mesures de s\u00e9curit\u00e9 et d&rsquo;hygi\u00e8ne, dans le but de r\u00e9duire au maximum le risque de contagion.<\/p>\n<h3><font color=\"#2e8682\"><b>Nous travaillons \u00e0 distance<\/b><\/font><\/h3>\n<p>Notre personnel de bureau est form\u00e9 sur le plan technologique pour travailler \u00e0 distance, garantissant ainsi que le fonctionnement habituel et la qualit\u00e9 du service ne seront pas affect\u00e9s.<\/p>\n<h3><font color=\"#2e8682\"><b>Nous \u00e9vitons les rencontres en face \u00e0 face<\/b><\/font><\/h3>\n<p>Nous n&rsquo;aimons pas tellement cette mesure, car la proximit\u00e9 fait partie de nos valeurs, mais nous \u00e9viterons autant que possible les rencontres en face \u00e0 face et la mobilit\u00e9 entre nos centres, en encourageant l&rsquo;utilisation de m\u00e9thodes alternatives, telles que la visioconf\u00e9rence.<\/p>\n<p>Nous savons que tout effort est insuffisant pour arr\u00eater la propagation de la maladie, c&rsquo;est pourquoi&nbsp;nous avons \u00e9galement cr\u00e9\u00e9 un comit\u00e9 qui suit l&rsquo;\u00e9volution de la situation au quotidien, en examinant tous les protocoles et recommandations et en suivant les directives des autorit\u00e9s sanitaires, telles que l&rsquo;OMS (Organisation mondiale de la sant\u00e9), l&rsquo;ECDC (Centre europ\u00e9en de pr\u00e9vention et de contr\u00f4le des maladies) et les autorit\u00e9s et d\u00e9partements sanitaires de chaque communaut\u00e9 autonome et du minist\u00e8re de la Sant\u00e9. De cette fa\u00e7on, nous pourrons nous adapter rapidement \u00e0 tout changement de situation, en essayant de r\u00e9duire autant que possible l&rsquo;impact sur notre service.<\/p>\n<p>Nous faisons appel aussi \u00e0 la responsabilit\u00e9 individuelle et demandons \u00e0 tous nos employ\u00e9s et partenaires d&rsquo;agir de mani\u00e8re responsable et de ne prendre aucun risque qui pourrait affecter leur s\u00e9curit\u00e9 ou celle de leurs coll\u00e8gues.<\/p>\n<p>L&rsquo;\u00e9quipe de Grup Barcelonesa.<\/p>\n","protected":false},"excerpt":{"rendered":"<p>Cependant, du fait de la situation exceptionnelle d&rsquo;alerte dans laquelle nous nous trouvons, et en tant qu&rsquo;entreprise distribuant des produits essentiels pour diff\u00e9rents processus de production, notre objectif est d&#8217;emp\u00eacher, dans la mesure du possible, la propagation de la maladie caus\u00e9e par le COVID-19. C&rsquo;est pourquoi nous avons mis en \u0153uvre depuis vendredi dernier une [&hellip;]<\/p>\n","protected":false},"author":16,"featured_media":3790,"comment_status":"open","ping_status":"open","sticky":false,"template":"","format":"standard","meta":{"_acf_changed":false,"site-sidebar-layout":"default","site-content-layout":"default","ast-site-content-layout":"","site-content-style":"default","site-sidebar-style":"default","ast-global-header-display":"","ast-banner-title-visibility":"","ast-main-header-display":"","ast-hfb-above-header-display":"","ast-hfb-below-header-display":"","ast-hfb-mobile-header-display":"","site-post-title":"","ast-breadcrumbs-content":"","ast-featured-img":"","footer-sml-layout":"","theme-transparent-header-meta":"default","adv-header-id-meta":"","stick-header-meta":"","header-above-stick-meta":"","header-main-stick-meta":"","header-below-stick-meta":"","astra-migrate-meta-layouts":"default","ast-page-background-enabled":"default","ast-page-background-meta":{"desktop":{"background-color":"var(--ast-global-color-4)","background-image":"","background-repeat":"repeat","background-position":"center center","background-size":"auto","background-attachment":"scroll","background-type":"","background-media":"","overlay-type":"","overlay-color":"","overlay-opacity":"","overlay-gradient":""},"tablet":{"background-color":"","background-image":"","background-repeat":"repeat","background-position":"center center","background-size":"auto","background-attachment":"scroll","background-type":"","background-media":"","overlay-type":"","overlay-color":"","overlay-opacity":"","overlay-gradient":""},"mobile":{"background-color":"","background-image":"","background-repeat":"repeat","background-position":"center center","background-size":"auto","background-attachment":"scroll","background-type":"","background-media":"","overlay-type":"","overlay-color":"","overlay-opacity":"","overlay-gradient":""}},"ast-content-background-meta":{"desktop":{"background-color":"var(--ast-global-color-5)","background-image":"","background-repeat":"repeat","background-position":"center center","background-size":"auto","background-attachment":"scroll","background-type":"","background-media":"","overlay-type":"","overlay-color":"","overlay-opacity":"","overlay-gradient":""},"tablet":{"background-color":"var(--ast-global-color-5)","background-image":"","background-repeat":"repeat","background-position":"center center","background-size":"auto","background-attachment":"scroll","background-type":"","background-media":"","overlay-type":"","overlay-color":"","overlay-opacity":"","overlay-gradient":""},"mobile":{"background-color":"var(--ast-global-color-5)","background-image":"","background-repeat":"repeat","background-position":"center center","background-size":"auto","background-attachment":"scroll","background-type":"","background-media":"","overlay-type":"","overlay-color":"","overlay-opacity":"","overlay-gradient":""}},"footnotes":""},"categories":[828,871],"tags":[792,930],"class_list":["post-3803","post","type-post","status-publish","format-standard","has-post-thumbnail","hentry","category-actualidad","category-actualite","tag-covid-19","tag-covid-19-fr"],"acf":[],"yoast_head":"<!-- This site is optimized with the Yoast SEO plugin v27.5 - https:\/\/yoast.com\/product\/yoast-seo-wordpress\/ -->\n<title>COVID-19 : Chez Grup Barcelonesa, nous continuons de travailler ! - Barcelonesa<\/title>\n<meta name=\"robots\" content=\"index, follow, max-snippet:-1, max-image-preview:large, max-video-preview:-1\" \/>\n<link rel=\"canonical\" href=\"https:\/\/www.barcelonesa.com\/fr\/blog\/covid-19-chez-grup-barcelonesa-nous-continuons-de-travailler\/\" \/>\n<meta property=\"og:locale\" content=\"fr_FR\" \/>\n<meta property=\"og:type\" content=\"article\" \/>\n<meta property=\"og:title\" content=\"COVID-19 : Chez Grup Barcelonesa, nous continuons de travailler ! - Barcelonesa\" \/>\n<meta property=\"og:description\" content=\"Cependant, du fait de la situation exceptionnelle d&rsquo;alerte dans laquelle nous nous trouvons, et en tant qu&rsquo;entreprise distribuant des produits essentiels pour diff\u00e9rents processus de production, notre objectif est d&#8217;emp\u00eacher, dans la mesure du possible, la propagation de la maladie caus\u00e9e par le COVID-19. C&rsquo;est pourquoi nous avons mis en \u0153uvre depuis vendredi dernier une [&hellip;]\" \/>\n<meta property=\"og:url\" content=\"https:\/\/www.barcelonesa.com\/fr\/blog\/covid-19-chez-grup-barcelonesa-nous-continuons-de-travailler\/\" \/>\n<meta property=\"og:site_name\" content=\"Barcelonesa\" \/>\n<meta property=\"article:published_time\" content=\"2020-03-18T10:29:25+00:00\" \/>\n<meta property=\"article:modified_time\" content=\"2021-06-04T13:31:50+00:00\" \/>\n<meta property=\"og:image\" content=\"https:\/\/www.barcelonesa.com\/wp-content\/uploads\/2020\/03\/006_0-1024x535.png\" \/>\n\t<meta property=\"og:image:width\" content=\"1024\" \/>\n\t<meta property=\"og:image:height\" content=\"535\" \/>\n\t<meta property=\"og:image:type\" content=\"image\/png\" \/>\n<meta name=\"author\" content=\"Barcelonesa\" \/>\n<meta name=\"twitter:card\" content=\"summary_large_image\" \/>\n<meta name=\"twitter:label1\" content=\"\u00c9crit par\" \/>\n\t<meta name=\"twitter:data1\" content=\"Barcelonesa\" \/>\n\t<meta name=\"twitter:label2\" content=\"Dur\u00e9e de lecture estim\u00e9e\" \/>\n\t<meta name=\"twitter:data2\" content=\"2 minutes\" \/>\n<script type=\"application\/ld+json\" class=\"yoast-schema-graph\">{\"@context\":\"https:\\\/\\\/schema.org\",\"@graph\":[{\"@type\":\"Article\",\"@id\":\"https:\\\/\\\/www.barcelonesa.com\\\/fr\\\/blog\\\/covid-19-chez-grup-barcelonesa-nous-continuons-de-travailler\\\/#article\",\"isPartOf\":{\"@id\":\"https:\\\/\\\/www.barcelonesa.com\\\/fr\\\/blog\\\/covid-19-chez-grup-barcelonesa-nous-continuons-de-travailler\\\/\"},\"author\":{\"name\":\"Barcelonesa\",\"@id\":\"https:\\\/\\\/www.barcelonesa.com\\\/fr\\\/#\\\/schema\\\/person\\\/82f9fae0b3816b103d36cce5a5b81f8e\"},\"headline\":\"COVID-19 : Chez Grup Barcelonesa, nous continuons de travailler !\",\"datePublished\":\"2020-03-18T10:29:25+00:00\",\"dateModified\":\"2021-06-04T13:31:50+00:00\",\"mainEntityOfPage\":{\"@id\":\"https:\\\/\\\/www.barcelonesa.com\\\/fr\\\/blog\\\/covid-19-chez-grup-barcelonesa-nous-continuons-de-travailler\\\/\"},\"wordCount\":411,\"commentCount\":0,\"publisher\":{\"@id\":\"https:\\\/\\\/www.barcelonesa.com\\\/fr\\\/#organization\"},\"image\":{\"@id\":\"https:\\\/\\\/www.barcelonesa.com\\\/fr\\\/blog\\\/covid-19-chez-grup-barcelonesa-nous-continuons-de-travailler\\\/#primaryimage\"},\"thumbnailUrl\":\"https:\\\/\\\/www.barcelonesa.com\\\/wp-content\\\/uploads\\\/2020\\\/03\\\/006_0.png\",\"keywords\":[\"COVID-19\",\"COVID-19\"],\"articleSection\":[\"Actualidad\",\"Actualit\u00e9s\"],\"inLanguage\":\"fr-FR\",\"potentialAction\":[{\"@type\":\"CommentAction\",\"name\":\"Comment\",\"target\":[\"https:\\\/\\\/www.barcelonesa.com\\\/fr\\\/blog\\\/covid-19-chez-grup-barcelonesa-nous-continuons-de-travailler\\\/#respond\"]}]},{\"@type\":\"WebPage\",\"@id\":\"https:\\\/\\\/www.barcelonesa.com\\\/fr\\\/blog\\\/covid-19-chez-grup-barcelonesa-nous-continuons-de-travailler\\\/\",\"url\":\"https:\\\/\\\/www.barcelonesa.com\\\/fr\\\/blog\\\/covid-19-chez-grup-barcelonesa-nous-continuons-de-travailler\\\/\",\"name\":\"COVID-19 : Chez Grup Barcelonesa, nous continuons de travailler ! - Barcelonesa\",\"isPartOf\":{\"@id\":\"https:\\\/\\\/www.barcelonesa.com\\\/fr\\\/#website\"},\"primaryImageOfPage\":{\"@id\":\"https:\\\/\\\/www.barcelonesa.com\\\/fr\\\/blog\\\/covid-19-chez-grup-barcelonesa-nous-continuons-de-travailler\\\/#primaryimage\"},\"image\":{\"@id\":\"https:\\\/\\\/www.barcelonesa.com\\\/fr\\\/blog\\\/covid-19-chez-grup-barcelonesa-nous-continuons-de-travailler\\\/#primaryimage\"},\"thumbnailUrl\":\"https:\\\/\\\/www.barcelonesa.com\\\/wp-content\\\/uploads\\\/2020\\\/03\\\/006_0.png\",\"datePublished\":\"2020-03-18T10:29:25+00:00\",\"dateModified\":\"2021-06-04T13:31:50+00:00\",\"breadcrumb\":{\"@id\":\"https:\\\/\\\/www.barcelonesa.com\\\/fr\\\/blog\\\/covid-19-chez-grup-barcelonesa-nous-continuons-de-travailler\\\/#breadcrumb\"},\"inLanguage\":\"fr-FR\",\"potentialAction\":[{\"@type\":\"ReadAction\",\"target\":[\"https:\\\/\\\/www.barcelonesa.com\\\/fr\\\/blog\\\/covid-19-chez-grup-barcelonesa-nous-continuons-de-travailler\\\/\"]}]},{\"@type\":\"ImageObject\",\"inLanguage\":\"fr-FR\",\"@id\":\"https:\\\/\\\/www.barcelonesa.com\\\/fr\\\/blog\\\/covid-19-chez-grup-barcelonesa-nous-continuons-de-travailler\\\/#primaryimage\",\"url\":\"https:\\\/\\\/www.barcelonesa.com\\\/wp-content\\\/uploads\\\/2020\\\/03\\\/006_0.png\",\"contentUrl\":\"https:\\\/\\\/www.barcelonesa.com\\\/wp-content\\\/uploads\\\/2020\\\/03\\\/006_0.png\",\"width\":3600,\"height\":1881,\"caption\":\"006\"},{\"@type\":\"BreadcrumbList\",\"@id\":\"https:\\\/\\\/www.barcelonesa.com\\\/fr\\\/blog\\\/covid-19-chez-grup-barcelonesa-nous-continuons-de-travailler\\\/#breadcrumb\",\"itemListElement\":[{\"@type\":\"ListItem\",\"position\":1,\"name\":\"Home\",\"item\":\"https:\\\/\\\/www.barcelonesa.com\\\/fr\\\/\"},{\"@type\":\"ListItem\",\"position\":2,\"name\":\"COVID-19 : Chez Grup Barcelonesa, nous continuons de travailler !\"}]},{\"@type\":\"WebSite\",\"@id\":\"https:\\\/\\\/www.barcelonesa.com\\\/fr\\\/#website\",\"url\":\"https:\\\/\\\/www.barcelonesa.com\\\/fr\\\/\",\"name\":\"Barcelonesa\",\"description\":\"Tu partner global de productos y especialidades qu\u00edmicas, est\u00e9s donde est\u00e9s.\",\"publisher\":{\"@id\":\"https:\\\/\\\/www.barcelonesa.com\\\/fr\\\/#organization\"},\"potentialAction\":[{\"@type\":\"SearchAction\",\"target\":{\"@type\":\"EntryPoint\",\"urlTemplate\":\"https:\\\/\\\/www.barcelonesa.com\\\/fr\\\/?s={search_term_string}\"},\"query-input\":{\"@type\":\"PropertyValueSpecification\",\"valueRequired\":true,\"valueName\":\"search_term_string\"}}],\"inLanguage\":\"fr-FR\"},{\"@type\":\"Organization\",\"@id\":\"https:\\\/\\\/www.barcelonesa.com\\\/fr\\\/#organization\",\"name\":\"Barcelonesa\",\"url\":\"https:\\\/\\\/www.barcelonesa.com\\\/fr\\\/\",\"logo\":{\"@type\":\"ImageObject\",\"inLanguage\":\"fr-FR\",\"@id\":\"https:\\\/\\\/www.barcelonesa.com\\\/fr\\\/#\\\/schema\\\/logo\\\/image\\\/\",\"url\":\"https:\\\/\\\/www.barcelonesa.com\\\/wp-content\\\/uploads\\\/2023\\\/09\\\/logo_header.svg\",\"contentUrl\":\"https:\\\/\\\/www.barcelonesa.com\\\/wp-content\\\/uploads\\\/2023\\\/09\\\/logo_header.svg\",\"width\":230,\"height\":44,\"caption\":\"Barcelonesa\"},\"image\":{\"@id\":\"https:\\\/\\\/www.barcelonesa.com\\\/fr\\\/#\\\/schema\\\/logo\\\/image\\\/\"},\"sameAs\":[\"https:\\\/\\\/www.linkedin.com\\\/company\\\/barcelonesa-chemicals\"]},{\"@type\":\"Person\",\"@id\":\"https:\\\/\\\/www.barcelonesa.com\\\/fr\\\/#\\\/schema\\\/person\\\/82f9fae0b3816b103d36cce5a5b81f8e\",\"name\":\"Barcelonesa\",\"image\":{\"@type\":\"ImageObject\",\"inLanguage\":\"fr-FR\",\"@id\":\"https:\\\/\\\/www.barcelonesa.com\\\/wp-content\\\/uploads\\\/2023\\\/11\\\/B-Simbolo-Green-2-96x96.png\",\"url\":\"https:\\\/\\\/www.barcelonesa.com\\\/wp-content\\\/uploads\\\/2023\\\/11\\\/B-Simbolo-Green-2-96x96.png\",\"contentUrl\":\"https:\\\/\\\/www.barcelonesa.com\\\/wp-content\\\/uploads\\\/2023\\\/11\\\/B-Simbolo-Green-2-96x96.png\",\"caption\":\"Barcelonesa\"},\"url\":\"https:\\\/\\\/www.barcelonesa.com\\\/fr\\\/author\\\/barcelonesa\\\/\"}]}<\/script>\n<!-- \/ Yoast SEO plugin. -->","yoast_head_json":{"title":"COVID-19 : Chez Grup Barcelonesa, nous continuons de travailler ! - Barcelonesa","robots":{"index":"index","follow":"follow","max-snippet":"max-snippet:-1","max-image-preview":"max-image-preview:large","max-video-preview":"max-video-preview:-1"},"canonical":"https:\/\/www.barcelonesa.com\/fr\/blog\/covid-19-chez-grup-barcelonesa-nous-continuons-de-travailler\/","og_locale":"fr_FR","og_type":"article","og_title":"COVID-19 : Chez Grup Barcelonesa, nous continuons de travailler ! - Barcelonesa","og_description":"Cependant, du fait de la situation exceptionnelle d&rsquo;alerte dans laquelle nous nous trouvons, et en tant qu&rsquo;entreprise distribuant des produits essentiels pour diff\u00e9rents processus de production, notre objectif est d&#8217;emp\u00eacher, dans la mesure du possible, la propagation de la maladie caus\u00e9e par le COVID-19. C&rsquo;est pourquoi nous avons mis en \u0153uvre depuis vendredi dernier une [&hellip;]","og_url":"https:\/\/www.barcelonesa.com\/fr\/blog\/covid-19-chez-grup-barcelonesa-nous-continuons-de-travailler\/","og_site_name":"Barcelonesa","article_published_time":"2020-03-18T10:29:25+00:00","article_modified_time":"2021-06-04T13:31:50+00:00","og_image":[{"width":1024,"height":535,"url":"https:\/\/www.barcelonesa.com\/wp-content\/uploads\/2020\/03\/006_0-1024x535.png","type":"image\/png"}],"author":"Barcelonesa","twitter_card":"summary_large_image","twitter_misc":{"\u00c9crit par":"Barcelonesa","Dur\u00e9e de lecture estim\u00e9e":"2 minutes"},"schema":{"@context":"https:\/\/schema.org","@graph":[{"@type":"Article","@id":"https:\/\/www.barcelonesa.com\/fr\/blog\/covid-19-chez-grup-barcelonesa-nous-continuons-de-travailler\/#article","isPartOf":{"@id":"https:\/\/www.barcelonesa.com\/fr\/blog\/covid-19-chez-grup-barcelonesa-nous-continuons-de-travailler\/"},"author":{"name":"Barcelonesa","@id":"https:\/\/www.barcelonesa.com\/fr\/#\/schema\/person\/82f9fae0b3816b103d36cce5a5b81f8e"},"headline":"COVID-19 : Chez Grup Barcelonesa, nous continuons de travailler !","datePublished":"2020-03-18T10:29:25+00:00","dateModified":"2021-06-04T13:31:50+00:00","mainEntityOfPage":{"@id":"https:\/\/www.barcelonesa.com\/fr\/blog\/covid-19-chez-grup-barcelonesa-nous-continuons-de-travailler\/"},"wordCount":411,"commentCount":0,"publisher":{"@id":"https:\/\/www.barcelonesa.com\/fr\/#organization"},"image":{"@id":"https:\/\/www.barcelonesa.com\/fr\/blog\/covid-19-chez-grup-barcelonesa-nous-continuons-de-travailler\/#primaryimage"},"thumbnailUrl":"https:\/\/www.barcelonesa.com\/wp-content\/uploads\/2020\/03\/006_0.png","keywords":["COVID-19","COVID-19"],"articleSection":["Actualidad","Actualit\u00e9s"],"inLanguage":"fr-FR","potentialAction":[{"@type":"CommentAction","name":"Comment","target":["https:\/\/www.barcelonesa.com\/fr\/blog\/covid-19-chez-grup-barcelonesa-nous-continuons-de-travailler\/#respond"]}]},{"@type":"WebPage","@id":"https:\/\/www.barcelonesa.com\/fr\/blog\/covid-19-chez-grup-barcelonesa-nous-continuons-de-travailler\/","url":"https:\/\/www.barcelonesa.com\/fr\/blog\/covid-19-chez-grup-barcelonesa-nous-continuons-de-travailler\/","name":"COVID-19 : Chez Grup Barcelonesa, nous continuons de travailler ! - Barcelonesa","isPartOf":{"@id":"https:\/\/www.barcelonesa.com\/fr\/#website"},"primaryImageOfPage":{"@id":"https:\/\/www.barcelonesa.com\/fr\/blog\/covid-19-chez-grup-barcelonesa-nous-continuons-de-travailler\/#primaryimage"},"image":{"@id":"https:\/\/www.barcelonesa.com\/fr\/blog\/covid-19-chez-grup-barcelonesa-nous-continuons-de-travailler\/#primaryimage"},"thumbnailUrl":"https:\/\/www.barcelonesa.com\/wp-content\/uploads\/2020\/03\/006_0.png","datePublished":"2020-03-18T10:29:25+00:00","dateModified":"2021-06-04T13:31:50+00:00","breadcrumb":{"@id":"https:\/\/www.barcelonesa.com\/fr\/blog\/covid-19-chez-grup-barcelonesa-nous-continuons-de-travailler\/#breadcrumb"},"inLanguage":"fr-FR","potentialAction":[{"@type":"ReadAction","target":["https:\/\/www.barcelonesa.com\/fr\/blog\/covid-19-chez-grup-barcelonesa-nous-continuons-de-travailler\/"]}]},{"@type":"ImageObject","inLanguage":"fr-FR","@id":"https:\/\/www.barcelonesa.com\/fr\/blog\/covid-19-chez-grup-barcelonesa-nous-continuons-de-travailler\/#primaryimage","url":"https:\/\/www.barcelonesa.com\/wp-content\/uploads\/2020\/03\/006_0.png","contentUrl":"https:\/\/www.barcelonesa.com\/wp-content\/uploads\/2020\/03\/006_0.png","width":3600,"height":1881,"caption":"006"},{"@type":"BreadcrumbList","@id":"https:\/\/www.barcelonesa.com\/fr\/blog\/covid-19-chez-grup-barcelonesa-nous-continuons-de-travailler\/#breadcrumb","itemListElement":[{"@type":"ListItem","position":1,"name":"Home","item":"https:\/\/www.barcelonesa.com\/fr\/"},{"@type":"ListItem","position":2,"name":"COVID-19 : Chez Grup Barcelonesa, nous continuons de travailler !"}]},{"@type":"WebSite","@id":"https:\/\/www.barcelonesa.com\/fr\/#website","url":"https:\/\/www.barcelonesa.com\/fr\/","name":"Barcelonesa","description":"Tu partner global de productos y especialidades qu\u00edmicas, est\u00e9s donde est\u00e9s.","publisher":{"@id":"https:\/\/www.barcelonesa.com\/fr\/#organization"},"potentialAction":[{"@type":"SearchAction","target":{"@type":"EntryPoint","urlTemplate":"https:\/\/www.barcelonesa.com\/fr\/?s={search_term_string}"},"query-input":{"@type":"PropertyValueSpecification","valueRequired":true,"valueName":"search_term_string"}}],"inLanguage":"fr-FR"},{"@type":"Organization","@id":"https:\/\/www.barcelonesa.com\/fr\/#organization","name":"Barcelonesa","url":"https:\/\/www.barcelonesa.com\/fr\/","logo":{"@type":"ImageObject","inLanguage":"fr-FR","@id":"https:\/\/www.barcelonesa.com\/fr\/#\/schema\/logo\/image\/","url":"https:\/\/www.barcelonesa.com\/wp-content\/uploads\/2023\/09\/logo_header.svg","contentUrl":"https:\/\/www.barcelonesa.com\/wp-content\/uploads\/2023\/09\/logo_header.svg","width":230,"height":44,"caption":"Barcelonesa"},"image":{"@id":"https:\/\/www.barcelonesa.com\/fr\/#\/schema\/logo\/image\/"},"sameAs":["https:\/\/www.linkedin.com\/company\/barcelonesa-chemicals"]},{"@type":"Person","@id":"https:\/\/www.barcelonesa.com\/fr\/#\/schema\/person\/82f9fae0b3816b103d36cce5a5b81f8e","name":"Barcelonesa","image":{"@type":"ImageObject","inLanguage":"fr-FR","@id":"https:\/\/www.barcelonesa.com\/wp-content\/uploads\/2023\/11\/B-Simbolo-Green-2-96x96.png","url":"https:\/\/www.barcelonesa.com\/wp-content\/uploads\/2023\/11\/B-Simbolo-Green-2-96x96.png","contentUrl":"https:\/\/www.barcelonesa.com\/wp-content\/uploads\/2023\/11\/B-Simbolo-Green-2-96x96.png","caption":"Barcelonesa"},"url":"https:\/\/www.barcelonesa.com\/fr\/author\/barcelonesa\/"}]}},"_links":{"self":[{"href":"https:\/\/www.barcelonesa.com\/fr\/wp-json\/wp\/v2\/posts\/3803","targetHints":{"allow":["GET"]}}],"collection":[{"href":"https:\/\/www.barcelonesa.com\/fr\/wp-json\/wp\/v2\/posts"}],"about":[{"href":"https:\/\/www.barcelonesa.com\/fr\/wp-json\/wp\/v2\/types\/post"}],"author":[{"embeddable":true,"href":"https:\/\/www.barcelonesa.com\/fr\/wp-json\/wp\/v2\/users\/16"}],"replies":[{"embeddable":true,"href":"https:\/\/www.barcelonesa.com\/fr\/wp-json\/wp\/v2\/comments?post=3803"}],"version-history":[{"count":1,"href":"https:\/\/www.barcelonesa.com\/fr\/wp-json\/wp\/v2\/posts\/3803\/revisions"}],"predecessor-version":[{"id":16396,"href":"https:\/\/www.barcelonesa.com\/fr\/wp-json\/wp\/v2\/posts\/3803\/revisions\/16396"}],"wp:featuredmedia":[{"embeddable":true,"href":"https:\/\/www.barcelonesa.com\/fr\/wp-json\/wp\/v2\/media\/3790"}],"wp:attachment":[{"href":"https:\/\/www.barcelonesa.com\/fr\/wp-json\/wp\/v2\/media?parent=3803"}],"wp:term":[{"taxonomy":"category","embeddable":true,"href":"https:\/\/www.barcelonesa.com\/fr\/wp-json\/wp\/v2\/categories?post=3803"},{"taxonomy":"post_tag","embeddable":true,"href":"https:\/\/www.barcelonesa.com\/fr\/wp-json\/wp\/v2\/tags?post=3803"}],"curies":[{"name":"wp","href":"https:\/\/api.w.org\/{rel}","templated":true}]}}