{"id":39995,"date":"2024-09-23T17:33:50","date_gmt":"2024-09-23T15:33:50","guid":{"rendered":"https:\/\/www.barcelonesa.com\/blog\/la-division-cosmetiques-presentera-sa-gamme-de-produits-au-salon-cosmetorium-2024\/"},"modified":"2024-09-23T17:46:07","modified_gmt":"2024-09-23T15:46:07","slug":"la-division-cosmetiques-presentera-sa-gamme-de-produits-au-salon-cosmetorium-2024","status":"publish","type":"post","link":"https:\/\/www.barcelonesa.com\/fr\/blog\/la-division-cosmetiques-presentera-sa-gamme-de-produits-au-salon-cosmetorium-2024\/","title":{"rendered":"La division Cosm\u00e9tiques pr\u00e9sentera sa gamme de produits au salon Cosmetorium 2024."},"content":{"rendered":"<p>Nous sommes tr\u00e8s heureux d&rsquo;annoncer que, pour la premi\u00e8re fois, nous serons exposants \u00e0 Cosmetorium 2024.<\/p>\n<p>Nous serons pr\u00e9sents au stand 346, niveau -1, o\u00f9 nous pr\u00e9senterons notre gamme de produits et r\u00e9pondrons \u00e0 toutes vos questions.<\/p>\n<p>Le salon aura lieu les 23 et 24 octobre au Palau de Congressos de Barcelone. Pendant ces deux jours, les experts et les professionnels du secteur se rencontreront pour \u00e9changer des id\u00e9es, explorer de nouvelles opportunit\u00e9s commerciales et d\u00e9couvrir les innovations qui fa\u00e7onnent le pr\u00e9sent et l&rsquo;avenir de l&rsquo;industrie cosm\u00e9tique.<\/p>\n<div><\/div>\n<ul>\n<li>Lieu : Palau de Congressos de Barcelona, Montjuic.<\/li>\n<li>Dates : 23 et 24 octobre.<\/li>\n<li>Stand : Stand 346, Niveau -1.<\/li>\n<\/ul>\n<div style=\"width: 1920px;\" class=\"wp-video\"><video class=\"wp-video-shortcode\" id=\"video-39995-1\" width=\"1920\" height=\"1080\" autoplay preload=\"metadata\" controls=\"controls\"><source type=\"video\/mp4\" src=\"https:\/\/www.barcelonesa.com\/wp-content\/uploads\/2024\/09\/Linkedin-Campana-Cosmetorium-Video.mp4?_=1\" \/><a href=\"https:\/\/www.barcelonesa.com\/wp-content\/uploads\/2024\/09\/Linkedin-Campana-Cosmetorium-Video.mp4\">https:\/\/www.barcelonesa.com\/wp-content\/uploads\/2024\/09\/Linkedin-Campana-Cosmetorium-Video.mp4<\/a><\/video><\/div>\n<p>&nbsp;<\/p>\n<p>&nbsp;<\/p>\n<p>La participation est gratuite si vous vous inscrivez avant l&rsquo;\u00e9v\u00e9nement. Cliquez <a href=\"https:\/\/step-exhibitions.eventszone.net\/myCongress\/form.php?thisFormCongress=cometorium24&amp;thisFormLanguage=es&amp;thisFormCode=vis01\">sur ce lien<\/a> pour vous inscrire.<\/p>\n<p>En r\u00e9sum\u00e9, le salon Cosmetorim est une occasion unique de rencontrer notre \u00e9quipe et de vous tenir au courant des derni\u00e8res nouveaut\u00e9s. Nous esp\u00e9rons vous y voir !<\/p>\n<p>Si vous avez besoin de plus d&rsquo;informations ou d&rsquo;une invitation de notre part, n&rsquo;h\u00e9sitez pas \u00e0 <a href=\"https:\/\/www.barcelonesa.com\/fr\/contact\/\">nous contacter.\u00a0<\/a><\/p>\n","protected":false},"excerpt":{"rendered":"<p>Nous sommes tr\u00e8s heureux d&rsquo;annoncer que, pour la premi\u00e8re fois, nous serons exposants \u00e0 Cosmetorium 2024. Nous serons pr\u00e9sents au stand 346, niveau -1, o\u00f9 nous pr\u00e9senterons notre gamme de produits et r\u00e9pondrons \u00e0 toutes vos questions. Le salon aura lieu les 23 et 24 octobre au Palau de Congressos de Barcelone. Pendant ces deux [&hellip;]<\/p>\n","protected":false},"author":16,"featured_media":39987,"comment_status":"closed","ping_status":"open","sticky":false,"template":"","format":"standard","meta":{"_acf_changed":false,"site-sidebar-layout":"default","site-content-layout":"","ast-site-content-layout":"default","site-content-style":"default","site-sidebar-style":"default","ast-global-header-display":"","ast-banner-title-visibility":"","ast-main-header-display":"","ast-hfb-above-header-display":"","ast-hfb-below-header-display":"","ast-hfb-mobile-header-display":"","site-post-title":"","ast-breadcrumbs-content":"","ast-featured-img":"","footer-sml-layout":"","theme-transparent-header-meta":"default","adv-header-id-meta":"","stick-header-meta":"","header-above-stick-meta":"","header-main-stick-meta":"","header-below-stick-meta":"","astra-migrate-meta-layouts":"default","ast-page-background-enabled":"default","ast-page-background-meta":{"desktop":{"background-color":"var(--ast-global-color-4)","background-image":"","background-repeat":"repeat","background-position":"center center","background-size":"auto","background-attachment":"scroll","background-type":"","background-media":"","overlay-type":"","overlay-color":"","overlay-opacity":"","overlay-gradient":""},"tablet":{"background-color":"","background-image":"","background-repeat":"repeat","background-position":"center center","background-size":"auto","background-attachment":"scroll","background-type":"","background-media":"","overlay-type":"","overlay-color":"","overlay-opacity":"","overlay-gradient":""},"mobile":{"background-color":"","background-image":"","background-repeat":"repeat","background-position":"center center","background-size":"auto","background-attachment":"scroll","background-type":"","background-media":"","overlay-type":"","overlay-color":"","overlay-opacity":"","overlay-gradient":""}},"ast-content-background-meta":{"desktop":{"background-color":"var(--ast-global-color-5)","background-image":"","background-repeat":"repeat","background-position":"center center","background-size":"auto","background-attachment":"scroll","background-type":"","background-media":"","overlay-type":"","overlay-color":"","overlay-opacity":"","overlay-gradient":""},"tablet":{"background-color":"var(--ast-global-color-5)","background-image":"","background-repeat":"repeat","background-position":"center center","background-size":"auto","background-attachment":"scroll","background-type":"","background-media":"","overlay-type":"","overlay-color":"","overlay-opacity":"","overlay-gradient":""},"mobile":{"background-color":"var(--ast-global-color-5)","background-image":"","background-repeat":"repeat","background-position":"center center","background-size":"auto","background-attachment":"scroll","background-type":"","background-media":"","overlay-type":"","overlay-color":"","overlay-opacity":"","overlay-gradient":""}},"footnotes":""},"categories":[871,867],"tags":[],"class_list":["post-39995","post","type-post","status-publish","format-standard","has-post-thumbnail","hentry","category-actualite","category-cosmetique"],"acf":[],"yoast_head":"<!-- This site is optimized with the Yoast SEO plugin v27.5 - https:\/\/yoast.com\/product\/yoast-seo-wordpress\/ -->\n<title>La division Cosm\u00e9tiques pr\u00e9sentera sa gamme de produits au salon Cosmetorium 2024. - Barcelonesa<\/title>\n<meta name=\"robots\" content=\"index, follow, max-snippet:-1, max-image-preview:large, max-video-preview:-1\" \/>\n<link rel=\"canonical\" href=\"https:\/\/www.barcelonesa.com\/fr\/blog\/la-division-cosmetiques-presentera-sa-gamme-de-produits-au-salon-cosmetorium-2024\/\" \/>\n<meta property=\"og:locale\" content=\"fr_FR\" \/>\n<meta property=\"og:type\" content=\"article\" \/>\n<meta property=\"og:title\" content=\"La division Cosm\u00e9tiques pr\u00e9sentera sa gamme de produits au salon Cosmetorium 2024. - Barcelonesa\" \/>\n<meta property=\"og:description\" content=\"Nous sommes tr\u00e8s heureux d&rsquo;annoncer que, pour la premi\u00e8re fois, nous serons exposants \u00e0 Cosmetorium 2024. Nous serons pr\u00e9sents au stand 346, niveau -1, o\u00f9 nous pr\u00e9senterons notre gamme de produits et r\u00e9pondrons \u00e0 toutes vos questions. Le salon aura lieu les 23 et 24 octobre au Palau de Congressos de Barcelone. Pendant ces deux [&hellip;]\" \/>\n<meta property=\"og:url\" content=\"https:\/\/www.barcelonesa.com\/fr\/blog\/la-division-cosmetiques-presentera-sa-gamme-de-produits-au-salon-cosmetorium-2024\/\" \/>\n<meta property=\"og:site_name\" content=\"Barcelonesa\" \/>\n<meta property=\"article:published_time\" content=\"2024-09-23T15:33:50+00:00\" \/>\n<meta property=\"article:modified_time\" content=\"2024-09-23T15:46:07+00:00\" \/>\n<meta property=\"og:image\" content=\"https:\/\/www.barcelonesa.com\/wp-content\/uploads\/2024\/09\/Cosmetorium-post-blog-2024.png\" \/>\n\t<meta property=\"og:image:width\" content=\"1200\" \/>\n\t<meta property=\"og:image:height\" content=\"600\" \/>\n\t<meta property=\"og:image:type\" content=\"image\/png\" \/>\n<meta name=\"author\" content=\"Barcelonesa\" \/>\n<meta name=\"twitter:card\" content=\"summary_large_image\" \/>\n<meta name=\"twitter:label1\" content=\"\u00c9crit par\" \/>\n\t<meta name=\"twitter:data1\" content=\"Barcelonesa\" \/>\n\t<meta name=\"twitter:label2\" content=\"Dur\u00e9e de lecture estim\u00e9e\" \/>\n\t<meta name=\"twitter:data2\" content=\"1 minute\" \/>\n<script type=\"application\/ld+json\" class=\"yoast-schema-graph\">{\"@context\":\"https:\\\/\\\/schema.org\",\"@graph\":[{\"@type\":\"Article\",\"@id\":\"https:\\\/\\\/www.barcelonesa.com\\\/fr\\\/blog\\\/la-division-cosmetiques-presentera-sa-gamme-de-produits-au-salon-cosmetorium-2024\\\/#article\",\"isPartOf\":{\"@id\":\"https:\\\/\\\/www.barcelonesa.com\\\/fr\\\/blog\\\/la-division-cosmetiques-presentera-sa-gamme-de-produits-au-salon-cosmetorium-2024\\\/\"},\"author\":{\"name\":\"Barcelonesa\",\"@id\":\"https:\\\/\\\/www.barcelonesa.com\\\/fr\\\/#\\\/schema\\\/person\\\/82f9fae0b3816b103d36cce5a5b81f8e\"},\"headline\":\"La division Cosm\u00e9tiques pr\u00e9sentera sa gamme de produits au salon Cosmetorium 2024.\",\"datePublished\":\"2024-09-23T15:33:50+00:00\",\"dateModified\":\"2024-09-23T15:46:07+00:00\",\"mainEntityOfPage\":{\"@id\":\"https:\\\/\\\/www.barcelonesa.com\\\/fr\\\/blog\\\/la-division-cosmetiques-presentera-sa-gamme-de-produits-au-salon-cosmetorium-2024\\\/\"},\"wordCount\":210,\"publisher\":{\"@id\":\"https:\\\/\\\/www.barcelonesa.com\\\/fr\\\/#organization\"},\"image\":{\"@id\":\"https:\\\/\\\/www.barcelonesa.com\\\/fr\\\/blog\\\/la-division-cosmetiques-presentera-sa-gamme-de-produits-au-salon-cosmetorium-2024\\\/#primaryimage\"},\"thumbnailUrl\":\"https:\\\/\\\/www.barcelonesa.com\\\/wp-content\\\/uploads\\\/2024\\\/09\\\/Cosmetorium-post-blog-2024.png\",\"articleSection\":[\"Actualit\u00e9s\",\"Cosm\u00e9tique\"],\"inLanguage\":\"fr-FR\"},{\"@type\":\"WebPage\",\"@id\":\"https:\\\/\\\/www.barcelonesa.com\\\/fr\\\/blog\\\/la-division-cosmetiques-presentera-sa-gamme-de-produits-au-salon-cosmetorium-2024\\\/\",\"url\":\"https:\\\/\\\/www.barcelonesa.com\\\/fr\\\/blog\\\/la-division-cosmetiques-presentera-sa-gamme-de-produits-au-salon-cosmetorium-2024\\\/\",\"name\":\"La division Cosm\u00e9tiques pr\u00e9sentera sa gamme de produits au salon Cosmetorium 2024. - Barcelonesa\",\"isPartOf\":{\"@id\":\"https:\\\/\\\/www.barcelonesa.com\\\/fr\\\/#website\"},\"primaryImageOfPage\":{\"@id\":\"https:\\\/\\\/www.barcelonesa.com\\\/fr\\\/blog\\\/la-division-cosmetiques-presentera-sa-gamme-de-produits-au-salon-cosmetorium-2024\\\/#primaryimage\"},\"image\":{\"@id\":\"https:\\\/\\\/www.barcelonesa.com\\\/fr\\\/blog\\\/la-division-cosmetiques-presentera-sa-gamme-de-produits-au-salon-cosmetorium-2024\\\/#primaryimage\"},\"thumbnailUrl\":\"https:\\\/\\\/www.barcelonesa.com\\\/wp-content\\\/uploads\\\/2024\\\/09\\\/Cosmetorium-post-blog-2024.png\",\"datePublished\":\"2024-09-23T15:33:50+00:00\",\"dateModified\":\"2024-09-23T15:46:07+00:00\",\"breadcrumb\":{\"@id\":\"https:\\\/\\\/www.barcelonesa.com\\\/fr\\\/blog\\\/la-division-cosmetiques-presentera-sa-gamme-de-produits-au-salon-cosmetorium-2024\\\/#breadcrumb\"},\"inLanguage\":\"fr-FR\",\"potentialAction\":[{\"@type\":\"ReadAction\",\"target\":[\"https:\\\/\\\/www.barcelonesa.com\\\/fr\\\/blog\\\/la-division-cosmetiques-presentera-sa-gamme-de-produits-au-salon-cosmetorium-2024\\\/\"]}]},{\"@type\":\"ImageObject\",\"inLanguage\":\"fr-FR\",\"@id\":\"https:\\\/\\\/www.barcelonesa.com\\\/fr\\\/blog\\\/la-division-cosmetiques-presentera-sa-gamme-de-produits-au-salon-cosmetorium-2024\\\/#primaryimage\",\"url\":\"https:\\\/\\\/www.barcelonesa.com\\\/wp-content\\\/uploads\\\/2024\\\/09\\\/Cosmetorium-post-blog-2024.png\",\"contentUrl\":\"https:\\\/\\\/www.barcelonesa.com\\\/wp-content\\\/uploads\\\/2024\\\/09\\\/Cosmetorium-post-blog-2024.png\",\"width\":1200,\"height\":600},{\"@type\":\"BreadcrumbList\",\"@id\":\"https:\\\/\\\/www.barcelonesa.com\\\/fr\\\/blog\\\/la-division-cosmetiques-presentera-sa-gamme-de-produits-au-salon-cosmetorium-2024\\\/#breadcrumb\",\"itemListElement\":[{\"@type\":\"ListItem\",\"position\":1,\"name\":\"Home\",\"item\":\"https:\\\/\\\/www.barcelonesa.com\\\/fr\\\/\"},{\"@type\":\"ListItem\",\"position\":2,\"name\":\"La division Cosm\u00e9tiques pr\u00e9sentera sa gamme de produits au salon Cosmetorium 2024.\"}]},{\"@type\":\"WebSite\",\"@id\":\"https:\\\/\\\/www.barcelonesa.com\\\/fr\\\/#website\",\"url\":\"https:\\\/\\\/www.barcelonesa.com\\\/fr\\\/\",\"name\":\"Barcelonesa\",\"description\":\"Tu partner global de productos y especialidades qu\u00edmicas, est\u00e9s donde est\u00e9s.\",\"publisher\":{\"@id\":\"https:\\\/\\\/www.barcelonesa.com\\\/fr\\\/#organization\"},\"potentialAction\":[{\"@type\":\"SearchAction\",\"target\":{\"@type\":\"EntryPoint\",\"urlTemplate\":\"https:\\\/\\\/www.barcelonesa.com\\\/fr\\\/?s={search_term_string}\"},\"query-input\":{\"@type\":\"PropertyValueSpecification\",\"valueRequired\":true,\"valueName\":\"search_term_string\"}}],\"inLanguage\":\"fr-FR\"},{\"@type\":\"Organization\",\"@id\":\"https:\\\/\\\/www.barcelonesa.com\\\/fr\\\/#organization\",\"name\":\"Barcelonesa\",\"url\":\"https:\\\/\\\/www.barcelonesa.com\\\/fr\\\/\",\"logo\":{\"@type\":\"ImageObject\",\"inLanguage\":\"fr-FR\",\"@id\":\"https:\\\/\\\/www.barcelonesa.com\\\/fr\\\/#\\\/schema\\\/logo\\\/image\\\/\",\"url\":\"https:\\\/\\\/www.barcelonesa.com\\\/wp-content\\\/uploads\\\/2023\\\/09\\\/logo_header.svg\",\"contentUrl\":\"https:\\\/\\\/www.barcelonesa.com\\\/wp-content\\\/uploads\\\/2023\\\/09\\\/logo_header.svg\",\"width\":230,\"height\":44,\"caption\":\"Barcelonesa\"},\"image\":{\"@id\":\"https:\\\/\\\/www.barcelonesa.com\\\/fr\\\/#\\\/schema\\\/logo\\\/image\\\/\"},\"sameAs\":[\"https:\\\/\\\/www.linkedin.com\\\/company\\\/barcelonesa-chemicals\"]},{\"@type\":\"Person\",\"@id\":\"https:\\\/\\\/www.barcelonesa.com\\\/fr\\\/#\\\/schema\\\/person\\\/82f9fae0b3816b103d36cce5a5b81f8e\",\"name\":\"Barcelonesa\",\"image\":{\"@type\":\"ImageObject\",\"inLanguage\":\"fr-FR\",\"@id\":\"https:\\\/\\\/www.barcelonesa.com\\\/wp-content\\\/uploads\\\/2023\\\/11\\\/B-Simbolo-Green-2-96x96.png\",\"url\":\"https:\\\/\\\/www.barcelonesa.com\\\/wp-content\\\/uploads\\\/2023\\\/11\\\/B-Simbolo-Green-2-96x96.png\",\"contentUrl\":\"https:\\\/\\\/www.barcelonesa.com\\\/wp-content\\\/uploads\\\/2023\\\/11\\\/B-Simbolo-Green-2-96x96.png\",\"caption\":\"Barcelonesa\"},\"url\":\"https:\\\/\\\/www.barcelonesa.com\\\/fr\\\/author\\\/barcelonesa\\\/\"}]}<\/script>\n<!-- \/ Yoast SEO plugin. -->","yoast_head_json":{"title":"La division Cosm\u00e9tiques pr\u00e9sentera sa gamme de produits au salon Cosmetorium 2024. - Barcelonesa","robots":{"index":"index","follow":"follow","max-snippet":"max-snippet:-1","max-image-preview":"max-image-preview:large","max-video-preview":"max-video-preview:-1"},"canonical":"https:\/\/www.barcelonesa.com\/fr\/blog\/la-division-cosmetiques-presentera-sa-gamme-de-produits-au-salon-cosmetorium-2024\/","og_locale":"fr_FR","og_type":"article","og_title":"La division Cosm\u00e9tiques pr\u00e9sentera sa gamme de produits au salon Cosmetorium 2024. - Barcelonesa","og_description":"Nous sommes tr\u00e8s heureux d&rsquo;annoncer que, pour la premi\u00e8re fois, nous serons exposants \u00e0 Cosmetorium 2024. Nous serons pr\u00e9sents au stand 346, niveau -1, o\u00f9 nous pr\u00e9senterons notre gamme de produits et r\u00e9pondrons \u00e0 toutes vos questions. Le salon aura lieu les 23 et 24 octobre au Palau de Congressos de Barcelone. Pendant ces deux [&hellip;]","og_url":"https:\/\/www.barcelonesa.com\/fr\/blog\/la-division-cosmetiques-presentera-sa-gamme-de-produits-au-salon-cosmetorium-2024\/","og_site_name":"Barcelonesa","article_published_time":"2024-09-23T15:33:50+00:00","article_modified_time":"2024-09-23T15:46:07+00:00","og_image":[{"width":1200,"height":600,"url":"https:\/\/www.barcelonesa.com\/wp-content\/uploads\/2024\/09\/Cosmetorium-post-blog-2024.png","type":"image\/png"}],"author":"Barcelonesa","twitter_card":"summary_large_image","twitter_misc":{"\u00c9crit par":"Barcelonesa","Dur\u00e9e de lecture estim\u00e9e":"1 minute"},"schema":{"@context":"https:\/\/schema.org","@graph":[{"@type":"Article","@id":"https:\/\/www.barcelonesa.com\/fr\/blog\/la-division-cosmetiques-presentera-sa-gamme-de-produits-au-salon-cosmetorium-2024\/#article","isPartOf":{"@id":"https:\/\/www.barcelonesa.com\/fr\/blog\/la-division-cosmetiques-presentera-sa-gamme-de-produits-au-salon-cosmetorium-2024\/"},"author":{"name":"Barcelonesa","@id":"https:\/\/www.barcelonesa.com\/fr\/#\/schema\/person\/82f9fae0b3816b103d36cce5a5b81f8e"},"headline":"La division Cosm\u00e9tiques pr\u00e9sentera sa gamme de produits au salon Cosmetorium 2024.","datePublished":"2024-09-23T15:33:50+00:00","dateModified":"2024-09-23T15:46:07+00:00","mainEntityOfPage":{"@id":"https:\/\/www.barcelonesa.com\/fr\/blog\/la-division-cosmetiques-presentera-sa-gamme-de-produits-au-salon-cosmetorium-2024\/"},"wordCount":210,"publisher":{"@id":"https:\/\/www.barcelonesa.com\/fr\/#organization"},"image":{"@id":"https:\/\/www.barcelonesa.com\/fr\/blog\/la-division-cosmetiques-presentera-sa-gamme-de-produits-au-salon-cosmetorium-2024\/#primaryimage"},"thumbnailUrl":"https:\/\/www.barcelonesa.com\/wp-content\/uploads\/2024\/09\/Cosmetorium-post-blog-2024.png","articleSection":["Actualit\u00e9s","Cosm\u00e9tique"],"inLanguage":"fr-FR"},{"@type":"WebPage","@id":"https:\/\/www.barcelonesa.com\/fr\/blog\/la-division-cosmetiques-presentera-sa-gamme-de-produits-au-salon-cosmetorium-2024\/","url":"https:\/\/www.barcelonesa.com\/fr\/blog\/la-division-cosmetiques-presentera-sa-gamme-de-produits-au-salon-cosmetorium-2024\/","name":"La division Cosm\u00e9tiques pr\u00e9sentera sa gamme de produits au salon Cosmetorium 2024. - Barcelonesa","isPartOf":{"@id":"https:\/\/www.barcelonesa.com\/fr\/#website"},"primaryImageOfPage":{"@id":"https:\/\/www.barcelonesa.com\/fr\/blog\/la-division-cosmetiques-presentera-sa-gamme-de-produits-au-salon-cosmetorium-2024\/#primaryimage"},"image":{"@id":"https:\/\/www.barcelonesa.com\/fr\/blog\/la-division-cosmetiques-presentera-sa-gamme-de-produits-au-salon-cosmetorium-2024\/#primaryimage"},"thumbnailUrl":"https:\/\/www.barcelonesa.com\/wp-content\/uploads\/2024\/09\/Cosmetorium-post-blog-2024.png","datePublished":"2024-09-23T15:33:50+00:00","dateModified":"2024-09-23T15:46:07+00:00","breadcrumb":{"@id":"https:\/\/www.barcelonesa.com\/fr\/blog\/la-division-cosmetiques-presentera-sa-gamme-de-produits-au-salon-cosmetorium-2024\/#breadcrumb"},"inLanguage":"fr-FR","potentialAction":[{"@type":"ReadAction","target":["https:\/\/www.barcelonesa.com\/fr\/blog\/la-division-cosmetiques-presentera-sa-gamme-de-produits-au-salon-cosmetorium-2024\/"]}]},{"@type":"ImageObject","inLanguage":"fr-FR","@id":"https:\/\/www.barcelonesa.com\/fr\/blog\/la-division-cosmetiques-presentera-sa-gamme-de-produits-au-salon-cosmetorium-2024\/#primaryimage","url":"https:\/\/www.barcelonesa.com\/wp-content\/uploads\/2024\/09\/Cosmetorium-post-blog-2024.png","contentUrl":"https:\/\/www.barcelonesa.com\/wp-content\/uploads\/2024\/09\/Cosmetorium-post-blog-2024.png","width":1200,"height":600},{"@type":"BreadcrumbList","@id":"https:\/\/www.barcelonesa.com\/fr\/blog\/la-division-cosmetiques-presentera-sa-gamme-de-produits-au-salon-cosmetorium-2024\/#breadcrumb","itemListElement":[{"@type":"ListItem","position":1,"name":"Home","item":"https:\/\/www.barcelonesa.com\/fr\/"},{"@type":"ListItem","position":2,"name":"La division Cosm\u00e9tiques pr\u00e9sentera sa gamme de produits au salon Cosmetorium 2024."}]},{"@type":"WebSite","@id":"https:\/\/www.barcelonesa.com\/fr\/#website","url":"https:\/\/www.barcelonesa.com\/fr\/","name":"Barcelonesa","description":"Tu partner global de productos y especialidades qu\u00edmicas, est\u00e9s donde est\u00e9s.","publisher":{"@id":"https:\/\/www.barcelonesa.com\/fr\/#organization"},"potentialAction":[{"@type":"SearchAction","target":{"@type":"EntryPoint","urlTemplate":"https:\/\/www.barcelonesa.com\/fr\/?s={search_term_string}"},"query-input":{"@type":"PropertyValueSpecification","valueRequired":true,"valueName":"search_term_string"}}],"inLanguage":"fr-FR"},{"@type":"Organization","@id":"https:\/\/www.barcelonesa.com\/fr\/#organization","name":"Barcelonesa","url":"https:\/\/www.barcelonesa.com\/fr\/","logo":{"@type":"ImageObject","inLanguage":"fr-FR","@id":"https:\/\/www.barcelonesa.com\/fr\/#\/schema\/logo\/image\/","url":"https:\/\/www.barcelonesa.com\/wp-content\/uploads\/2023\/09\/logo_header.svg","contentUrl":"https:\/\/www.barcelonesa.com\/wp-content\/uploads\/2023\/09\/logo_header.svg","width":230,"height":44,"caption":"Barcelonesa"},"image":{"@id":"https:\/\/www.barcelonesa.com\/fr\/#\/schema\/logo\/image\/"},"sameAs":["https:\/\/www.linkedin.com\/company\/barcelonesa-chemicals"]},{"@type":"Person","@id":"https:\/\/www.barcelonesa.com\/fr\/#\/schema\/person\/82f9fae0b3816b103d36cce5a5b81f8e","name":"Barcelonesa","image":{"@type":"ImageObject","inLanguage":"fr-FR","@id":"https:\/\/www.barcelonesa.com\/wp-content\/uploads\/2023\/11\/B-Simbolo-Green-2-96x96.png","url":"https:\/\/www.barcelonesa.com\/wp-content\/uploads\/2023\/11\/B-Simbolo-Green-2-96x96.png","contentUrl":"https:\/\/www.barcelonesa.com\/wp-content\/uploads\/2023\/11\/B-Simbolo-Green-2-96x96.png","caption":"Barcelonesa"},"url":"https:\/\/www.barcelonesa.com\/fr\/author\/barcelonesa\/"}]}},"_links":{"self":[{"href":"https:\/\/www.barcelonesa.com\/fr\/wp-json\/wp\/v2\/posts\/39995","targetHints":{"allow":["GET"]}}],"collection":[{"href":"https:\/\/www.barcelonesa.com\/fr\/wp-json\/wp\/v2\/posts"}],"about":[{"href":"https:\/\/www.barcelonesa.com\/fr\/wp-json\/wp\/v2\/types\/post"}],"author":[{"embeddable":true,"href":"https:\/\/www.barcelonesa.com\/fr\/wp-json\/wp\/v2\/users\/16"}],"replies":[{"embeddable":true,"href":"https:\/\/www.barcelonesa.com\/fr\/wp-json\/wp\/v2\/comments?post=39995"}],"version-history":[{"count":2,"href":"https:\/\/www.barcelonesa.com\/fr\/wp-json\/wp\/v2\/posts\/39995\/revisions"}],"predecessor-version":[{"id":40007,"href":"https:\/\/www.barcelonesa.com\/fr\/wp-json\/wp\/v2\/posts\/39995\/revisions\/40007"}],"wp:featuredmedia":[{"embeddable":true,"href":"https:\/\/www.barcelonesa.com\/fr\/wp-json\/wp\/v2\/media\/39987"}],"wp:attachment":[{"href":"https:\/\/www.barcelonesa.com\/fr\/wp-json\/wp\/v2\/media?parent=39995"}],"wp:term":[{"taxonomy":"category","embeddable":true,"href":"https:\/\/www.barcelonesa.com\/fr\/wp-json\/wp\/v2\/categories?post=39995"},{"taxonomy":"post_tag","embeddable":true,"href":"https:\/\/www.barcelonesa.com\/fr\/wp-json\/wp\/v2\/tags?post=39995"}],"curies":[{"name":"wp","href":"https:\/\/api.w.org\/{rel}","templated":true}]}}