{"id":18553,"date":"2021-06-28T17:05:00","date_gmt":"2021-06-28T15:05:00","guid":{"rendered":"https:\/\/www.barcelonesa.com\/apertura-de-nuestro-nuevo-centro-logistico-dedicado-al-sector-alimentario\/"},"modified":"2021-07-23T09:54:42","modified_gmt":"2021-07-23T07:54:42","slug":"abertura-do-nosso-novo-centro-logistico-dedicado-ao-sector-alimentar","status":"publish","type":"post","link":"https:\/\/www.barcelonesa.com\/pt-pt\/blog\/abertura-do-nosso-novo-centro-logistico-dedicado-ao-sector-alimentar\/","title":{"rendered":"Abertura do nosso novo centro log\u00edstico dedicado ao sector alimentar"},"content":{"rendered":"\n<p>No Grup Barcelonesa estamos sempre a melhorar para oferecer o servi\u00e7o mais completo aos nossos clientes.&nbsp;<\/p>\n\n\n\n<p>Desta vez, tudo est\u00e1 pronto&nbsp;<strong>para expandir as nossas instala\u00e7\u00f5es e optimizar os nossos servi\u00e7os<\/strong>&nbsp;com um novo centro log\u00edstico dedicado ao segmento alimentar da nossa empresa.&nbsp;<\/p>\n\n\n\n<p>Quer saber mais sobre estas novas instala\u00e7\u00f5es?<\/p>\n\n\n\n<p>Continue a ler porque temos a certeza de que estar\u00e1 interessado.<\/p>\n\n\n\n<h2 class=\"wp-block-heading\">REFOR\u00c7AR O NOSSO SERVI\u00c7O NO SEGMENTO ALIMENTAR<\/h2>\n\n\n\n<p>Como j\u00e1 sabe, no Grup Barcelonesa somos especializados na gest\u00e3o, distribui\u00e7\u00e3o e armazenamento de produtos qu\u00edmicos. Mas n\u00e3o nos dedicamos apenas a este tipo de produtos.&nbsp;<\/p>\n\n\n\n<p>Tamb\u00e9m operamos noutros sectores industriais como a constru\u00e7\u00e3o, pecu\u00e1ria, metalurgia&#8230; e alimenta\u00e7\u00e3o.<\/p>\n\n\n\n<p>Neste \u00faltimo sector, oferecemos um servi\u00e7o integral de distribui\u00e7\u00e3o, mistura, embalagem, rotulagem, armazenamento e transporte de todos os tipos de ingredientes e aditivos alimentares.<\/p>\n\n\n\n<p>Tudo isto sob a nossa marca &#8220;Barcelonesa Food Solutions&#8221;.&nbsp;<\/p>\n\n\n\n<p>Ao termos novas instala\u00e7\u00f5es, pretendemos faz\u00ea-lo:<\/p>\n\n\n\n<ul class=\"wp-block-list\"><li>Refor\u00e7ar o sector alimentar do Grup Barcelonesa.<\/li><li>Para expandir a nossa proposta de solu\u00e7\u00f5es para a ind\u00fastria alimentar.<\/li><li>Adaptar-se \u00e0s exig\u00eancias dos nossos clientes.<\/li><li>Para prestar um melhor servi\u00e7o.<\/li><\/ul>\n\n\n\n<p>Por tudo isto, durante este ano, vamos p\u00f4r em funcionamento um novo centro de log\u00edstica e produ\u00e7\u00e3o em Parets del Vall\u00e8s.<\/p>\n\n\n\n<h2 class=\"wp-block-heading\">O NOSSO ARMAZ\u00c9M LOG\u00cdSTICO EM PARETS DEL VALL\u00c8S<\/h2>\n\n\n\n<p>Este investimento recente surge como resultado do<strong>&nbsp;crescimento que temos experimentado<\/strong>&nbsp;no sector alimentar,&nbsp;<\/p>\n\n\n\n<p>Para vos dar uma ideia,&nbsp;<strong>estas s\u00e3o algumas das caracter\u00edsticas<\/strong>&nbsp;do que em breve ser\u00e1 a nossa nova planta alimentar:<\/p>\n\n\n\n<ul class=\"wp-block-list\"><li>Armaz\u00e9m log\u00edstico de nova constru\u00e7\u00e3o de 6.660 metros quadrados.<\/li><li>Estrutura de bet\u00e3o com telhado tipo sandu\u00edche.&nbsp;<\/li><li>Ser\u00e1 especializada para cobrir tudo relacionado com a log\u00edstica e manuseamento de aditivos e ingredientes alimentares.<\/li><li>Localizado no p\u00f3lo industrial do Sector Autopista.<\/li><li>5,685 m\u00b2 do espa\u00e7o ser\u00e3o utilizados para armazenamento.<\/li><li>975 m\u00b2 ser\u00e3o reservados para escrit\u00f3rios.<\/li><li>O estaleiro ter\u00e1 uma \u00e1rea de 5.000 m\u00b2.<\/li><\/ul>\n\n\n\n<p>As instala\u00e7\u00f5es est\u00e3o em fase de constru\u00e7\u00e3o, mas espera-se que estejam prontas a funcionar num futuro pr\u00f3ximo. Os procedimentos est\u00e3o no bom caminho e a nova plataforma \u00e9 quase uma realidade.&nbsp;<\/p>\n\n\n\n<h2 class=\"wp-block-heading\">UM LOCAL IDEAL PARA OPERAR EM TODO O TERRIT\u00d3RIO<\/h2>\n\n\n\n<p>Como puderam ver, as caracter\u00edsticas do armaz\u00e9m s\u00e3o perfeitas para alojar tudo o que est\u00e1 relacionado com a nossa actividade.&nbsp;<\/p>\n\n\n\n<p>Al\u00e9m disso, situa-se numa localiza\u00e7\u00e3o privilegiada: o p\u00f3lo industrial Sector Autopista, que \u00e9 uma zona especialmente reconhecida pelas suas boas liga\u00e7\u00f5es rodovi\u00e1rias e de transportes p\u00fablicos e est\u00e1 situado a 30 km do porto e aeroporto de Barcelona.<\/p>\n\n\n\n<p>A partir da\u00ed, \u00e9 poss\u00edvel deslocar-se rapidamente para a cidade de Barcelona e para a sua \u00e1rea metropolitana.&nbsp;<\/p>\n\n\n\n<p>Al\u00e9m disso, pode tamb\u00e9m ter&nbsp;<strong>acesso directo \u00e0 estrada C-17 e \u00e0 auto-estrada AP-7&nbsp;<\/strong>(a conhecida auto-estrada mediterr\u00e2nica que liga toda a costa mediterr\u00e2nica espanhola desde a fronteira com a Fran\u00e7a at\u00e9 Guadiaro, em C\u00e1dis).<\/p>\n\n\n\n<p>Tamb\u00e9m faz a liga\u00e7\u00e3o com v\u00e1rias linhas de autocarros interurbanos e com servi\u00e7os de comboios Renfe (especificamente com a linha R3).&nbsp;<\/p>\n\n\n\n<h2 class=\"wp-block-heading\">CRESCENDO GRA\u00c7AS \u00c0 CONFIAN\u00c7A DOS NOSSOS CLIENTES<\/h2>\n\n\n\n<p>No Grup Barcelonesa esfor\u00e7amo-nos por oferecer um servi\u00e7o de qualidade. E por isso, esperamos que o nosso centro esteja plenamente operacional para continuar a servi-lo nas melhores condi\u00e7\u00f5es.&nbsp;<\/p>\n\n\n\n<p>Esperamos que esta tend\u00eancia positiva continue a ser mantida para que possamos continuar a expandir o nosso cat\u00e1logo e optimizar os nossos servi\u00e7os.<\/p>\n\n\n\n<p>Tem algum neg\u00f3cio relacionado com o sector alimentar?<\/p>\n\n\n\n<p>As nossas novas instala\u00e7\u00f5es estar\u00e3o em breve prontas para lhe dar as boas-vindas. Entretanto, teremos todo o prazer em atender \u00e0s suas propostas e responder a quaisquer perguntas que possa ter.<\/p>\n\n\n\n<p>Para o fazer, por favor contacte-nos preenchendo o formul\u00e1rio abaixo.<\/p>\n","protected":false},"excerpt":{"rendered":"<p>No Grup Barcelonesa estamos sempre a melhorar para oferecer o servi\u00e7o mais completo aos nossos clientes.&nbsp; Desta vez, tudo est\u00e1 pronto&nbsp;para expandir as nossas instala\u00e7\u00f5es e optimizar os nossos servi\u00e7os&nbsp;com um novo centro log\u00edstico dedicado ao segmento alimentar da nossa empresa.&nbsp; Quer saber mais sobre estas novas instala\u00e7\u00f5es? Continue a ler porque temos a certeza [&hellip;]<\/p>\n","protected":false},"author":13,"featured_media":18547,"comment_status":"closed","ping_status":"open","sticky":false,"template":"","format":"standard","meta":{"_acf_changed":false,"site-sidebar-layout":"default","site-content-layout":"default","ast-site-content-layout":"","site-content-style":"default","site-sidebar-style":"default","ast-global-header-display":"","ast-banner-title-visibility":"","ast-main-header-display":"","ast-hfb-above-header-display":"","ast-hfb-below-header-display":"","ast-hfb-mobile-header-display":"","site-post-title":"","ast-breadcrumbs-content":"","ast-featured-img":"","footer-sml-layout":"","theme-transparent-header-meta":"default","adv-header-id-meta":"","stick-header-meta":"","header-above-stick-meta":"","header-main-stick-meta":"","header-below-stick-meta":"","astra-migrate-meta-layouts":"default","ast-page-background-enabled":"default","ast-page-background-meta":{"desktop":{"background-color":"var(--ast-global-color-4)","background-image":"","background-repeat":"repeat","background-position":"center center","background-size":"auto","background-attachment":"scroll","background-type":"","background-media":"","overlay-type":"","overlay-color":"","overlay-opacity":"","overlay-gradient":""},"tablet":{"background-color":"","background-image":"","background-repeat":"repeat","background-position":"center center","background-size":"auto","background-attachment":"scroll","background-type":"","background-media":"","overlay-type":"","overlay-color":"","overlay-opacity":"","overlay-gradient":""},"mobile":{"background-color":"","background-image":"","background-repeat":"repeat","background-position":"center center","background-size":"auto","background-attachment":"scroll","background-type":"","background-media":"","overlay-type":"","overlay-color":"","overlay-opacity":"","overlay-gradient":""}},"ast-content-background-meta":{"desktop":{"background-color":"var(--ast-global-color-5)","background-image":"","background-repeat":"repeat","background-position":"center center","background-size":"auto","background-attachment":"scroll","background-type":"","background-media":"","overlay-type":"","overlay-color":"","overlay-opacity":"","overlay-gradient":""},"tablet":{"background-color":"var(--ast-global-color-5)","background-image":"","background-repeat":"repeat","background-position":"center center","background-size":"auto","background-attachment":"scroll","background-type":"","background-media":"","overlay-type":"","overlay-color":"","overlay-opacity":"","overlay-gradient":""},"mobile":{"background-color":"var(--ast-global-color-5)","background-image":"","background-repeat":"repeat","background-position":"center center","background-size":"auto","background-attachment":"scroll","background-type":"","background-media":"","overlay-type":"","overlay-color":"","overlay-opacity":"","overlay-gradient":""}},"footnotes":""},"categories":[876],"tags":[],"class_list":["post-18553","post","type-post","status-publish","format-standard","has-post-thumbnail","hentry","category-alimentacao-humana"],"acf":[],"yoast_head":"<!-- This site is optimized with the Yoast SEO plugin v27.2 - https:\/\/yoast.com\/product\/yoast-seo-wordpress\/ -->\n<title>Abertura do nosso novo centro log\u00edstico dedicado ao sector alimentar - Barcelonesa<\/title>\n<meta name=\"description\" content=\"Expandimos as nossas instala\u00e7\u00f5es e optimiz\u00e1mos os nossos servi\u00e7os com um novo centro log\u00edstico dedicado ao segmento alimentar do nosso neg\u00f3cio.\" \/>\n<meta name=\"robots\" content=\"index, follow, max-snippet:-1, max-image-preview:large, max-video-preview:-1\" \/>\n<link rel=\"canonical\" href=\"https:\/\/www.barcelonesa.com\/pt-pt\/blog\/abertura-do-nosso-novo-centro-logistico-dedicado-ao-sector-alimentar\/\" \/>\n<meta property=\"og:locale\" content=\"pt_PT\" \/>\n<meta property=\"og:type\" content=\"article\" \/>\n<meta property=\"og:title\" content=\"Abertura do nosso novo centro log\u00edstico dedicado ao sector alimentar - Barcelonesa\" \/>\n<meta property=\"og:description\" content=\"Expandimos as nossas instala\u00e7\u00f5es e optimiz\u00e1mos os nossos servi\u00e7os com um novo centro log\u00edstico dedicado ao segmento alimentar do nosso neg\u00f3cio.\" \/>\n<meta property=\"og:url\" content=\"https:\/\/www.barcelonesa.com\/pt-pt\/blog\/abertura-do-nosso-novo-centro-logistico-dedicado-ao-sector-alimentar\/\" \/>\n<meta property=\"og:site_name\" content=\"Barcelonesa\" \/>\n<meta property=\"article:published_time\" content=\"2021-06-28T15:05:00+00:00\" \/>\n<meta property=\"article:modified_time\" content=\"2021-07-23T07:54:42+00:00\" \/>\n<meta property=\"og:image\" content=\"https:\/\/www.barcelonesa.com\/wp-content\/uploads\/2021\/06\/apertura-nuevo-centro-logistico-alimentario.jpg\" \/>\n\t<meta property=\"og:image:width\" content=\"1600\" \/>\n\t<meta property=\"og:image:height\" content=\"760\" \/>\n\t<meta property=\"og:image:type\" content=\"image\/jpeg\" \/>\n<meta name=\"author\" content=\"Jaume Casas\" \/>\n<meta name=\"twitter:card\" content=\"summary_large_image\" \/>\n<meta name=\"twitter:label1\" content=\"Escrito por\" \/>\n\t<meta name=\"twitter:data1\" content=\"Jaume Casas\" \/>\n\t<meta name=\"twitter:label2\" content=\"Tempo estimado de leitura\" \/>\n\t<meta name=\"twitter:data2\" content=\"3 minutos\" \/>\n<script type=\"application\/ld+json\" class=\"yoast-schema-graph\">{\"@context\":\"https:\/\/schema.org\",\"@graph\":[{\"@type\":\"Article\",\"@id\":\"https:\/\/www.barcelonesa.com\/pt-pt\/blog\/abertura-do-nosso-novo-centro-logistico-dedicado-ao-sector-alimentar\/#article\",\"isPartOf\":{\"@id\":\"https:\/\/www.barcelonesa.com\/pt-pt\/blog\/abertura-do-nosso-novo-centro-logistico-dedicado-ao-sector-alimentar\/\"},\"author\":{\"name\":\"Jaume Casas\",\"@id\":\"https:\/\/www.barcelonesa.com\/pt-pt\/#\/schema\/person\/a178cf2e65a40b80b33f3b5844529840\"},\"headline\":\"Abertura do nosso novo centro log\u00edstico dedicado ao sector alimentar\",\"datePublished\":\"2021-06-28T15:05:00+00:00\",\"dateModified\":\"2021-07-23T07:54:42+00:00\",\"mainEntityOfPage\":{\"@id\":\"https:\/\/www.barcelonesa.com\/pt-pt\/blog\/abertura-do-nosso-novo-centro-logistico-dedicado-ao-sector-alimentar\/\"},\"wordCount\":678,\"publisher\":{\"@id\":\"https:\/\/www.barcelonesa.com\/pt-pt\/#organization\"},\"image\":{\"@id\":\"https:\/\/www.barcelonesa.com\/pt-pt\/blog\/abertura-do-nosso-novo-centro-logistico-dedicado-ao-sector-alimentar\/#primaryimage\"},\"thumbnailUrl\":\"https:\/\/www.barcelonesa.com\/wp-content\/uploads\/2021\/06\/apertura-nuevo-centro-logistico-alimentario.jpg\",\"articleSection\":[\"Alimenta\u00e7\u00e3o humana\"],\"inLanguage\":\"pt-PT\"},{\"@type\":\"WebPage\",\"@id\":\"https:\/\/www.barcelonesa.com\/pt-pt\/blog\/abertura-do-nosso-novo-centro-logistico-dedicado-ao-sector-alimentar\/\",\"url\":\"https:\/\/www.barcelonesa.com\/pt-pt\/blog\/abertura-do-nosso-novo-centro-logistico-dedicado-ao-sector-alimentar\/\",\"name\":\"Abertura do nosso novo centro log\u00edstico dedicado ao sector alimentar - Barcelonesa\",\"isPartOf\":{\"@id\":\"https:\/\/www.barcelonesa.com\/pt-pt\/#website\"},\"primaryImageOfPage\":{\"@id\":\"https:\/\/www.barcelonesa.com\/pt-pt\/blog\/abertura-do-nosso-novo-centro-logistico-dedicado-ao-sector-alimentar\/#primaryimage\"},\"image\":{\"@id\":\"https:\/\/www.barcelonesa.com\/pt-pt\/blog\/abertura-do-nosso-novo-centro-logistico-dedicado-ao-sector-alimentar\/#primaryimage\"},\"thumbnailUrl\":\"https:\/\/www.barcelonesa.com\/wp-content\/uploads\/2021\/06\/apertura-nuevo-centro-logistico-alimentario.jpg\",\"datePublished\":\"2021-06-28T15:05:00+00:00\",\"dateModified\":\"2021-07-23T07:54:42+00:00\",\"description\":\"Expandimos as nossas instala\u00e7\u00f5es e optimiz\u00e1mos os nossos servi\u00e7os com um novo centro log\u00edstico dedicado ao segmento alimentar do nosso neg\u00f3cio.\",\"breadcrumb\":{\"@id\":\"https:\/\/www.barcelonesa.com\/pt-pt\/blog\/abertura-do-nosso-novo-centro-logistico-dedicado-ao-sector-alimentar\/#breadcrumb\"},\"inLanguage\":\"pt-PT\",\"potentialAction\":[{\"@type\":\"ReadAction\",\"target\":[\"https:\/\/www.barcelonesa.com\/pt-pt\/blog\/abertura-do-nosso-novo-centro-logistico-dedicado-ao-sector-alimentar\/\"]}]},{\"@type\":\"ImageObject\",\"inLanguage\":\"pt-PT\",\"@id\":\"https:\/\/www.barcelonesa.com\/pt-pt\/blog\/abertura-do-nosso-novo-centro-logistico-dedicado-ao-sector-alimentar\/#primaryimage\",\"url\":\"https:\/\/www.barcelonesa.com\/wp-content\/uploads\/2021\/06\/apertura-nuevo-centro-logistico-alimentario.jpg\",\"contentUrl\":\"https:\/\/www.barcelonesa.com\/wp-content\/uploads\/2021\/06\/apertura-nuevo-centro-logistico-alimentario.jpg\",\"width\":1600,\"height\":760},{\"@type\":\"BreadcrumbList\",\"@id\":\"https:\/\/www.barcelonesa.com\/pt-pt\/blog\/abertura-do-nosso-novo-centro-logistico-dedicado-ao-sector-alimentar\/#breadcrumb\",\"itemListElement\":[{\"@type\":\"ListItem\",\"position\":1,\"name\":\"Home\",\"item\":\"https:\/\/www.barcelonesa.com\/pt-pt\/\"},{\"@type\":\"ListItem\",\"position\":2,\"name\":\"Abertura do nosso novo centro log\u00edstico dedicado ao sector alimentar\"}]},{\"@type\":\"WebSite\",\"@id\":\"https:\/\/www.barcelonesa.com\/pt-pt\/#website\",\"url\":\"https:\/\/www.barcelonesa.com\/pt-pt\/\",\"name\":\"Barcelonesa\",\"description\":\"Tu partner global de productos y especialidades qu\u00edmicas, est\u00e9s donde est\u00e9s.\",\"publisher\":{\"@id\":\"https:\/\/www.barcelonesa.com\/pt-pt\/#organization\"},\"potentialAction\":[{\"@type\":\"SearchAction\",\"target\":{\"@type\":\"EntryPoint\",\"urlTemplate\":\"https:\/\/www.barcelonesa.com\/pt-pt\/?s={search_term_string}\"},\"query-input\":{\"@type\":\"PropertyValueSpecification\",\"valueRequired\":true,\"valueName\":\"search_term_string\"}}],\"inLanguage\":\"pt-PT\"},{\"@type\":\"Organization\",\"@id\":\"https:\/\/www.barcelonesa.com\/pt-pt\/#organization\",\"name\":\"Barcelonesa\",\"url\":\"https:\/\/www.barcelonesa.com\/pt-pt\/\",\"logo\":{\"@type\":\"ImageObject\",\"inLanguage\":\"pt-PT\",\"@id\":\"https:\/\/www.barcelonesa.com\/pt-pt\/#\/schema\/logo\/image\/\",\"url\":\"https:\/\/www.barcelonesa.com\/wp-content\/uploads\/2023\/09\/logo_header.svg\",\"contentUrl\":\"https:\/\/www.barcelonesa.com\/wp-content\/uploads\/2023\/09\/logo_header.svg\",\"width\":230,\"height\":44,\"caption\":\"Barcelonesa\"},\"image\":{\"@id\":\"https:\/\/www.barcelonesa.com\/pt-pt\/#\/schema\/logo\/image\/\"},\"sameAs\":[\"https:\/\/www.linkedin.com\/company\/barcelonesa-chemicals\"]},{\"@type\":\"Person\",\"@id\":\"https:\/\/www.barcelonesa.com\/pt-pt\/#\/schema\/person\/a178cf2e65a40b80b33f3b5844529840\",\"name\":\"Jaume Casas\",\"image\":{\"@type\":\"ImageObject\",\"inLanguage\":\"pt-PT\",\"@id\":\"https:\/\/www.barcelonesa.com\/wp-content\/uploads\/2021\/05\/jaume-casas-96x96.jpg\",\"url\":\"https:\/\/www.barcelonesa.com\/wp-content\/uploads\/2021\/05\/jaume-casas-96x96.jpg\",\"contentUrl\":\"https:\/\/www.barcelonesa.com\/wp-content\/uploads\/2021\/05\/jaume-casas-96x96.jpg\",\"caption\":\"Jaume Casas\"},\"sameAs\":[\"http:\/\/www.grupbarcelonesa.com\/es\/nutricion-humana\"],\"url\":\"https:\/\/www.barcelonesa.com\/pt-pt\/author\/jaume-casas\/\"}]}<\/script>\n<!-- \/ Yoast SEO plugin. -->","yoast_head_json":{"title":"Abertura do nosso novo centro log\u00edstico dedicado ao sector alimentar - Barcelonesa","description":"Expandimos as nossas instala\u00e7\u00f5es e optimiz\u00e1mos os nossos servi\u00e7os com um novo centro log\u00edstico dedicado ao segmento alimentar do nosso neg\u00f3cio.","robots":{"index":"index","follow":"follow","max-snippet":"max-snippet:-1","max-image-preview":"max-image-preview:large","max-video-preview":"max-video-preview:-1"},"canonical":"https:\/\/www.barcelonesa.com\/pt-pt\/blog\/abertura-do-nosso-novo-centro-logistico-dedicado-ao-sector-alimentar\/","og_locale":"pt_PT","og_type":"article","og_title":"Abertura do nosso novo centro log\u00edstico dedicado ao sector alimentar - Barcelonesa","og_description":"Expandimos as nossas instala\u00e7\u00f5es e optimiz\u00e1mos os nossos servi\u00e7os com um novo centro log\u00edstico dedicado ao segmento alimentar do nosso neg\u00f3cio.","og_url":"https:\/\/www.barcelonesa.com\/pt-pt\/blog\/abertura-do-nosso-novo-centro-logistico-dedicado-ao-sector-alimentar\/","og_site_name":"Barcelonesa","article_published_time":"2021-06-28T15:05:00+00:00","article_modified_time":"2021-07-23T07:54:42+00:00","og_image":[{"width":1600,"height":760,"url":"https:\/\/www.barcelonesa.com\/wp-content\/uploads\/2021\/06\/apertura-nuevo-centro-logistico-alimentario.jpg","type":"image\/jpeg"}],"author":"Jaume Casas","twitter_card":"summary_large_image","twitter_misc":{"Escrito por":"Jaume Casas","Tempo estimado de leitura":"3 minutos"},"schema":{"@context":"https:\/\/schema.org","@graph":[{"@type":"Article","@id":"https:\/\/www.barcelonesa.com\/pt-pt\/blog\/abertura-do-nosso-novo-centro-logistico-dedicado-ao-sector-alimentar\/#article","isPartOf":{"@id":"https:\/\/www.barcelonesa.com\/pt-pt\/blog\/abertura-do-nosso-novo-centro-logistico-dedicado-ao-sector-alimentar\/"},"author":{"name":"Jaume Casas","@id":"https:\/\/www.barcelonesa.com\/pt-pt\/#\/schema\/person\/a178cf2e65a40b80b33f3b5844529840"},"headline":"Abertura do nosso novo centro log\u00edstico dedicado ao sector alimentar","datePublished":"2021-06-28T15:05:00+00:00","dateModified":"2021-07-23T07:54:42+00:00","mainEntityOfPage":{"@id":"https:\/\/www.barcelonesa.com\/pt-pt\/blog\/abertura-do-nosso-novo-centro-logistico-dedicado-ao-sector-alimentar\/"},"wordCount":678,"publisher":{"@id":"https:\/\/www.barcelonesa.com\/pt-pt\/#organization"},"image":{"@id":"https:\/\/www.barcelonesa.com\/pt-pt\/blog\/abertura-do-nosso-novo-centro-logistico-dedicado-ao-sector-alimentar\/#primaryimage"},"thumbnailUrl":"https:\/\/www.barcelonesa.com\/wp-content\/uploads\/2021\/06\/apertura-nuevo-centro-logistico-alimentario.jpg","articleSection":["Alimenta\u00e7\u00e3o humana"],"inLanguage":"pt-PT"},{"@type":"WebPage","@id":"https:\/\/www.barcelonesa.com\/pt-pt\/blog\/abertura-do-nosso-novo-centro-logistico-dedicado-ao-sector-alimentar\/","url":"https:\/\/www.barcelonesa.com\/pt-pt\/blog\/abertura-do-nosso-novo-centro-logistico-dedicado-ao-sector-alimentar\/","name":"Abertura do nosso novo centro log\u00edstico dedicado ao sector alimentar - Barcelonesa","isPartOf":{"@id":"https:\/\/www.barcelonesa.com\/pt-pt\/#website"},"primaryImageOfPage":{"@id":"https:\/\/www.barcelonesa.com\/pt-pt\/blog\/abertura-do-nosso-novo-centro-logistico-dedicado-ao-sector-alimentar\/#primaryimage"},"image":{"@id":"https:\/\/www.barcelonesa.com\/pt-pt\/blog\/abertura-do-nosso-novo-centro-logistico-dedicado-ao-sector-alimentar\/#primaryimage"},"thumbnailUrl":"https:\/\/www.barcelonesa.com\/wp-content\/uploads\/2021\/06\/apertura-nuevo-centro-logistico-alimentario.jpg","datePublished":"2021-06-28T15:05:00+00:00","dateModified":"2021-07-23T07:54:42+00:00","description":"Expandimos as nossas instala\u00e7\u00f5es e optimiz\u00e1mos os nossos servi\u00e7os com um novo centro log\u00edstico dedicado ao segmento alimentar do nosso neg\u00f3cio.","breadcrumb":{"@id":"https:\/\/www.barcelonesa.com\/pt-pt\/blog\/abertura-do-nosso-novo-centro-logistico-dedicado-ao-sector-alimentar\/#breadcrumb"},"inLanguage":"pt-PT","potentialAction":[{"@type":"ReadAction","target":["https:\/\/www.barcelonesa.com\/pt-pt\/blog\/abertura-do-nosso-novo-centro-logistico-dedicado-ao-sector-alimentar\/"]}]},{"@type":"ImageObject","inLanguage":"pt-PT","@id":"https:\/\/www.barcelonesa.com\/pt-pt\/blog\/abertura-do-nosso-novo-centro-logistico-dedicado-ao-sector-alimentar\/#primaryimage","url":"https:\/\/www.barcelonesa.com\/wp-content\/uploads\/2021\/06\/apertura-nuevo-centro-logistico-alimentario.jpg","contentUrl":"https:\/\/www.barcelonesa.com\/wp-content\/uploads\/2021\/06\/apertura-nuevo-centro-logistico-alimentario.jpg","width":1600,"height":760},{"@type":"BreadcrumbList","@id":"https:\/\/www.barcelonesa.com\/pt-pt\/blog\/abertura-do-nosso-novo-centro-logistico-dedicado-ao-sector-alimentar\/#breadcrumb","itemListElement":[{"@type":"ListItem","position":1,"name":"Home","item":"https:\/\/www.barcelonesa.com\/pt-pt\/"},{"@type":"ListItem","position":2,"name":"Abertura do nosso novo centro log\u00edstico dedicado ao sector alimentar"}]},{"@type":"WebSite","@id":"https:\/\/www.barcelonesa.com\/pt-pt\/#website","url":"https:\/\/www.barcelonesa.com\/pt-pt\/","name":"Barcelonesa","description":"Tu partner global de productos y especialidades qu\u00edmicas, est\u00e9s donde est\u00e9s.","publisher":{"@id":"https:\/\/www.barcelonesa.com\/pt-pt\/#organization"},"potentialAction":[{"@type":"SearchAction","target":{"@type":"EntryPoint","urlTemplate":"https:\/\/www.barcelonesa.com\/pt-pt\/?s={search_term_string}"},"query-input":{"@type":"PropertyValueSpecification","valueRequired":true,"valueName":"search_term_string"}}],"inLanguage":"pt-PT"},{"@type":"Organization","@id":"https:\/\/www.barcelonesa.com\/pt-pt\/#organization","name":"Barcelonesa","url":"https:\/\/www.barcelonesa.com\/pt-pt\/","logo":{"@type":"ImageObject","inLanguage":"pt-PT","@id":"https:\/\/www.barcelonesa.com\/pt-pt\/#\/schema\/logo\/image\/","url":"https:\/\/www.barcelonesa.com\/wp-content\/uploads\/2023\/09\/logo_header.svg","contentUrl":"https:\/\/www.barcelonesa.com\/wp-content\/uploads\/2023\/09\/logo_header.svg","width":230,"height":44,"caption":"Barcelonesa"},"image":{"@id":"https:\/\/www.barcelonesa.com\/pt-pt\/#\/schema\/logo\/image\/"},"sameAs":["https:\/\/www.linkedin.com\/company\/barcelonesa-chemicals"]},{"@type":"Person","@id":"https:\/\/www.barcelonesa.com\/pt-pt\/#\/schema\/person\/a178cf2e65a40b80b33f3b5844529840","name":"Jaume Casas","image":{"@type":"ImageObject","inLanguage":"pt-PT","@id":"https:\/\/www.barcelonesa.com\/wp-content\/uploads\/2021\/05\/jaume-casas-96x96.jpg","url":"https:\/\/www.barcelonesa.com\/wp-content\/uploads\/2021\/05\/jaume-casas-96x96.jpg","contentUrl":"https:\/\/www.barcelonesa.com\/wp-content\/uploads\/2021\/05\/jaume-casas-96x96.jpg","caption":"Jaume Casas"},"sameAs":["http:\/\/www.grupbarcelonesa.com\/es\/nutricion-humana"],"url":"https:\/\/www.barcelonesa.com\/pt-pt\/author\/jaume-casas\/"}]}},"_links":{"self":[{"href":"https:\/\/www.barcelonesa.com\/pt-pt\/wp-json\/wp\/v2\/posts\/18553","targetHints":{"allow":["GET"]}}],"collection":[{"href":"https:\/\/www.barcelonesa.com\/pt-pt\/wp-json\/wp\/v2\/posts"}],"about":[{"href":"https:\/\/www.barcelonesa.com\/pt-pt\/wp-json\/wp\/v2\/types\/post"}],"author":[{"embeddable":true,"href":"https:\/\/www.barcelonesa.com\/pt-pt\/wp-json\/wp\/v2\/users\/13"}],"replies":[{"embeddable":true,"href":"https:\/\/www.barcelonesa.com\/pt-pt\/wp-json\/wp\/v2\/comments?post=18553"}],"version-history":[{"count":1,"href":"https:\/\/www.barcelonesa.com\/pt-pt\/wp-json\/wp\/v2\/posts\/18553\/revisions"}],"predecessor-version":[{"id":18554,"href":"https:\/\/www.barcelonesa.com\/pt-pt\/wp-json\/wp\/v2\/posts\/18553\/revisions\/18554"}],"wp:featuredmedia":[{"embeddable":true,"href":"https:\/\/www.barcelonesa.com\/pt-pt\/wp-json\/wp\/v2\/media\/18547"}],"wp:attachment":[{"href":"https:\/\/www.barcelonesa.com\/pt-pt\/wp-json\/wp\/v2\/media?parent=18553"}],"wp:term":[{"taxonomy":"category","embeddable":true,"href":"https:\/\/www.barcelonesa.com\/pt-pt\/wp-json\/wp\/v2\/categories?post=18553"},{"taxonomy":"post_tag","embeddable":true,"href":"https:\/\/www.barcelonesa.com\/pt-pt\/wp-json\/wp\/v2\/tags?post=18553"}],"curies":[{"name":"wp","href":"https:\/\/api.w.org\/{rel}","templated":true}]}}