{"id":30330,"date":"2022-05-11T11:32:57","date_gmt":"2022-05-11T09:32:57","guid":{"rendered":"https:\/\/www.barcelonesa.com\/?p=30330"},"modified":"2022-10-07T09:50:29","modified_gmt":"2022-10-07T07:50:29","slug":"a-equipa-de-barcelonesa-portugal","status":"publish","type":"post","link":"https:\/\/www.barcelonesa.com\/pt-pt\/blog\/a-equipa-de-barcelonesa-portugal\/","title":{"rendered":"A equipa de Barcelonesa Portugal"},"content":{"rendered":"<p>A ind\u00fastria qu\u00edmica portuguesa tem prosperado nos \u00faltimos anos.<\/p>\n<p>Ao mesmo tempo que a economia tem vindo a recuperar, tem mostrado uma grande tend\u00eancia para a exporta\u00e7\u00e3o de produtos qu\u00edmicos.<\/p>\n<p>Gra\u00e7as a esta din\u00e2mica ascendente, a Barcelonesa assumiu um compromisso estrat\u00e9gico com a \u00e1rea de Portugal e Galiza e conta com uma equipa que opera principalmente nesta zona.<\/p>\n<p>Quer saber mais sobre a nossa estrat\u00e9gia em Portugal?<\/p>\n<p>Bem, continuem a ler, porque neste post vos contamos mais sobre a nossa equipa de Barcelonesa Portugal.<\/p>\n<h2><strong>Colocamo-lo no contexto: o in\u00edcio da Barcelonesa em Portugal<\/strong><\/h2>\n<p>O Grup Barcelonesa <strong>iniciou a sua atividade em Portugal em 2011.<\/strong><\/p>\n<p>Durante a sua etapa de crescimento e consolida\u00e7\u00e3o a decis\u00e3o an\u00edvel comercial foi unir Portugal \u00e0 comunidade aut\u00f3noma da Galiza, chamando a esta zona PTGAL.<\/p>\n<p>A raz\u00e3o da realiza\u00e7\u00e3o desta uni\u00e3o era uma quest\u00e3o estrat\u00e9gica:<\/p>\n<p>As ind\u00fastrias nestas duas regi\u00f5es t\u00eam estado ligadas h\u00e1 anos.<\/p>\n<ul>\n<li>Partilham tamb\u00e9m grande parte da mesma legisla\u00e7\u00e3o, uma vez que ambas as \u00e1reas pertencem \u00e0 Uni\u00e3o Europeia.<\/li>\n<li>Esta uni\u00e3o permite-nos operar de forma mais uniforme e oferecer um servi\u00e7o log\u00edstico e comercial adequado.<\/li>\n<li>Temos o nosso pr\u00f3prio armaz\u00e9m estrategicamente localizado no Porto &#8211; Santo Tirso, a meio caminho entre Corunha e Set\u00fabal (em Portugal). Gra\u00e7as a isto, podemos oferecer um melhor servi\u00e7o aos nossos clientes aproveitando toda a rede vi\u00e1ria e o Porto de Leix\u00f5es<\/li>\n<\/ul>\n<p>Esta zona conjunta \u00e9 constitu\u00edda por um mercado de 13 milh\u00f5es de pessoas numa \u00e1rea de 120.000 km\u00b2, o que corresponde a aproximadamente 20% da Pen\u00ednsula Ib\u00e9rica.<\/p>\n<p>Por todas estas raz\u00f5es, temos um plano de a\u00e7\u00e3o que visa o crescimento da nossa filial em Portugal, com grandes perspetivas para o futuro.<\/p>\n<p>Vamos agora contar-vos mais sobre a nossa equipa por detr\u00e1s de Barcelonesa PTGAL.<\/p>\n<h2><strong>A filial portuguesa da Barcelonesa<\/strong><\/h2>\n<p>Na Barcelonesa oferecemos um grande apoio \u00e0 nossa equipa em Portugal.<\/p>\n<p>E para assegurar o bom funcionamento da filial portuguesa, estas s\u00e3o as a\u00e7\u00f5es que lev\u00e1mos a cabo pela nossa empresa:<\/p>\n<ul>\n<li><strong>Proximidade gra\u00e7as a uma equipa localizada no local:<\/strong> temos uma grande parte da nossa equipa tanto em Portugal como na Galiza. Isto permite-nos oferecer um melhor servi\u00e7o e ter a capacidade de responder a qualquer problema que surja no local e no momento. Al\u00e9m disso, esta equipa ter\u00e1 uma melhor compreens\u00e3o da \u00e1rea e de todas as suas particularidades, uma vez que trabalham no terreno.<\/li>\n<li><strong>Apoio da equipa externa:<\/strong> temos outros colaboradores que, embora n\u00e3o se encontrem no local, viajam para para a zona sempre que \u00e9 importante ou necess\u00e1rio.<\/li>\n<li><strong>Uma equipa de especialistas:<\/strong> a nossa equipa inclui especialistas em cada setor espec\u00edfico.<\/li>\n<li><strong>Aplicamos o nosso pr\u00f3prio know-how:<\/strong> ao termos especialistas que cobrem diferentes setores, temos conhecimento que, quando aplicado de forma pr\u00e1tica, conduz ao sucesso dentro da empresa.<\/li>\n<li><strong>Uma equipa de mais de 300 pessoas<\/strong>: incluindo especialistas em produtos (Product managers), uma equipa de QSHE (Qualidade, Seguran\u00e7a, Sa\u00fade e Ambiente) e uma equipa <strong>de vendas, entre outras.<\/strong><\/li>\n<\/ul>\n<p>Em resumo, na Barcelonesa constru\u00edmos uma equipa dedicada e eficiente que est\u00e1 pronta a aproveitar todas as oportunidades que possam surgir em Portugal.<\/p>\n<h2><strong>O lado mais humano da nossa filial<\/strong><\/h2>\n<p>Mas vamos explorar um pouco mais a fundo.<\/p>\n<p>Porque por tr\u00e1s da nossa equipa h\u00e1 nomes e caras. E queremos apresent\u00e1-los juntamente com as suas fun\u00e7\u00f5es na zona PTGAL de Barcelonesa e as suas respetivas especialidades.<\/p>\n<p><img fetchpriority=\"high\" decoding=\"async\" class=\"alignnone wp-image-32071 size-full\" src=\"https:\/\/www.barcelonesa.com\/wp-content\/uploads\/2022\/05\/equipo-pt-gal.png\" alt=\"\" width=\"1024\" height=\"576\" srcset=\"https:\/\/www.barcelonesa.com\/wp-content\/uploads\/2022\/05\/equipo-pt-gal.png 1024w, https:\/\/www.barcelonesa.com\/wp-content\/uploads\/2022\/05\/equipo-pt-gal-300x169.png 300w, https:\/\/www.barcelonesa.com\/wp-content\/uploads\/2022\/05\/equipo-pt-gal-768x432.png 768w\" sizes=\"(max-width: 1024px) 100vw, 1024px\" \/><\/p>\n<ul>\n<li><strong>Country\u00a0 Manager Portugal:<\/strong> <em>Pedro Alves.<\/em><\/li>\n<li><strong>Especialista de Vendas Portugal e Galiza<em>:<\/em><\/strong> <em>Ricardo Fonseca.<\/em><\/li>\n<li><strong>Back Office Portugal e Galiza:<\/strong> <em>Nicole Mogendorff.<\/em><\/li>\n<li><strong>Especialista de Vendas Portugal e Galiza:<\/strong> <em>Manuela Martins.<\/em><\/li>\n<li><em><strong>Gestor de clientes Galiza (Tratamento de superf\u00edcie BUM)<\/strong>:<\/em> <em>Albert Garc\u00eda.<\/em><\/li>\n<li><strong>Gestora de clientes Galiza (Food Specialist):<\/strong> <em>Laia Muns.<\/em><\/li>\n<li><strong>Gestora de clientes Portugal e Galiza <em>(BDM Polyurethanes): <\/em><\/strong><em>M\u00f3nica Fabra.<\/em><\/li>\n<li><strong>Gestor de clientes Portugal e Galiza:<\/strong><em> Javier Ontoso.<\/em><\/li>\n<li><strong>Gestor de clientes Portugal e Galiza (Feed Specialist):<\/strong> <em>Joan Plana.<\/em><\/li>\n<li><strong>Gestor de clientes Portugal e Galiza (Water Treatment):<\/strong> <em>Jordi Vaquero.<\/em><\/li>\n<\/ul>\n<p>Como podem ver, temos uma equipa variada, pronta para levar Barcelonesa a uma posi\u00e7\u00e3o not\u00e1vel no mercado qu\u00edmico portugu\u00eas.<\/p>\n<h2><strong>Barcelonesa em Portugal: uma das nossas grandes apostas<\/strong><\/h2>\n<p>\u00c9 evidente que operar na zona PTGAL \u00e9 um dos maiores compromissos do nosso grupo.<\/p>\n<p>Acreditamos que esta zona oferece grandes possibilidades de crescimento, com base numa economia est\u00e1vel e muitas op\u00e7\u00f5es para a exporta\u00e7\u00e3o de produtos. Al\u00e9m disso, a zona PTGAL <strong>representa cerca de 7% do volume de neg\u00f3cios<\/strong> da Barcelonesa.<\/p>\n<p>E o nosso objetivo \u00e9 atingir 10% dentro de tr\u00eas anos.<\/p>\n<p>\u00c9, portanto, uma estrat\u00e9gia que estamos a ter em conta para impulsionar tanto os mercados tradicionais como os emergentes (energia, bioqu\u00edmica, ambiente, etc.). E, para isso, temos planos de a\u00e7\u00e3o espec\u00edficos.<\/p>\n<p>Se desejar saber mais sobre Barcelonesa ou sobre os nossos produtos e servi\u00e7os em PTGAL, encorajamo-lo a contactar-nos.<\/p>\n<p>Teremos todo o prazer em responder \u00e0s suas perguntas.<\/p>\n","protected":false},"excerpt":{"rendered":"<p>A ind\u00fastria qu\u00edmica portuguesa tem prosperado nos \u00faltimos anos. Ao mesmo tempo que a economia tem vindo a recuperar, tem mostrado uma grande tend\u00eancia para a exporta\u00e7\u00e3o de produtos qu\u00edmicos. Gra\u00e7as a esta din\u00e2mica ascendente, a Barcelonesa assumiu um compromisso estrat\u00e9gico com a \u00e1rea de Portugal e Galiza e conta com uma equipa que opera [&hellip;]<\/p>\n","protected":false},"author":16,"featured_media":30341,"comment_status":"closed","ping_status":"open","sticky":false,"template":"","format":"standard","meta":{"_acf_changed":false,"site-sidebar-layout":"default","site-content-layout":"default","ast-site-content-layout":"","site-content-style":"default","site-sidebar-style":"default","ast-global-header-display":"","ast-banner-title-visibility":"","ast-main-header-display":"","ast-hfb-above-header-display":"","ast-hfb-below-header-display":"","ast-hfb-mobile-header-display":"","site-post-title":"","ast-breadcrumbs-content":"","ast-featured-img":"","footer-sml-layout":"","theme-transparent-header-meta":"default","adv-header-id-meta":"","stick-header-meta":"","header-above-stick-meta":"","header-main-stick-meta":"","header-below-stick-meta":"","astra-migrate-meta-layouts":"default","ast-page-background-enabled":"default","ast-page-background-meta":{"desktop":{"background-color":"var(--ast-global-color-4)","background-image":"","background-repeat":"repeat","background-position":"center center","background-size":"auto","background-attachment":"scroll","background-type":"","background-media":"","overlay-type":"","overlay-color":"","overlay-opacity":"","overlay-gradient":""},"tablet":{"background-color":"","background-image":"","background-repeat":"repeat","background-position":"center center","background-size":"auto","background-attachment":"scroll","background-type":"","background-media":"","overlay-type":"","overlay-color":"","overlay-opacity":"","overlay-gradient":""},"mobile":{"background-color":"","background-image":"","background-repeat":"repeat","background-position":"center center","background-size":"auto","background-attachment":"scroll","background-type":"","background-media":"","overlay-type":"","overlay-color":"","overlay-opacity":"","overlay-gradient":""}},"ast-content-background-meta":{"desktop":{"background-color":"var(--ast-global-color-5)","background-image":"","background-repeat":"repeat","background-position":"center center","background-size":"auto","background-attachment":"scroll","background-type":"","background-media":"","overlay-type":"","overlay-color":"","overlay-opacity":"","overlay-gradient":""},"tablet":{"background-color":"var(--ast-global-color-5)","background-image":"","background-repeat":"repeat","background-position":"center center","background-size":"auto","background-attachment":"scroll","background-type":"","background-media":"","overlay-type":"","overlay-color":"","overlay-opacity":"","overlay-gradient":""},"mobile":{"background-color":"var(--ast-global-color-5)","background-image":"","background-repeat":"repeat","background-position":"center center","background-size":"auto","background-attachment":"scroll","background-type":"","background-media":"","overlay-type":"","overlay-color":"","overlay-opacity":"","overlay-gradient":""}},"footnotes":""},"categories":[886],"tags":[],"class_list":["post-30330","post","type-post","status-publish","format-standard","has-post-thumbnail","hentry","category-grup-barcelonesa"],"acf":[],"yoast_head":"<!-- This site is optimized with the Yoast SEO plugin v27.2 - https:\/\/yoast.com\/product\/yoast-seo-wordpress\/ -->\n<title>A equipa de Barcelonesa Portugal - Barcelonesa<\/title>\n<meta name=\"robots\" content=\"index, follow, max-snippet:-1, max-image-preview:large, max-video-preview:-1\" \/>\n<link rel=\"canonical\" href=\"https:\/\/www.barcelonesa.com\/pt-pt\/blog\/a-equipa-de-barcelonesa-portugal\/\" \/>\n<meta property=\"og:locale\" content=\"pt_PT\" \/>\n<meta property=\"og:type\" content=\"article\" \/>\n<meta property=\"og:title\" content=\"A equipa de Barcelonesa Portugal - Barcelonesa\" \/>\n<meta property=\"og:description\" content=\"A ind\u00fastria qu\u00edmica portuguesa tem prosperado nos \u00faltimos anos. Ao mesmo tempo que a economia tem vindo a recuperar, tem mostrado uma grande tend\u00eancia para a exporta\u00e7\u00e3o de produtos qu\u00edmicos. Gra\u00e7as a esta din\u00e2mica ascendente, a Barcelonesa assumiu um compromisso estrat\u00e9gico com a \u00e1rea de Portugal e Galiza e conta com uma equipa que opera [&hellip;]\" \/>\n<meta property=\"og:url\" content=\"https:\/\/www.barcelonesa.com\/pt-pt\/blog\/a-equipa-de-barcelonesa-portugal\/\" \/>\n<meta property=\"og:site_name\" content=\"Barcelonesa\" \/>\n<meta property=\"article:published_time\" content=\"2022-05-11T09:32:57+00:00\" \/>\n<meta property=\"article:modified_time\" content=\"2022-10-07T07:50:29+00:00\" \/>\n<meta property=\"og:image\" content=\"https:\/\/www.barcelonesa.com\/wp-content\/uploads\/2022\/05\/2-2.png\" \/>\n\t<meta property=\"og:image:width\" content=\"1200\" \/>\n\t<meta property=\"og:image:height\" content=\"600\" \/>\n\t<meta property=\"og:image:type\" content=\"image\/png\" \/>\n<meta name=\"author\" content=\"Barcelonesa\" \/>\n<meta name=\"twitter:card\" content=\"summary_large_image\" \/>\n<meta name=\"twitter:label1\" content=\"Escrito por\" \/>\n\t<meta name=\"twitter:data1\" content=\"Barcelonesa\" \/>\n\t<meta name=\"twitter:label2\" content=\"Tempo estimado de leitura\" \/>\n\t<meta name=\"twitter:data2\" content=\"4 minutos\" \/>\n<script type=\"application\/ld+json\" class=\"yoast-schema-graph\">{\"@context\":\"https:\/\/schema.org\",\"@graph\":[{\"@type\":\"Article\",\"@id\":\"https:\/\/www.barcelonesa.com\/pt-pt\/blog\/a-equipa-de-barcelonesa-portugal\/#article\",\"isPartOf\":{\"@id\":\"https:\/\/www.barcelonesa.com\/pt-pt\/blog\/a-equipa-de-barcelonesa-portugal\/\"},\"author\":{\"name\":\"Barcelonesa\",\"@id\":\"https:\/\/www.barcelonesa.com\/pt-pt\/#\/schema\/person\/82f9fae0b3816b103d36cce5a5b81f8e\"},\"headline\":\"A equipa de Barcelonesa Portugal\",\"datePublished\":\"2022-05-11T09:32:57+00:00\",\"dateModified\":\"2022-10-07T07:50:29+00:00\",\"mainEntityOfPage\":{\"@id\":\"https:\/\/www.barcelonesa.com\/pt-pt\/blog\/a-equipa-de-barcelonesa-portugal\/\"},\"wordCount\":847,\"publisher\":{\"@id\":\"https:\/\/www.barcelonesa.com\/pt-pt\/#organization\"},\"image\":{\"@id\":\"https:\/\/www.barcelonesa.com\/pt-pt\/blog\/a-equipa-de-barcelonesa-portugal\/#primaryimage\"},\"thumbnailUrl\":\"https:\/\/www.barcelonesa.com\/wp-content\/uploads\/2022\/05\/2-2.png\",\"articleSection\":[\"Barcelonesa Group\"],\"inLanguage\":\"pt-PT\"},{\"@type\":\"WebPage\",\"@id\":\"https:\/\/www.barcelonesa.com\/pt-pt\/blog\/a-equipa-de-barcelonesa-portugal\/\",\"url\":\"https:\/\/www.barcelonesa.com\/pt-pt\/blog\/a-equipa-de-barcelonesa-portugal\/\",\"name\":\"A equipa de Barcelonesa Portugal - Barcelonesa\",\"isPartOf\":{\"@id\":\"https:\/\/www.barcelonesa.com\/pt-pt\/#website\"},\"primaryImageOfPage\":{\"@id\":\"https:\/\/www.barcelonesa.com\/pt-pt\/blog\/a-equipa-de-barcelonesa-portugal\/#primaryimage\"},\"image\":{\"@id\":\"https:\/\/www.barcelonesa.com\/pt-pt\/blog\/a-equipa-de-barcelonesa-portugal\/#primaryimage\"},\"thumbnailUrl\":\"https:\/\/www.barcelonesa.com\/wp-content\/uploads\/2022\/05\/2-2.png\",\"datePublished\":\"2022-05-11T09:32:57+00:00\",\"dateModified\":\"2022-10-07T07:50:29+00:00\",\"breadcrumb\":{\"@id\":\"https:\/\/www.barcelonesa.com\/pt-pt\/blog\/a-equipa-de-barcelonesa-portugal\/#breadcrumb\"},\"inLanguage\":\"pt-PT\",\"potentialAction\":[{\"@type\":\"ReadAction\",\"target\":[\"https:\/\/www.barcelonesa.com\/pt-pt\/blog\/a-equipa-de-barcelonesa-portugal\/\"]}]},{\"@type\":\"ImageObject\",\"inLanguage\":\"pt-PT\",\"@id\":\"https:\/\/www.barcelonesa.com\/pt-pt\/blog\/a-equipa-de-barcelonesa-portugal\/#primaryimage\",\"url\":\"https:\/\/www.barcelonesa.com\/wp-content\/uploads\/2022\/05\/2-2.png\",\"contentUrl\":\"https:\/\/www.barcelonesa.com\/wp-content\/uploads\/2022\/05\/2-2.png\",\"width\":1200,\"height\":600},{\"@type\":\"BreadcrumbList\",\"@id\":\"https:\/\/www.barcelonesa.com\/pt-pt\/blog\/a-equipa-de-barcelonesa-portugal\/#breadcrumb\",\"itemListElement\":[{\"@type\":\"ListItem\",\"position\":1,\"name\":\"Home\",\"item\":\"https:\/\/www.barcelonesa.com\/pt-pt\/\"},{\"@type\":\"ListItem\",\"position\":2,\"name\":\"A equipa de Barcelonesa Portugal\"}]},{\"@type\":\"WebSite\",\"@id\":\"https:\/\/www.barcelonesa.com\/pt-pt\/#website\",\"url\":\"https:\/\/www.barcelonesa.com\/pt-pt\/\",\"name\":\"Barcelonesa\",\"description\":\"Tu partner global de productos y especialidades qu\u00edmicas, est\u00e9s donde est\u00e9s.\",\"publisher\":{\"@id\":\"https:\/\/www.barcelonesa.com\/pt-pt\/#organization\"},\"potentialAction\":[{\"@type\":\"SearchAction\",\"target\":{\"@type\":\"EntryPoint\",\"urlTemplate\":\"https:\/\/www.barcelonesa.com\/pt-pt\/?s={search_term_string}\"},\"query-input\":{\"@type\":\"PropertyValueSpecification\",\"valueRequired\":true,\"valueName\":\"search_term_string\"}}],\"inLanguage\":\"pt-PT\"},{\"@type\":\"Organization\",\"@id\":\"https:\/\/www.barcelonesa.com\/pt-pt\/#organization\",\"name\":\"Barcelonesa\",\"url\":\"https:\/\/www.barcelonesa.com\/pt-pt\/\",\"logo\":{\"@type\":\"ImageObject\",\"inLanguage\":\"pt-PT\",\"@id\":\"https:\/\/www.barcelonesa.com\/pt-pt\/#\/schema\/logo\/image\/\",\"url\":\"https:\/\/www.barcelonesa.com\/wp-content\/uploads\/2023\/09\/logo_header.svg\",\"contentUrl\":\"https:\/\/www.barcelonesa.com\/wp-content\/uploads\/2023\/09\/logo_header.svg\",\"width\":230,\"height\":44,\"caption\":\"Barcelonesa\"},\"image\":{\"@id\":\"https:\/\/www.barcelonesa.com\/pt-pt\/#\/schema\/logo\/image\/\"},\"sameAs\":[\"https:\/\/www.linkedin.com\/company\/barcelonesa-chemicals\"]},{\"@type\":\"Person\",\"@id\":\"https:\/\/www.barcelonesa.com\/pt-pt\/#\/schema\/person\/82f9fae0b3816b103d36cce5a5b81f8e\",\"name\":\"Barcelonesa\",\"image\":{\"@type\":\"ImageObject\",\"inLanguage\":\"pt-PT\",\"@id\":\"https:\/\/www.barcelonesa.com\/wp-content\/uploads\/2023\/11\/B-Simbolo-Green-2-96x96.png\",\"url\":\"https:\/\/www.barcelonesa.com\/wp-content\/uploads\/2023\/11\/B-Simbolo-Green-2-96x96.png\",\"contentUrl\":\"https:\/\/www.barcelonesa.com\/wp-content\/uploads\/2023\/11\/B-Simbolo-Green-2-96x96.png\",\"caption\":\"Barcelonesa\"},\"url\":\"https:\/\/www.barcelonesa.com\/pt-pt\/author\/barcelonesa\/\"}]}<\/script>\n<!-- \/ Yoast SEO plugin. -->","yoast_head_json":{"title":"A equipa de Barcelonesa Portugal - Barcelonesa","robots":{"index":"index","follow":"follow","max-snippet":"max-snippet:-1","max-image-preview":"max-image-preview:large","max-video-preview":"max-video-preview:-1"},"canonical":"https:\/\/www.barcelonesa.com\/pt-pt\/blog\/a-equipa-de-barcelonesa-portugal\/","og_locale":"pt_PT","og_type":"article","og_title":"A equipa de Barcelonesa Portugal - Barcelonesa","og_description":"A ind\u00fastria qu\u00edmica portuguesa tem prosperado nos \u00faltimos anos. Ao mesmo tempo que a economia tem vindo a recuperar, tem mostrado uma grande tend\u00eancia para a exporta\u00e7\u00e3o de produtos qu\u00edmicos. Gra\u00e7as a esta din\u00e2mica ascendente, a Barcelonesa assumiu um compromisso estrat\u00e9gico com a \u00e1rea de Portugal e Galiza e conta com uma equipa que opera [&hellip;]","og_url":"https:\/\/www.barcelonesa.com\/pt-pt\/blog\/a-equipa-de-barcelonesa-portugal\/","og_site_name":"Barcelonesa","article_published_time":"2022-05-11T09:32:57+00:00","article_modified_time":"2022-10-07T07:50:29+00:00","og_image":[{"width":1200,"height":600,"url":"https:\/\/www.barcelonesa.com\/wp-content\/uploads\/2022\/05\/2-2.png","type":"image\/png"}],"author":"Barcelonesa","twitter_card":"summary_large_image","twitter_misc":{"Escrito por":"Barcelonesa","Tempo estimado de leitura":"4 minutos"},"schema":{"@context":"https:\/\/schema.org","@graph":[{"@type":"Article","@id":"https:\/\/www.barcelonesa.com\/pt-pt\/blog\/a-equipa-de-barcelonesa-portugal\/#article","isPartOf":{"@id":"https:\/\/www.barcelonesa.com\/pt-pt\/blog\/a-equipa-de-barcelonesa-portugal\/"},"author":{"name":"Barcelonesa","@id":"https:\/\/www.barcelonesa.com\/pt-pt\/#\/schema\/person\/82f9fae0b3816b103d36cce5a5b81f8e"},"headline":"A equipa de Barcelonesa Portugal","datePublished":"2022-05-11T09:32:57+00:00","dateModified":"2022-10-07T07:50:29+00:00","mainEntityOfPage":{"@id":"https:\/\/www.barcelonesa.com\/pt-pt\/blog\/a-equipa-de-barcelonesa-portugal\/"},"wordCount":847,"publisher":{"@id":"https:\/\/www.barcelonesa.com\/pt-pt\/#organization"},"image":{"@id":"https:\/\/www.barcelonesa.com\/pt-pt\/blog\/a-equipa-de-barcelonesa-portugal\/#primaryimage"},"thumbnailUrl":"https:\/\/www.barcelonesa.com\/wp-content\/uploads\/2022\/05\/2-2.png","articleSection":["Barcelonesa Group"],"inLanguage":"pt-PT"},{"@type":"WebPage","@id":"https:\/\/www.barcelonesa.com\/pt-pt\/blog\/a-equipa-de-barcelonesa-portugal\/","url":"https:\/\/www.barcelonesa.com\/pt-pt\/blog\/a-equipa-de-barcelonesa-portugal\/","name":"A equipa de Barcelonesa Portugal - Barcelonesa","isPartOf":{"@id":"https:\/\/www.barcelonesa.com\/pt-pt\/#website"},"primaryImageOfPage":{"@id":"https:\/\/www.barcelonesa.com\/pt-pt\/blog\/a-equipa-de-barcelonesa-portugal\/#primaryimage"},"image":{"@id":"https:\/\/www.barcelonesa.com\/pt-pt\/blog\/a-equipa-de-barcelonesa-portugal\/#primaryimage"},"thumbnailUrl":"https:\/\/www.barcelonesa.com\/wp-content\/uploads\/2022\/05\/2-2.png","datePublished":"2022-05-11T09:32:57+00:00","dateModified":"2022-10-07T07:50:29+00:00","breadcrumb":{"@id":"https:\/\/www.barcelonesa.com\/pt-pt\/blog\/a-equipa-de-barcelonesa-portugal\/#breadcrumb"},"inLanguage":"pt-PT","potentialAction":[{"@type":"ReadAction","target":["https:\/\/www.barcelonesa.com\/pt-pt\/blog\/a-equipa-de-barcelonesa-portugal\/"]}]},{"@type":"ImageObject","inLanguage":"pt-PT","@id":"https:\/\/www.barcelonesa.com\/pt-pt\/blog\/a-equipa-de-barcelonesa-portugal\/#primaryimage","url":"https:\/\/www.barcelonesa.com\/wp-content\/uploads\/2022\/05\/2-2.png","contentUrl":"https:\/\/www.barcelonesa.com\/wp-content\/uploads\/2022\/05\/2-2.png","width":1200,"height":600},{"@type":"BreadcrumbList","@id":"https:\/\/www.barcelonesa.com\/pt-pt\/blog\/a-equipa-de-barcelonesa-portugal\/#breadcrumb","itemListElement":[{"@type":"ListItem","position":1,"name":"Home","item":"https:\/\/www.barcelonesa.com\/pt-pt\/"},{"@type":"ListItem","position":2,"name":"A equipa de Barcelonesa Portugal"}]},{"@type":"WebSite","@id":"https:\/\/www.barcelonesa.com\/pt-pt\/#website","url":"https:\/\/www.barcelonesa.com\/pt-pt\/","name":"Barcelonesa","description":"Tu partner global de productos y especialidades qu\u00edmicas, est\u00e9s donde est\u00e9s.","publisher":{"@id":"https:\/\/www.barcelonesa.com\/pt-pt\/#organization"},"potentialAction":[{"@type":"SearchAction","target":{"@type":"EntryPoint","urlTemplate":"https:\/\/www.barcelonesa.com\/pt-pt\/?s={search_term_string}"},"query-input":{"@type":"PropertyValueSpecification","valueRequired":true,"valueName":"search_term_string"}}],"inLanguage":"pt-PT"},{"@type":"Organization","@id":"https:\/\/www.barcelonesa.com\/pt-pt\/#organization","name":"Barcelonesa","url":"https:\/\/www.barcelonesa.com\/pt-pt\/","logo":{"@type":"ImageObject","inLanguage":"pt-PT","@id":"https:\/\/www.barcelonesa.com\/pt-pt\/#\/schema\/logo\/image\/","url":"https:\/\/www.barcelonesa.com\/wp-content\/uploads\/2023\/09\/logo_header.svg","contentUrl":"https:\/\/www.barcelonesa.com\/wp-content\/uploads\/2023\/09\/logo_header.svg","width":230,"height":44,"caption":"Barcelonesa"},"image":{"@id":"https:\/\/www.barcelonesa.com\/pt-pt\/#\/schema\/logo\/image\/"},"sameAs":["https:\/\/www.linkedin.com\/company\/barcelonesa-chemicals"]},{"@type":"Person","@id":"https:\/\/www.barcelonesa.com\/pt-pt\/#\/schema\/person\/82f9fae0b3816b103d36cce5a5b81f8e","name":"Barcelonesa","image":{"@type":"ImageObject","inLanguage":"pt-PT","@id":"https:\/\/www.barcelonesa.com\/wp-content\/uploads\/2023\/11\/B-Simbolo-Green-2-96x96.png","url":"https:\/\/www.barcelonesa.com\/wp-content\/uploads\/2023\/11\/B-Simbolo-Green-2-96x96.png","contentUrl":"https:\/\/www.barcelonesa.com\/wp-content\/uploads\/2023\/11\/B-Simbolo-Green-2-96x96.png","caption":"Barcelonesa"},"url":"https:\/\/www.barcelonesa.com\/pt-pt\/author\/barcelonesa\/"}]}},"_links":{"self":[{"href":"https:\/\/www.barcelonesa.com\/pt-pt\/wp-json\/wp\/v2\/posts\/30330","targetHints":{"allow":["GET"]}}],"collection":[{"href":"https:\/\/www.barcelonesa.com\/pt-pt\/wp-json\/wp\/v2\/posts"}],"about":[{"href":"https:\/\/www.barcelonesa.com\/pt-pt\/wp-json\/wp\/v2\/types\/post"}],"author":[{"embeddable":true,"href":"https:\/\/www.barcelonesa.com\/pt-pt\/wp-json\/wp\/v2\/users\/16"}],"replies":[{"embeddable":true,"href":"https:\/\/www.barcelonesa.com\/pt-pt\/wp-json\/wp\/v2\/comments?post=30330"}],"version-history":[{"count":2,"href":"https:\/\/www.barcelonesa.com\/pt-pt\/wp-json\/wp\/v2\/posts\/30330\/revisions"}],"predecessor-version":[{"id":32079,"href":"https:\/\/www.barcelonesa.com\/pt-pt\/wp-json\/wp\/v2\/posts\/30330\/revisions\/32079"}],"wp:featuredmedia":[{"embeddable":true,"href":"https:\/\/www.barcelonesa.com\/pt-pt\/wp-json\/wp\/v2\/media\/30341"}],"wp:attachment":[{"href":"https:\/\/www.barcelonesa.com\/pt-pt\/wp-json\/wp\/v2\/media?parent=30330"}],"wp:term":[{"taxonomy":"category","embeddable":true,"href":"https:\/\/www.barcelonesa.com\/pt-pt\/wp-json\/wp\/v2\/categories?post=30330"},{"taxonomy":"post_tag","embeddable":true,"href":"https:\/\/www.barcelonesa.com\/pt-pt\/wp-json\/wp\/v2\/tags?post=30330"}],"curies":[{"name":"wp","href":"https:\/\/api.w.org\/{rel}","templated":true}]}}