{"id":32474,"date":"2023-02-27T13:05:44","date_gmt":"2023-02-27T12:05:44","guid":{"rendered":"https:\/\/www.barcelonesa.com\/blog\/la-division-de-personal-care-presentara-su-gama-de-productos-en-in-cosmetics-global-2023\/"},"modified":"2023-02-27T18:44:51","modified_gmt":"2023-02-27T17:44:51","slug":"divisao-personal-care-apresentar-sua-gama-de-produtos-na-in-cosmetics-global-2023","status":"publish","type":"post","link":"https:\/\/www.barcelonesa.com\/pt-pt\/blog\/divisao-personal-care-apresentar-sua-gama-de-produtos-na-in-cosmetics-global-2023\/","title":{"rendered":"Divis\u00e3o Personal Care para apresentar a sua gama de produtos na In-cosmetics Global 2023"},"content":{"rendered":"<p>A divis\u00e3o Personal Care da Barcelonesa estar\u00e1 presente com o seu pr\u00f3prio stand na feira mundial In-cosmetics Global 2023 que ter\u00e1 lugar em Barcelona nos dias 28, 29 e 30 de Mar\u00e7o.<\/p>\n<p>Esta feira \u00e9 um dos mais importantes eventos internacionais da ind\u00fastria de cosm\u00e9ticos e cuidados pessoais, reunindo especialistas e profissionais para conhecer novos produtos, ingredientes e tecnologias que est\u00e3o a transformar a ind\u00fastria. A In-cosmetics Global 2023 ser\u00e1 tamb\u00e9m uma excelente oportunidade para estabelecer novos contactos e redes de contactos com colegas da ind\u00fastria.<\/p>\n<p><strong>Estaremos presentes no stand J91<\/strong>, onde apresentaremos a nossa gama de produtos e ajud\u00e1-lo-emos com quaisquer quest\u00f5es que possa ter. Alguns dos produtos que iremos apresentar durante a feira ser\u00e3o:<\/p>\n<ul>\n<li data-leveltext=\"\uf0b7\" data-font=\"Symbol\" data-listid=\"2\" data-list-defn-props=\"{&quot;335552541&quot;:1,&quot;335559684&quot;:-2,&quot;335559685&quot;:720,&quot;335559991&quot;:360,&quot;469769226&quot;:&quot;Symbol&quot;,&quot;469769242&quot;:[8226],&quot;469777803&quot;:&quot;left&quot;,&quot;469777804&quot;:&quot;\uf0b7&quot;,&quot;469777815&quot;:&quot;multilevel&quot;}\" aria-setsize=\"-1\" data-aria-posinset=\"1\" data-aria-level=\"1\">Ingredientes activos.<\/li>\n<li data-leveltext=\"\uf0b7\" data-font=\"Symbol\" data-listid=\"2\" data-list-defn-props=\"{&quot;335552541&quot;:1,&quot;335559684&quot;:-2,&quot;335559685&quot;:720,&quot;335559991&quot;:360,&quot;469769226&quot;:&quot;Symbol&quot;,&quot;469769242&quot;:[8226],&quot;469777803&quot;:&quot;left&quot;,&quot;469777804&quot;:&quot;\uf0b7&quot;,&quot;469777815&quot;:&quot;multilevel&quot;}\" aria-setsize=\"-1\" data-aria-posinset=\"1\" data-aria-level=\"1\">\u00d3leos vegetais, \u00f3leos essenciais e manteigas.<\/li>\n<li data-leveltext=\"\uf0b7\" data-font=\"Symbol\" data-listid=\"2\" data-list-defn-props=\"{&quot;335552541&quot;:1,&quot;335559684&quot;:-2,&quot;335559685&quot;:720,&quot;335559991&quot;:360,&quot;469769226&quot;:&quot;Symbol&quot;,&quot;469769242&quot;:[8226],&quot;469777803&quot;:&quot;left&quot;,&quot;469777804&quot;:&quot;\uf0b7&quot;,&quot;469777815&quot;:&quot;multilevel&quot;}\" aria-setsize=\"-1\" data-aria-posinset=\"1\" data-aria-level=\"1\">Emolientes e emulsificantes.<\/li>\n<li data-leveltext=\"\uf0b7\" data-font=\"Symbol\" data-listid=\"2\" data-list-defn-props=\"{&quot;335552541&quot;:1,&quot;335559684&quot;:-2,&quot;335559685&quot;:720,&quot;335559991&quot;:360,&quot;469769226&quot;:&quot;Symbol&quot;,&quot;469769242&quot;:[8226],&quot;469777803&quot;:&quot;left&quot;,&quot;469777804&quot;:&quot;\uf0b7&quot;,&quot;469777815&quot;:&quot;multilevel&quot;}\" aria-setsize=\"-1\" data-aria-posinset=\"1\" data-aria-level=\"1\">Silicones.<\/li>\n<li data-leveltext=\"\uf0b7\" data-font=\"Symbol\" data-listid=\"2\" data-list-defn-props=\"{&quot;335552541&quot;:1,&quot;335559684&quot;:-2,&quot;335559685&quot;:720,&quot;335559991&quot;:360,&quot;469769226&quot;:&quot;Symbol&quot;,&quot;469769242&quot;:[8226],&quot;469777803&quot;:&quot;left&quot;,&quot;469777804&quot;:&quot;\uf0b7&quot;,&quot;469777815&quot;:&quot;multilevel&quot;}\" aria-setsize=\"-1\" data-aria-posinset=\"1\" data-aria-level=\"1\">Surfactantes.<\/li>\n<li data-leveltext=\"\uf0b7\" data-font=\"Symbol\" data-listid=\"2\" data-list-defn-props=\"{&quot;335552541&quot;:1,&quot;335559684&quot;:-2,&quot;335559685&quot;:720,&quot;335559991&quot;:360,&quot;469769226&quot;:&quot;Symbol&quot;,&quot;469769242&quot;:[8226],&quot;469777803&quot;:&quot;left&quot;,&quot;469777804&quot;:&quot;\uf0b7&quot;,&quot;469777815&quot;:&quot;multilevel&quot;}\" aria-setsize=\"-1\" data-aria-posinset=\"1\" data-aria-level=\"1\">Alginatos.<\/li>\n<li data-leveltext=\"\uf0b7\" data-font=\"Symbol\" data-listid=\"2\" data-list-defn-props=\"{&quot;335552541&quot;:1,&quot;335559684&quot;:-2,&quot;335559685&quot;:720,&quot;335559991&quot;:360,&quot;469769226&quot;:&quot;Symbol&quot;,&quot;469769242&quot;:[8226],&quot;469777803&quot;:&quot;left&quot;,&quot;469777804&quot;:&quot;\uf0b7&quot;,&quot;469777815&quot;:&quot;multilevel&quot;}\" aria-setsize=\"-1\" data-aria-posinset=\"1\" data-aria-level=\"1\">Agentes oxidantes e corantes capilares.<\/li>\n<li data-leveltext=\"\uf0b7\" data-font=\"Symbol\" data-listid=\"2\" data-list-defn-props=\"{&quot;335552541&quot;:1,&quot;335559684&quot;:-2,&quot;335559685&quot;:720,&quot;335559991&quot;:360,&quot;469769226&quot;:&quot;Symbol&quot;,&quot;469769242&quot;:[8226],&quot;469777803&quot;:&quot;left&quot;,&quot;469777804&quot;:&quot;\uf0b7&quot;,&quot;469777815&quot;:&quot;multilevel&quot;}\" aria-setsize=\"-1\" data-aria-posinset=\"1\" data-aria-level=\"1\">Extractos lipossol\u00faveis (Supercritical CO2).<\/li>\n<\/ul>\n<p>A feira ter\u00e1 lugar nos dias 28, 29 e 30 de Mar\u00e7o na Fira de Barcelona, pavilh\u00e3o 3.<\/p>\n<ul>\n<li>Ter\u00e7a-feira, 28 de 09:00 &#8211; 18:00<\/li>\n<li>Quarta-feira 29, das 09:00 &#8211; 18:00<\/li>\n<li>Quinta-feira 30, das 09:00 &#8211; 17:00<\/li>\n<\/ul>\n<p><img fetchpriority=\"high\" decoding=\"async\" class=\"alignnone wp-image-32447 size-full\" src=\"https:\/\/www.barcelonesa.com\/wp-content\/uploads\/2023\/02\/plano-fira-barcelona-incos.png\" alt=\"\" width=\"1000\" height=\"604\" srcset=\"https:\/\/www.barcelonesa.com\/wp-content\/uploads\/2023\/02\/plano-fira-barcelona-incos.png 1000w, https:\/\/www.barcelonesa.com\/wp-content\/uploads\/2023\/02\/plano-fira-barcelona-incos-300x181.png 300w, https:\/\/www.barcelonesa.com\/wp-content\/uploads\/2023\/02\/plano-fira-barcelona-incos-768x464.png 768w\" sizes=\"(max-width: 1000px) 100vw, 1000px\" \/><\/p>\n<p>&nbsp;<\/p>\n<p><span data-contrast=\"none\">A participa\u00e7\u00e3o \u00e9 gratuita se se inscrever antes do evento. Clique <a href=\"https:\/\/eas21.eventadv.com\/in-cosmetics\/?dc=BAR-455172\">neste link<\/a> para se inscrever.<br \/>\n<\/span><\/p>\n<p>Em suma, In-cosmetics Global 2023 \u00e9 uma oportunidade \u00fanica para conhecer as \u00faltimas tend\u00eancias e inova\u00e7\u00f5es da ind\u00fastria e estabelecer novos contactos. Esperamos v\u00ea-lo l\u00e1!<\/p>\n<p><span data-contrast=\"none\">Se precisar de mais informa\u00e7\u00f5es ou de um convite da nossa parte, n\u00e3o hesite em\u202f<\/span><a href=\"https:\/\/www.barcelonesa.com\/pt-pt\/contacto\/\"><span data-contrast=\"none\">contactar-nos<\/span><\/a><span data-contrast=\"none\">.<\/span><span data-ccp-props=\"{&quot;201341983&quot;:2,&quot;335559740&quot;:384}\">\u00a0<\/span><\/p>\n","protected":false},"excerpt":{"rendered":"<p>A divis\u00e3o Personal Care da Barcelonesa estar\u00e1 presente com o seu pr\u00f3prio stand na feira mundial In-cosmetics Global 2023 que ter\u00e1 lugar em Barcelona nos dias 28, 29 e 30 de Mar\u00e7o. Esta feira \u00e9 um dos mais importantes eventos internacionais da ind\u00fastria de cosm\u00e9ticos e cuidados pessoais, reunindo especialistas e profissionais para conhecer novos [&hellip;]<\/p>\n","protected":false},"author":16,"featured_media":32458,"comment_status":"closed","ping_status":"open","sticky":false,"template":"","format":"standard","meta":{"_acf_changed":false,"site-sidebar-layout":"default","site-content-layout":"default","ast-site-content-layout":"","site-content-style":"default","site-sidebar-style":"default","ast-global-header-display":"","ast-banner-title-visibility":"","ast-main-header-display":"","ast-hfb-above-header-display":"","ast-hfb-below-header-display":"","ast-hfb-mobile-header-display":"","site-post-title":"","ast-breadcrumbs-content":"","ast-featured-img":"","footer-sml-layout":"","theme-transparent-header-meta":"default","adv-header-id-meta":"","stick-header-meta":"","header-above-stick-meta":"","header-main-stick-meta":"","header-below-stick-meta":"","astra-migrate-meta-layouts":"default","ast-page-background-enabled":"default","ast-page-background-meta":{"desktop":{"background-color":"var(--ast-global-color-4)","background-image":"","background-repeat":"repeat","background-position":"center center","background-size":"auto","background-attachment":"scroll","background-type":"","background-media":"","overlay-type":"","overlay-color":"","overlay-opacity":"","overlay-gradient":""},"tablet":{"background-color":"","background-image":"","background-repeat":"repeat","background-position":"center center","background-size":"auto","background-attachment":"scroll","background-type":"","background-media":"","overlay-type":"","overlay-color":"","overlay-opacity":"","overlay-gradient":""},"mobile":{"background-color":"","background-image":"","background-repeat":"repeat","background-position":"center center","background-size":"auto","background-attachment":"scroll","background-type":"","background-media":"","overlay-type":"","overlay-color":"","overlay-opacity":"","overlay-gradient":""}},"ast-content-background-meta":{"desktop":{"background-color":"var(--ast-global-color-5)","background-image":"","background-repeat":"repeat","background-position":"center center","background-size":"auto","background-attachment":"scroll","background-type":"","background-media":"","overlay-type":"","overlay-color":"","overlay-opacity":"","overlay-gradient":""},"tablet":{"background-color":"var(--ast-global-color-5)","background-image":"","background-repeat":"repeat","background-position":"center center","background-size":"auto","background-attachment":"scroll","background-type":"","background-media":"","overlay-type":"","overlay-color":"","overlay-opacity":"","overlay-gradient":""},"mobile":{"background-color":"var(--ast-global-color-5)","background-image":"","background-repeat":"repeat","background-position":"center center","background-size":"auto","background-attachment":"scroll","background-type":"","background-media":"","overlay-type":"","overlay-color":"","overlay-opacity":"","overlay-gradient":""}},"footnotes":""},"categories":[882],"tags":[],"class_list":["post-32474","post","type-post","status-publish","format-standard","has-post-thumbnail","hentry","category-cosmetica-pt-pt"],"acf":[],"yoast_head":"<!-- This site is optimized with the Yoast SEO plugin v27.5 - https:\/\/yoast.com\/product\/yoast-seo-wordpress\/ -->\n<title>Divis\u00e3o Personal Care para apresentar a sua gama de produtos na In-cosmetics Global 2023 - Barcelonesa<\/title>\n<meta name=\"robots\" content=\"index, follow, max-snippet:-1, max-image-preview:large, max-video-preview:-1\" \/>\n<link rel=\"canonical\" href=\"https:\/\/www.barcelonesa.com\/pt-pt\/blog\/divisao-personal-care-apresentar-sua-gama-de-produtos-na-in-cosmetics-global-2023\/\" \/>\n<meta property=\"og:locale\" content=\"pt_PT\" \/>\n<meta property=\"og:type\" content=\"article\" \/>\n<meta property=\"og:title\" content=\"Divis\u00e3o Personal Care para apresentar a sua gama de produtos na In-cosmetics Global 2023 - Barcelonesa\" \/>\n<meta property=\"og:description\" content=\"A divis\u00e3o Personal Care da Barcelonesa estar\u00e1 presente com o seu pr\u00f3prio stand na feira mundial In-cosmetics Global 2023 que ter\u00e1 lugar em Barcelona nos dias 28, 29 e 30 de Mar\u00e7o. Esta feira \u00e9 um dos mais importantes eventos internacionais da ind\u00fastria de cosm\u00e9ticos e cuidados pessoais, reunindo especialistas e profissionais para conhecer novos [&hellip;]\" \/>\n<meta property=\"og:url\" content=\"https:\/\/www.barcelonesa.com\/pt-pt\/blog\/divisao-personal-care-apresentar-sua-gama-de-produtos-na-in-cosmetics-global-2023\/\" \/>\n<meta property=\"og:site_name\" content=\"Barcelonesa\" \/>\n<meta property=\"article:published_time\" content=\"2023-02-27T12:05:44+00:00\" \/>\n<meta property=\"article:modified_time\" content=\"2023-02-27T17:44:51+00:00\" \/>\n<meta property=\"og:image\" content=\"https:\/\/www.barcelonesa.com\/wp-content\/uploads\/2023\/02\/header-blog-incos.png\" \/>\n\t<meta property=\"og:image:width\" content=\"1200\" \/>\n\t<meta property=\"og:image:height\" content=\"625\" \/>\n\t<meta property=\"og:image:type\" content=\"image\/png\" \/>\n<meta name=\"author\" content=\"Barcelonesa\" \/>\n<meta name=\"twitter:card\" content=\"summary_large_image\" \/>\n<meta name=\"twitter:label1\" content=\"Escrito por\" \/>\n\t<meta name=\"twitter:data1\" content=\"Barcelonesa\" \/>\n\t<meta name=\"twitter:label2\" content=\"Tempo estimado de leitura\" \/>\n\t<meta name=\"twitter:data2\" content=\"1 minuto\" \/>\n<script type=\"application\/ld+json\" class=\"yoast-schema-graph\">{\"@context\":\"https:\\\/\\\/schema.org\",\"@graph\":[{\"@type\":\"Article\",\"@id\":\"https:\\\/\\\/www.barcelonesa.com\\\/pt-pt\\\/blog\\\/divisao-personal-care-apresentar-sua-gama-de-produtos-na-in-cosmetics-global-2023\\\/#article\",\"isPartOf\":{\"@id\":\"https:\\\/\\\/www.barcelonesa.com\\\/pt-pt\\\/blog\\\/divisao-personal-care-apresentar-sua-gama-de-produtos-na-in-cosmetics-global-2023\\\/\"},\"author\":{\"name\":\"Barcelonesa\",\"@id\":\"https:\\\/\\\/www.barcelonesa.com\\\/pt-pt\\\/#\\\/schema\\\/person\\\/82f9fae0b3816b103d36cce5a5b81f8e\"},\"headline\":\"Divis\u00e3o Personal Care para apresentar a sua gama de produtos na In-cosmetics Global 2023\",\"datePublished\":\"2023-02-27T12:05:44+00:00\",\"dateModified\":\"2023-02-27T17:44:51+00:00\",\"mainEntityOfPage\":{\"@id\":\"https:\\\/\\\/www.barcelonesa.com\\\/pt-pt\\\/blog\\\/divisao-personal-care-apresentar-sua-gama-de-produtos-na-in-cosmetics-global-2023\\\/\"},\"wordCount\":248,\"publisher\":{\"@id\":\"https:\\\/\\\/www.barcelonesa.com\\\/pt-pt\\\/#organization\"},\"image\":{\"@id\":\"https:\\\/\\\/www.barcelonesa.com\\\/pt-pt\\\/blog\\\/divisao-personal-care-apresentar-sua-gama-de-produtos-na-in-cosmetics-global-2023\\\/#primaryimage\"},\"thumbnailUrl\":\"https:\\\/\\\/www.barcelonesa.com\\\/wp-content\\\/uploads\\\/2023\\\/02\\\/header-blog-incos.png\",\"articleSection\":[\"Cosm\u00e9tica\"],\"inLanguage\":\"pt-PT\"},{\"@type\":\"WebPage\",\"@id\":\"https:\\\/\\\/www.barcelonesa.com\\\/pt-pt\\\/blog\\\/divisao-personal-care-apresentar-sua-gama-de-produtos-na-in-cosmetics-global-2023\\\/\",\"url\":\"https:\\\/\\\/www.barcelonesa.com\\\/pt-pt\\\/blog\\\/divisao-personal-care-apresentar-sua-gama-de-produtos-na-in-cosmetics-global-2023\\\/\",\"name\":\"Divis\u00e3o Personal Care para apresentar a sua gama de produtos na In-cosmetics Global 2023 - Barcelonesa\",\"isPartOf\":{\"@id\":\"https:\\\/\\\/www.barcelonesa.com\\\/pt-pt\\\/#website\"},\"primaryImageOfPage\":{\"@id\":\"https:\\\/\\\/www.barcelonesa.com\\\/pt-pt\\\/blog\\\/divisao-personal-care-apresentar-sua-gama-de-produtos-na-in-cosmetics-global-2023\\\/#primaryimage\"},\"image\":{\"@id\":\"https:\\\/\\\/www.barcelonesa.com\\\/pt-pt\\\/blog\\\/divisao-personal-care-apresentar-sua-gama-de-produtos-na-in-cosmetics-global-2023\\\/#primaryimage\"},\"thumbnailUrl\":\"https:\\\/\\\/www.barcelonesa.com\\\/wp-content\\\/uploads\\\/2023\\\/02\\\/header-blog-incos.png\",\"datePublished\":\"2023-02-27T12:05:44+00:00\",\"dateModified\":\"2023-02-27T17:44:51+00:00\",\"breadcrumb\":{\"@id\":\"https:\\\/\\\/www.barcelonesa.com\\\/pt-pt\\\/blog\\\/divisao-personal-care-apresentar-sua-gama-de-produtos-na-in-cosmetics-global-2023\\\/#breadcrumb\"},\"inLanguage\":\"pt-PT\",\"potentialAction\":[{\"@type\":\"ReadAction\",\"target\":[\"https:\\\/\\\/www.barcelonesa.com\\\/pt-pt\\\/blog\\\/divisao-personal-care-apresentar-sua-gama-de-produtos-na-in-cosmetics-global-2023\\\/\"]}]},{\"@type\":\"ImageObject\",\"inLanguage\":\"pt-PT\",\"@id\":\"https:\\\/\\\/www.barcelonesa.com\\\/pt-pt\\\/blog\\\/divisao-personal-care-apresentar-sua-gama-de-produtos-na-in-cosmetics-global-2023\\\/#primaryimage\",\"url\":\"https:\\\/\\\/www.barcelonesa.com\\\/wp-content\\\/uploads\\\/2023\\\/02\\\/header-blog-incos.png\",\"contentUrl\":\"https:\\\/\\\/www.barcelonesa.com\\\/wp-content\\\/uploads\\\/2023\\\/02\\\/header-blog-incos.png\",\"width\":1200,\"height\":625},{\"@type\":\"BreadcrumbList\",\"@id\":\"https:\\\/\\\/www.barcelonesa.com\\\/pt-pt\\\/blog\\\/divisao-personal-care-apresentar-sua-gama-de-produtos-na-in-cosmetics-global-2023\\\/#breadcrumb\",\"itemListElement\":[{\"@type\":\"ListItem\",\"position\":1,\"name\":\"Home\",\"item\":\"https:\\\/\\\/www.barcelonesa.com\\\/pt-pt\\\/\"},{\"@type\":\"ListItem\",\"position\":2,\"name\":\"Divis\u00e3o Personal Care para apresentar a sua gama de produtos na In-cosmetics Global 2023\"}]},{\"@type\":\"WebSite\",\"@id\":\"https:\\\/\\\/www.barcelonesa.com\\\/pt-pt\\\/#website\",\"url\":\"https:\\\/\\\/www.barcelonesa.com\\\/pt-pt\\\/\",\"name\":\"Barcelonesa\",\"description\":\"Tu partner global de productos y especialidades qu\u00edmicas, est\u00e9s donde est\u00e9s.\",\"publisher\":{\"@id\":\"https:\\\/\\\/www.barcelonesa.com\\\/pt-pt\\\/#organization\"},\"potentialAction\":[{\"@type\":\"SearchAction\",\"target\":{\"@type\":\"EntryPoint\",\"urlTemplate\":\"https:\\\/\\\/www.barcelonesa.com\\\/pt-pt\\\/?s={search_term_string}\"},\"query-input\":{\"@type\":\"PropertyValueSpecification\",\"valueRequired\":true,\"valueName\":\"search_term_string\"}}],\"inLanguage\":\"pt-PT\"},{\"@type\":\"Organization\",\"@id\":\"https:\\\/\\\/www.barcelonesa.com\\\/pt-pt\\\/#organization\",\"name\":\"Barcelonesa\",\"url\":\"https:\\\/\\\/www.barcelonesa.com\\\/pt-pt\\\/\",\"logo\":{\"@type\":\"ImageObject\",\"inLanguage\":\"pt-PT\",\"@id\":\"https:\\\/\\\/www.barcelonesa.com\\\/pt-pt\\\/#\\\/schema\\\/logo\\\/image\\\/\",\"url\":\"https:\\\/\\\/www.barcelonesa.com\\\/wp-content\\\/uploads\\\/2023\\\/09\\\/logo_header.svg\",\"contentUrl\":\"https:\\\/\\\/www.barcelonesa.com\\\/wp-content\\\/uploads\\\/2023\\\/09\\\/logo_header.svg\",\"width\":230,\"height\":44,\"caption\":\"Barcelonesa\"},\"image\":{\"@id\":\"https:\\\/\\\/www.barcelonesa.com\\\/pt-pt\\\/#\\\/schema\\\/logo\\\/image\\\/\"},\"sameAs\":[\"https:\\\/\\\/www.linkedin.com\\\/company\\\/barcelonesa-chemicals\"]},{\"@type\":\"Person\",\"@id\":\"https:\\\/\\\/www.barcelonesa.com\\\/pt-pt\\\/#\\\/schema\\\/person\\\/82f9fae0b3816b103d36cce5a5b81f8e\",\"name\":\"Barcelonesa\",\"image\":{\"@type\":\"ImageObject\",\"inLanguage\":\"pt-PT\",\"@id\":\"https:\\\/\\\/www.barcelonesa.com\\\/wp-content\\\/uploads\\\/2023\\\/11\\\/B-Simbolo-Green-2-96x96.png\",\"url\":\"https:\\\/\\\/www.barcelonesa.com\\\/wp-content\\\/uploads\\\/2023\\\/11\\\/B-Simbolo-Green-2-96x96.png\",\"contentUrl\":\"https:\\\/\\\/www.barcelonesa.com\\\/wp-content\\\/uploads\\\/2023\\\/11\\\/B-Simbolo-Green-2-96x96.png\",\"caption\":\"Barcelonesa\"},\"url\":\"https:\\\/\\\/www.barcelonesa.com\\\/pt-pt\\\/author\\\/barcelonesa\\\/\"}]}<\/script>\n<!-- \/ Yoast SEO plugin. -->","yoast_head_json":{"title":"Divis\u00e3o Personal Care para apresentar a sua gama de produtos na In-cosmetics Global 2023 - Barcelonesa","robots":{"index":"index","follow":"follow","max-snippet":"max-snippet:-1","max-image-preview":"max-image-preview:large","max-video-preview":"max-video-preview:-1"},"canonical":"https:\/\/www.barcelonesa.com\/pt-pt\/blog\/divisao-personal-care-apresentar-sua-gama-de-produtos-na-in-cosmetics-global-2023\/","og_locale":"pt_PT","og_type":"article","og_title":"Divis\u00e3o Personal Care para apresentar a sua gama de produtos na In-cosmetics Global 2023 - Barcelonesa","og_description":"A divis\u00e3o Personal Care da Barcelonesa estar\u00e1 presente com o seu pr\u00f3prio stand na feira mundial In-cosmetics Global 2023 que ter\u00e1 lugar em Barcelona nos dias 28, 29 e 30 de Mar\u00e7o. Esta feira \u00e9 um dos mais importantes eventos internacionais da ind\u00fastria de cosm\u00e9ticos e cuidados pessoais, reunindo especialistas e profissionais para conhecer novos [&hellip;]","og_url":"https:\/\/www.barcelonesa.com\/pt-pt\/blog\/divisao-personal-care-apresentar-sua-gama-de-produtos-na-in-cosmetics-global-2023\/","og_site_name":"Barcelonesa","article_published_time":"2023-02-27T12:05:44+00:00","article_modified_time":"2023-02-27T17:44:51+00:00","og_image":[{"width":1200,"height":625,"url":"https:\/\/www.barcelonesa.com\/wp-content\/uploads\/2023\/02\/header-blog-incos.png","type":"image\/png"}],"author":"Barcelonesa","twitter_card":"summary_large_image","twitter_misc":{"Escrito por":"Barcelonesa","Tempo estimado de leitura":"1 minuto"},"schema":{"@context":"https:\/\/schema.org","@graph":[{"@type":"Article","@id":"https:\/\/www.barcelonesa.com\/pt-pt\/blog\/divisao-personal-care-apresentar-sua-gama-de-produtos-na-in-cosmetics-global-2023\/#article","isPartOf":{"@id":"https:\/\/www.barcelonesa.com\/pt-pt\/blog\/divisao-personal-care-apresentar-sua-gama-de-produtos-na-in-cosmetics-global-2023\/"},"author":{"name":"Barcelonesa","@id":"https:\/\/www.barcelonesa.com\/pt-pt\/#\/schema\/person\/82f9fae0b3816b103d36cce5a5b81f8e"},"headline":"Divis\u00e3o Personal Care para apresentar a sua gama de produtos na In-cosmetics Global 2023","datePublished":"2023-02-27T12:05:44+00:00","dateModified":"2023-02-27T17:44:51+00:00","mainEntityOfPage":{"@id":"https:\/\/www.barcelonesa.com\/pt-pt\/blog\/divisao-personal-care-apresentar-sua-gama-de-produtos-na-in-cosmetics-global-2023\/"},"wordCount":248,"publisher":{"@id":"https:\/\/www.barcelonesa.com\/pt-pt\/#organization"},"image":{"@id":"https:\/\/www.barcelonesa.com\/pt-pt\/blog\/divisao-personal-care-apresentar-sua-gama-de-produtos-na-in-cosmetics-global-2023\/#primaryimage"},"thumbnailUrl":"https:\/\/www.barcelonesa.com\/wp-content\/uploads\/2023\/02\/header-blog-incos.png","articleSection":["Cosm\u00e9tica"],"inLanguage":"pt-PT"},{"@type":"WebPage","@id":"https:\/\/www.barcelonesa.com\/pt-pt\/blog\/divisao-personal-care-apresentar-sua-gama-de-produtos-na-in-cosmetics-global-2023\/","url":"https:\/\/www.barcelonesa.com\/pt-pt\/blog\/divisao-personal-care-apresentar-sua-gama-de-produtos-na-in-cosmetics-global-2023\/","name":"Divis\u00e3o Personal Care para apresentar a sua gama de produtos na In-cosmetics Global 2023 - Barcelonesa","isPartOf":{"@id":"https:\/\/www.barcelonesa.com\/pt-pt\/#website"},"primaryImageOfPage":{"@id":"https:\/\/www.barcelonesa.com\/pt-pt\/blog\/divisao-personal-care-apresentar-sua-gama-de-produtos-na-in-cosmetics-global-2023\/#primaryimage"},"image":{"@id":"https:\/\/www.barcelonesa.com\/pt-pt\/blog\/divisao-personal-care-apresentar-sua-gama-de-produtos-na-in-cosmetics-global-2023\/#primaryimage"},"thumbnailUrl":"https:\/\/www.barcelonesa.com\/wp-content\/uploads\/2023\/02\/header-blog-incos.png","datePublished":"2023-02-27T12:05:44+00:00","dateModified":"2023-02-27T17:44:51+00:00","breadcrumb":{"@id":"https:\/\/www.barcelonesa.com\/pt-pt\/blog\/divisao-personal-care-apresentar-sua-gama-de-produtos-na-in-cosmetics-global-2023\/#breadcrumb"},"inLanguage":"pt-PT","potentialAction":[{"@type":"ReadAction","target":["https:\/\/www.barcelonesa.com\/pt-pt\/blog\/divisao-personal-care-apresentar-sua-gama-de-produtos-na-in-cosmetics-global-2023\/"]}]},{"@type":"ImageObject","inLanguage":"pt-PT","@id":"https:\/\/www.barcelonesa.com\/pt-pt\/blog\/divisao-personal-care-apresentar-sua-gama-de-produtos-na-in-cosmetics-global-2023\/#primaryimage","url":"https:\/\/www.barcelonesa.com\/wp-content\/uploads\/2023\/02\/header-blog-incos.png","contentUrl":"https:\/\/www.barcelonesa.com\/wp-content\/uploads\/2023\/02\/header-blog-incos.png","width":1200,"height":625},{"@type":"BreadcrumbList","@id":"https:\/\/www.barcelonesa.com\/pt-pt\/blog\/divisao-personal-care-apresentar-sua-gama-de-produtos-na-in-cosmetics-global-2023\/#breadcrumb","itemListElement":[{"@type":"ListItem","position":1,"name":"Home","item":"https:\/\/www.barcelonesa.com\/pt-pt\/"},{"@type":"ListItem","position":2,"name":"Divis\u00e3o Personal Care para apresentar a sua gama de produtos na In-cosmetics Global 2023"}]},{"@type":"WebSite","@id":"https:\/\/www.barcelonesa.com\/pt-pt\/#website","url":"https:\/\/www.barcelonesa.com\/pt-pt\/","name":"Barcelonesa","description":"Tu partner global de productos y especialidades qu\u00edmicas, est\u00e9s donde est\u00e9s.","publisher":{"@id":"https:\/\/www.barcelonesa.com\/pt-pt\/#organization"},"potentialAction":[{"@type":"SearchAction","target":{"@type":"EntryPoint","urlTemplate":"https:\/\/www.barcelonesa.com\/pt-pt\/?s={search_term_string}"},"query-input":{"@type":"PropertyValueSpecification","valueRequired":true,"valueName":"search_term_string"}}],"inLanguage":"pt-PT"},{"@type":"Organization","@id":"https:\/\/www.barcelonesa.com\/pt-pt\/#organization","name":"Barcelonesa","url":"https:\/\/www.barcelonesa.com\/pt-pt\/","logo":{"@type":"ImageObject","inLanguage":"pt-PT","@id":"https:\/\/www.barcelonesa.com\/pt-pt\/#\/schema\/logo\/image\/","url":"https:\/\/www.barcelonesa.com\/wp-content\/uploads\/2023\/09\/logo_header.svg","contentUrl":"https:\/\/www.barcelonesa.com\/wp-content\/uploads\/2023\/09\/logo_header.svg","width":230,"height":44,"caption":"Barcelonesa"},"image":{"@id":"https:\/\/www.barcelonesa.com\/pt-pt\/#\/schema\/logo\/image\/"},"sameAs":["https:\/\/www.linkedin.com\/company\/barcelonesa-chemicals"]},{"@type":"Person","@id":"https:\/\/www.barcelonesa.com\/pt-pt\/#\/schema\/person\/82f9fae0b3816b103d36cce5a5b81f8e","name":"Barcelonesa","image":{"@type":"ImageObject","inLanguage":"pt-PT","@id":"https:\/\/www.barcelonesa.com\/wp-content\/uploads\/2023\/11\/B-Simbolo-Green-2-96x96.png","url":"https:\/\/www.barcelonesa.com\/wp-content\/uploads\/2023\/11\/B-Simbolo-Green-2-96x96.png","contentUrl":"https:\/\/www.barcelonesa.com\/wp-content\/uploads\/2023\/11\/B-Simbolo-Green-2-96x96.png","caption":"Barcelonesa"},"url":"https:\/\/www.barcelonesa.com\/pt-pt\/author\/barcelonesa\/"}]}},"_links":{"self":[{"href":"https:\/\/www.barcelonesa.com\/pt-pt\/wp-json\/wp\/v2\/posts\/32474","targetHints":{"allow":["GET"]}}],"collection":[{"href":"https:\/\/www.barcelonesa.com\/pt-pt\/wp-json\/wp\/v2\/posts"}],"about":[{"href":"https:\/\/www.barcelonesa.com\/pt-pt\/wp-json\/wp\/v2\/types\/post"}],"author":[{"embeddable":true,"href":"https:\/\/www.barcelonesa.com\/pt-pt\/wp-json\/wp\/v2\/users\/16"}],"replies":[{"embeddable":true,"href":"https:\/\/www.barcelonesa.com\/pt-pt\/wp-json\/wp\/v2\/comments?post=32474"}],"version-history":[{"count":2,"href":"https:\/\/www.barcelonesa.com\/pt-pt\/wp-json\/wp\/v2\/posts\/32474\/revisions"}],"predecessor-version":[{"id":32485,"href":"https:\/\/www.barcelonesa.com\/pt-pt\/wp-json\/wp\/v2\/posts\/32474\/revisions\/32485"}],"wp:featuredmedia":[{"embeddable":true,"href":"https:\/\/www.barcelonesa.com\/pt-pt\/wp-json\/wp\/v2\/media\/32458"}],"wp:attachment":[{"href":"https:\/\/www.barcelonesa.com\/pt-pt\/wp-json\/wp\/v2\/media?parent=32474"}],"wp:term":[{"taxonomy":"category","embeddable":true,"href":"https:\/\/www.barcelonesa.com\/pt-pt\/wp-json\/wp\/v2\/categories?post=32474"},{"taxonomy":"post_tag","embeddable":true,"href":"https:\/\/www.barcelonesa.com\/pt-pt\/wp-json\/wp\/v2\/tags?post=32474"}],"curies":[{"name":"wp","href":"https:\/\/api.w.org\/{rel}","templated":true}]}}